{"id":32049,"date":"2024-12-26T09:28:41","date_gmt":"2024-12-26T08:28:41","guid":{"rendered":"https:\/\/www.iceagetv.com\/radiosite\/?p=32049"},"modified":"2024-12-26T09:28:45","modified_gmt":"2024-12-26T08:28:45","slug":"le-ministre-de-linterieur-recadre-rima-hassan-apres-ses-propos-sur-manuel-valls-il-est-insupportable-de-voir-une-deputee-se-preter-a-ce-genre-dinsultes-aucun-desaccord-politique-ne-peu","status":"publish","type":"post","link":"https:\/\/www.iceagetv.com\/radiosite\/le-ministre-de-linterieur-recadre-rima-hassan-apres-ses-propos-sur-manuel-valls-il-est-insupportable-de-voir-une-deputee-se-preter-a-ce-genre-dinsultes-aucun-desaccord-politique-ne-peu\/","title":{"rendered":"Le Ministre de l&rsquo;Int\u00e9rieur recadre Rima Hassan apr\u00e8s ses propos sur Manuel Valls : \u00ab\u00a0Il est insupportable de voir une d\u00e9put\u00e9e se pr\u00eater \u00e0 ce genre d\u2019insultes. Aucun d\u00e9saccord politique ne peut justifier pareille violence\u00a0\u00bb"},"content":{"rendered":"\n<p class=\"\">Bruno Retailleau a d\u00e9cid\u00e9 de r\u00e9agir et de ne pas laisser passer le comportement indigne de la d\u00e9put\u00e9 Insoumise Rima Hassan apr\u00e8s l&rsquo;incident qui s&rsquo;est produit mardi matin en direct sur France Inter, alors que Manuel Valls \u00e9tait invit\u00e9 de la station publique. L&rsquo;ancien Premier ministre , qui officie d\u00e9sormais comme ministre des Outre-mer, a \u00e9t\u00e9 vivement pris \u00e0 partie, et m\u00eame insult\u00e9 par un auditeur:<\/p>\n\n\n\n<p class=\"\">\u00ab\u00a0Vous devriez avoir honte, vous \u00eates le pire des tra\u00eetres Monsieur Valls, toute la France a honte de votre comportement. Vous \u00eates pire qu&rsquo;un \u00e9tron\u00a0\u00bb.<\/p>\n\n\n\n<p class=\"\">Apr\u00e8s cet incident, Rima Hassan a r\u00e9agi sur les r\u00e9seaux sociaux. Mais surtout, de fa\u00e7on assez surr\u00e9aliste, la d\u00e9put\u00e9e europ\u00e9enne de la France Insoumise a f\u00e9licit\u00e9 cet auditeur pour son interventions et donc ses insultes :<\/p>\n\n\n\n<p class=\"\">\u00ab\u00a0Chaleureux remerciements \u00e0 Jean-No\u00ebl (pr\u00e9nom l&rsquo;auditeur, ndlr)\u00a0\u00bb, a-t-elle \u00e9crit, en relayant la s\u00e9quence.<\/p>\n\n\n\n<p class=\"\">R\u00e9action hier soir du Ministre de l&rsquo;Int\u00e9rieur, Bruno Retailleau :<\/p>\n\n\n\n<p class=\"\">\u00ab\u00a0Il est insupportable de voir une d\u00e9put\u00e9e europ\u00e9enne se pr\u00eater \u00e0 ce genre d\u2019insultes \u00e0 l\u2019\u00e9gard d\u2019un ancien premier ministre de la France. Aucun d\u00e9saccord politique ne peut justifier pareille violence.<\/p>\n\n\n\n<p class=\"\">Sur France Inter, Manuel Valls a \u00e9t\u00e9 invit\u00e9 \u00e0 \u00e9changer avec des auditeurs. Et l&rsquo;un d&rsquo;eux n&rsquo;a pas cach\u00e9 son agacement voire sa haine contre l&rsquo;ancien socialiste :<\/p>\n\n\n\n<p class=\"\">\u00ab\u00a0Bonjour France Inter et merci de me prendre \u00e0 l&rsquo;antenne\u00a0\u00bb, a-t-il d&rsquo;abord d\u00e9clar\u00e9. Avant de poursuivre, tr\u00e8s agac\u00e9: \u00ab\u00a0Je voudrais dire \u00e0 M. Valls qu&rsquo;il a particip\u00e9 sous Hollande \u00e0 la destruction de la gauche, qu&rsquo;il a trahi le Parti socialiste et son candidat Beno\u00eet Hamon, qu&rsquo;il s&rsquo;est exil\u00e9 en Espagne et s&rsquo;est fait jeter, qu&rsquo;il cherche \u00e0 se rallier Macron et il n&rsquo;a pas \u00e9t\u00e9 \u00e9lu\u00a0\u00bb.<\/p>\n\n\n\n<p class=\"\">Et de l\u00e2cher:<\/p>\n\n\n\n<p class=\"\">\u00ab\u00a0Vous devriez avoir honte, vous \u00eates le pire des tra\u00eetres Monsieur Valls, toute la France a honte de votre comportement. Vous \u00eates pire qu&rsquo;un \u00e9tron\u00a0\u00bb.<\/p>\n\n\n\n<p class=\"\">Le pr\u00e9sentateur Simon Le Baron l&rsquo;a alors interrompu: \u00ab\u00a0Jean-No\u00ebl, s&rsquo;il vous pla\u00eet, je vous coupe. Les insultes n&rsquo;ont pas leur place sur cette antenne. Par ailleurs, ce n&rsquo;\u00e9tait pas la question qui \u00e9tait pr\u00e9vue puisqu&rsquo;il y a, comme vous le savez, un filtrage au standard de France Inter et les auditeurs proposent leurs questions que nous prenons ensuite \u00e0 l&rsquo;antenne. Jean-No\u00ebl, vous n&rsquo;aviez pas pr\u00e9vu de dire cela et l&rsquo;on peut se parler sans se mentir et s&rsquo;insulter\u00a0\u00bb.<\/p>\n","protected":false},"excerpt":{"rendered":"<p>Bruno Retailleau a d\u00e9cid\u00e9 de r\u00e9agir et de ne pas laisser passer le comportement indigne de la d\u00e9put\u00e9 Insoumise Rima Hassan apr\u00e8s l&rsquo;incident qui s&rsquo;est produit mardi matin en direct sur France Inter, alors que Manuel Valls \u00e9tait invit\u00e9 de la station publique. L&rsquo;ancien Premier ministre , qui officie d\u00e9sormais comme ministre des Outre-mer, a [&hellip;]<\/p>\n","protected":false},"author":2,"featured_media":32050,"comment_status":"open","ping_status":"open","sticky":false,"template":"","format":"standard","meta":{"_jetpack_memberships_contains_paid_content":false,"footnotes":"","jetpack_publicize_message":"","jetpack_publicize_feature_enabled":true,"jetpack_social_post_already_shared":false,"jetpack_social_options":{"image_generator_settings":{"template":"highway","enabled":true,"token":"eyJpbWciOiJodHRwczpcL1wvd3d3LmljZWFnZXR2LmNvbVwvcmFkaW9zaXRlXC93cC1jb250ZW50XC91cGxvYWRzXC8yMDI0XC8xMlwvdm5hQkZzWkIuanBnIiwidHh0IjoiTGUgTWluaXN0cmUgZGUgbCYjODIxNztJbnRcdTAwZTlyaWV1ciByZWNhZHJlIFJpbWEgSGFzc2FuIGFwclx1MDBlOHMgc2VzIHByb3BvcyBzdXIgTWFudWVsIFZhbGxzIDogJiM4MjIwO0lsIGVzdCBpbnN1cHBvcnRhYmxlIGRlIHZvaXIgdW5lIGRcdTAwZTlwdXRcdTAwZTllIHNlIHByXHUwMGVhdGVyIFx1MDBlMCBjZSBnZW5yZSBkXHUyMDE5aW5zdWx0ZXMuIEF1Y3VuIGRcdTAwZTlzYWNjb3JkIHBvbGl0aXF1ZSBuZSBwZXV0IGp1c3RpZmllciBwYXJlaWxsZSB2aW9sZW5jZSYjODIyMTsiLCJ0ZW1wbGF0ZSI6ImhpZ2h3YXkiLCJibG9nX2lkIjoxMTEwMTY0NjF9.ONhzkOx0_teQqrVeW1HYvjTofDD6adfxkWxE5PbDSg0MQ"},"version":2},"_wpas_customize_per_network":false},"categories":[405],"tags":[],"class_list":["post-32049","post","type-post","status-publish","format-standard","has-post-thumbnail","hentry","category-actu-france-monde"],"jetpack_publicize_connections":[],"jetpack_featured_media_url":"https:\/\/i0.wp.com\/www.iceagetv.com\/radiosite\/wp-content\/uploads\/2024\/12\/vnaBFsZB.jpg?fit=679%2C293&ssl=1","jetpack_sharing_enabled":true,"_links":{"self":[{"href":"https:\/\/www.iceagetv.com\/radiosite\/wp-json\/wp\/v2\/posts\/32049","targetHints":{"allow":["GET"]}}],"collection":[{"href":"https:\/\/www.iceagetv.com\/radiosite\/wp-json\/wp\/v2\/posts"}],"about":[{"href":"https:\/\/www.iceagetv.com\/radiosite\/wp-json\/wp\/v2\/types\/post"}],"author":[{"embeddable":true,"href":"https:\/\/www.iceagetv.com\/radiosite\/wp-json\/wp\/v2\/users\/2"}],"replies":[{"embeddable":true,"href":"https:\/\/www.iceagetv.com\/radiosite\/wp-json\/wp\/v2\/comments?post=32049"}],"version-history":[{"count":1,"href":"https:\/\/www.iceagetv.com\/radiosite\/wp-json\/wp\/v2\/posts\/32049\/revisions"}],"predecessor-version":[{"id":32051,"href":"https:\/\/www.iceagetv.com\/radiosite\/wp-json\/wp\/v2\/posts\/32049\/revisions\/32051"}],"wp:featuredmedia":[{"embeddable":true,"href":"https:\/\/www.iceagetv.com\/radiosite\/wp-json\/wp\/v2\/media\/32050"}],"wp:attachment":[{"href":"https:\/\/www.iceagetv.com\/radiosite\/wp-json\/wp\/v2\/media?parent=32049"}],"wp:term":[{"taxonomy":"category","embeddable":true,"href":"https:\/\/www.iceagetv.com\/radiosite\/wp-json\/wp\/v2\/categories?post=32049"},{"taxonomy":"post_tag","embeddable":true,"href":"https:\/\/www.iceagetv.com\/radiosite\/wp-json\/wp\/v2\/tags?post=32049"}],"curies":[{"name":"wp","href":"https:\/\/api.w.org\/{rel}","templated":true}]}}