{"id":32064,"date":"2024-12-27T09:09:06","date_gmt":"2024-12-27T08:09:06","guid":{"rendered":"https:\/\/www.iceagetv.com\/radiosite\/?p=32064"},"modified":"2024-12-27T09:09:09","modified_gmt":"2024-12-27T08:09:09","slug":"nouveau-garde-des-sceaux-gerald-darmanin-a-multiplie-hier-soir-les-annonces-sur-tf1-peines-courtes-effectuees-certaines-gardes-a-vue-devraient-passer-a-72h-enlever-les-portables-en-prison","status":"publish","type":"post","link":"https:\/\/www.iceagetv.com\/radiosite\/nouveau-garde-des-sceaux-gerald-darmanin-a-multiplie-hier-soir-les-annonces-sur-tf1-peines-courtes-effectuees-certaines-gardes-a-vue-devraient-passer-a-72h-enlever-les-portables-en-prison\/","title":{"rendered":"Nouveau Garde des Sceaux, G\u00e9rald Darmanin a multipli\u00e9 hier soir les annonces sur TF1 : Peines courtes effectu\u00e9es, certaines gardes \u00e0 vue devraient passer \u00e0 72h, enlever les portables en prison&#8230;."},"content":{"rendered":"\n<p class=\"\">Il n&rsquo;est pas venu \u00e0 la t\u00e9l\u00e9 pour ne rien dire ! En \u00e9tant invit\u00e9 hier soir du 20h de TF1, le nouveau garde des Sceaux G\u00e9rald Darmanin a fait de nombreuses annonces. Il a ainsi annonc\u00e9 la tenue prochaine d\u2019op\u00e9rations \u00abplace nette\u00bb dans les prisons, \u00e0 l\u2019instar de ce que l\u2019ancien locataire de Beauvau avait instaur\u00e9 sur de nombreux points de deal en France:<\/p>\n\n\n\n<p class=\"\">\u00abIl y a \u00e0 imaginer peut-\u00eatre des op\u00e9rations place nette dans les prisons, c\u2019est ce que je vais demander \u00e0 l\u2019administration p\u00e9nitentiaire, de pouvoir nettoyer. Les gens ne doivent pas avoir de t\u00e9l\u00e9phones portables dans les prisons, il faut continuer \u00e0 \u00eatre tr\u00e8s pr\u00e9sents, \u00e0 emp\u00eacher cela et \u00e0 condamner ceux qu\u2019ils le font.<\/p>\n\n\n\n<p class=\"\">Il faut que nous r\u00e9fl\u00e9chissions tr\u00e8s rapidement \u00e0 des solutions techniques qui nous permettent de passer en brouillage l\u2019int\u00e9gralit\u00e9 des \u00e9tablissements p\u00e9nitentiaires\u00bb.<\/p>\n\n\n\n<p class=\"\">Selon le ministre de la Justice, \u00abil y a aujourd\u2019hui des d\u00e9tenus qui ont des t\u00e9l\u00e9phones portables et continuent leurs trafics, g\u00e8rent leurs points de deal, commandent des assassinats de leur prison, c\u2019est inacceptable\u00bb.<\/p>\n\n\n\n<p class=\"\">G\u00e9rald Darmanin a \u00e9galement dit vouloir que les peines de prison soient \u00abprononc\u00e9es et imm\u00e9diatement ex\u00e9cut\u00e9es\u00bb. \u00abLe probl\u00e8me de la Justice, c\u2019est sa lenteur\u00bb, a d\u00e9clar\u00e9 le ministre d\u2019\u00c9tat.<\/p>\n\n\n\n<p class=\"\">\u00abPourtant les magistrats font un travail formidable. Ils sont les premiers \u00e0 constater que sous le poids de la complexit\u00e9 de la proc\u00e9dure, sous le poids du manque de moyens aussi, ils prennent des d\u00e9cisions un an, deux ans, trois ans apr\u00e8s les faits, et la peine est ex\u00e9cut\u00e9e parfois un an, deux ans, trois ans apr\u00e8s l\u2019avoir prononc\u00e9e\u00bb.<\/p>\n\n\n\n<p class=\"\">Le garde des Sceaux veut imaginer \u00ab\u00a0des centres de d\u00e9tention \u00e0 taille plus humaine, avec des gens qui font quelques mois de condamnation, et qu\u2019on ne les m\u00e9lange pas avec des gens qui font 15 ans pour des peines plus graves\u00a0\u00bb.<\/p>\n\n\n\n<p class=\"\">De plus, dans le cas des violences sexuelles aggrav\u00e9es et f\u00e9minicides, il souhaite \u00ab\u00a0que les gardes \u00e0 vue puissent aller jusqu\u2019\u00e0 72 heures. Aujourd\u2019hui, c\u2019est 48 heures\u00a0\u00bb.<\/p>\n\n\n\n<p class=\"\">Ce nouveau d\u00e9lai permettrait de \u00abmettre en protection la femme qui a \u00e9t\u00e9 menac\u00e9e, violent\u00e9e et agress\u00e9e. Cela permet de faire les constatations et d\u2019interroger plus longuement la personne.<\/p>\n","protected":false},"excerpt":{"rendered":"<p>Il n&rsquo;est pas venu \u00e0 la t\u00e9l\u00e9 pour ne rien dire ! En \u00e9tant invit\u00e9 hier soir du 20h de TF1, le nouveau garde des Sceaux G\u00e9rald Darmanin a fait de nombreuses annonces. Il a ainsi annonc\u00e9 la tenue prochaine d\u2019op\u00e9rations \u00abplace nette\u00bb dans les prisons, \u00e0 l\u2019instar de ce que l\u2019ancien locataire de Beauvau [&hellip;]<\/p>\n","protected":false},"author":2,"featured_media":32066,"comment_status":"open","ping_status":"open","sticky":false,"template":"","format":"standard","meta":{"_jetpack_memberships_contains_paid_content":false,"footnotes":"","jetpack_publicize_message":"","jetpack_publicize_feature_enabled":true,"jetpack_social_post_already_shared":true,"jetpack_social_options":{"image_generator_settings":{"template":"highway","enabled":true,"token":"eyJpbWciOiJodHRwczpcL1wvd3d3LmljZWFnZXR2LmNvbVwvcmFkaW9zaXRlXC93cC1jb250ZW50XC91cGxvYWRzXC8yMDI0XC8xMlwvcDBDVnF4TFguanBnIiwidHh0IjoiTm91dmVhdSBHYXJkZSBkZXMgU2NlYXV4LCBHXHUwMGU5cmFsZCBEYXJtYW5pbiBhIG11bHRpcGxpXHUwMGU5IGhpZXIgc29pciBsZXMgYW5ub25jZXMgc3VyIFRGMSA6IFBlaW5lcyBjb3VydGVzIGVmZmVjdHVcdTAwZTllcywgY2VydGFpbmVzIGdhcmRlcyBcdTAwZTAgdnVlIGRldnJhaWVudCBwYXNzZXIgXHUwMGUwIDcyaCwgZW5sZXZlciBsZXMgcG9ydGFibGVzIGVuIHByaXNvbiYjODIzMDsuIiwidGVtcGxhdGUiOiJoaWdod2F5IiwiYmxvZ19pZCI6MTExMDE2NDYxfQ.szEqvOeCGuWv8TRqfZx0jW6Wj7u8fYGhNMd2jNahLH0MQ"},"version":2},"_wpas_customize_per_network":false},"categories":[405],"tags":[],"class_list":["post-32064","post","type-post","status-publish","format-standard","has-post-thumbnail","hentry","category-actu-france-monde"],"jetpack_publicize_connections":[],"jetpack_featured_media_url":"https:\/\/i0.wp.com\/www.iceagetv.com\/radiosite\/wp-content\/uploads\/2024\/12\/p0CVqxLX.jpg?fit=679%2C293&ssl=1","jetpack_sharing_enabled":true,"_links":{"self":[{"href":"https:\/\/www.iceagetv.com\/radiosite\/wp-json\/wp\/v2\/posts\/32064","targetHints":{"allow":["GET"]}}],"collection":[{"href":"https:\/\/www.iceagetv.com\/radiosite\/wp-json\/wp\/v2\/posts"}],"about":[{"href":"https:\/\/www.iceagetv.com\/radiosite\/wp-json\/wp\/v2\/types\/post"}],"author":[{"embeddable":true,"href":"https:\/\/www.iceagetv.com\/radiosite\/wp-json\/wp\/v2\/users\/2"}],"replies":[{"embeddable":true,"href":"https:\/\/www.iceagetv.com\/radiosite\/wp-json\/wp\/v2\/comments?post=32064"}],"version-history":[{"count":1,"href":"https:\/\/www.iceagetv.com\/radiosite\/wp-json\/wp\/v2\/posts\/32064\/revisions"}],"predecessor-version":[{"id":32067,"href":"https:\/\/www.iceagetv.com\/radiosite\/wp-json\/wp\/v2\/posts\/32064\/revisions\/32067"}],"wp:featuredmedia":[{"embeddable":true,"href":"https:\/\/www.iceagetv.com\/radiosite\/wp-json\/wp\/v2\/media\/32066"}],"wp:attachment":[{"href":"https:\/\/www.iceagetv.com\/radiosite\/wp-json\/wp\/v2\/media?parent=32064"}],"wp:term":[{"taxonomy":"category","embeddable":true,"href":"https:\/\/www.iceagetv.com\/radiosite\/wp-json\/wp\/v2\/categories?post=32064"},{"taxonomy":"post_tag","embeddable":true,"href":"https:\/\/www.iceagetv.com\/radiosite\/wp-json\/wp\/v2\/tags?post=32064"}],"curies":[{"name":"wp","href":"https:\/\/api.w.org\/{rel}","templated":true}]}}