{"id":32073,"date":"2024-12-27T14:01:45","date_gmt":"2024-12-27T13:01:45","guid":{"rendered":"https:\/\/www.iceagetv.com\/radiosite\/?p=32073"},"modified":"2024-12-27T14:01:48","modified_gmt":"2024-12-27T13:01:48","slug":"la-prefecture-de-la-savoie-lance-un-appel-a-la-vigilance-en-montagne-apres-plusieurs-accidents-lies-a-des-avalanches-dans-les-massifs-du-departement-dont-une-a-tue-un-skieur-de-13-ans","status":"publish","type":"post","link":"https:\/\/www.iceagetv.com\/radiosite\/la-prefecture-de-la-savoie-lance-un-appel-a-la-vigilance-en-montagne-apres-plusieurs-accidents-lies-a-des-avalanches-dans-les-massifs-du-departement-dont-une-a-tue-un-skieur-de-13-ans\/","title":{"rendered":"La pr\u00e9fecture de la Savoie lance un appel \u00e0 la vigilance en montagne apr\u00e8s plusieurs accidents li\u00e9s \u00e0 des avalanches dans les massifs du d\u00e9partement, dont une a tu\u00e9 un skieur de 13 ans"},"content":{"rendered":"\n<p class=\"\">La pr\u00e9fecture de la Savoie a lanc\u00e9 un appel \u00e0 la vigilance en montagne apr\u00e8s plusieurs accidents li\u00e9s \u00e0 des avalanches dans les massifs du d\u00e9partement, dont une a tu\u00e9 un skieur de 13 ans.<\/p>\n\n\n\n<p class=\"\">\u00ab\u00a0Des quantit\u00e9s de neige remarquables accompagn\u00e9es de vents forts ont r\u00e9cemment touch\u00e9 les massifs savoyards d\u00e8s la moyenne montagne, augmentant significativement le risque d\u2019avalanches\u00a0\u00bb, explique la pr\u00e9fecture dans un communiqu\u00e9.<\/p>\n\n\n\n<p class=\"\">Pr\u00e9sent \u00ab\u00a0\u00e0 toutes les altitudes et \u00e0 toutes les orientations\u00a0\u00bb, le risque avalanche \u00ab\u00a0reste marqu\u00e9\u00a0\u00bb(3\/5) jeudi dans les massifs du Beaufortain, Vanoise, Maurienne, Haute-Maurienne et Haute-Tarentaise, pouvant provoquer des \u00ab\u00a0d\u00e9parts d&rsquo;avalanches spontan\u00e9s\u00a0\u00bb, est-il d\u00e9taill\u00e9.<\/p>\n\n\n\n<p class=\"\">Sur la derni\u00e8re saison, trois accidents d&rsquo;avalanches sur quatre ont eu lieu \u00ab\u00a0en p\u00e9riode de risque marqu\u00e9\u00a0\u00bb, souligne encore la pr\u00e9fecture, appelant le public \u00e0 prendre \u00ab\u00a0toutes les pr\u00e9cautions n\u00e9cessaires\u00a0\u00bb et \u00e0 suivre les conseils de professionnels.<\/p>\n\n\n\n<p class=\"\">Mercredi, outre l&rsquo;avalanche mortelle, qui a eu lieu hors piste sur le domaine des Arcs dans le secteur de l&rsquo;Aiguille rouge, la Savoie a d\u00e9plor\u00e9 trois autres coul\u00e9es de neige qui ont fait trois bless\u00e9s au total, selon la m\u00eame source.<\/p>\n\n\n\n<p class=\"\">Lundi, toujours en Savoie, deux adolescents de 12 et 17 ans, qui skiaient hors-piste avec leur p\u00e8re \u00e0 Val d&rsquo;Is\u00e8re, ont \u00e9t\u00e9 aussi emport\u00e9s et bless\u00e9s par une avalanche.<\/p>\n\n\n\n<p class=\"\">Le m\u00eame jour, de l&rsquo;autre c\u00f4t\u00e9 de la fronti\u00e8re, dans les Alpes suisses, la snowboardeuse helv\u00e8te Sophie Hediger, qui compte deux podiums en Coupe du monde et avait particip\u00e9 aux JO-2022, est d\u00e9c\u00e9d\u00e9e dans une avalanche alors qu&rsquo;elle faisait du hors-piste.<\/p>\n\n\n\n<p class=\"\">Ces derniers jours, les Alpes du Nord ont enregistr\u00e9 40 \u00e0 70 cm de neige d\u00e8s 1.500 m\u00e8tres, et 60 cm \u00e0 1 m\u00e8tre sur la plupart des massifs. D\u00e8s 500 m\u00e8tres d&rsquo;altitude, la neige est pr\u00e9sente de la Haute-Savoie aux Hautes-Alpes, selon M\u00e9t\u00e9o France.<\/p>\n\n\n\n<p class=\"\">Depuis le d\u00e9but de l&rsquo;ann\u00e9e, au moins 14 personnes ont trouv\u00e9 la mort en France dans des avalanches, selon l&rsquo;Association Nationale pour l&rsquo;Etude de la Neige et des Avalanches (ANENA).<\/p>\n","protected":false},"excerpt":{"rendered":"<p>La pr\u00e9fecture de la Savoie a lanc\u00e9 un appel \u00e0 la vigilance en montagne apr\u00e8s plusieurs accidents li\u00e9s \u00e0 des avalanches dans les massifs du d\u00e9partement, dont une a tu\u00e9 un skieur de 13 ans. \u00ab\u00a0Des quantit\u00e9s de neige remarquables accompagn\u00e9es de vents forts ont r\u00e9cemment touch\u00e9 les massifs savoyards d\u00e8s la moyenne montagne, augmentant [&hellip;]<\/p>\n","protected":false},"author":2,"featured_media":32074,"comment_status":"open","ping_status":"open","sticky":false,"template":"","format":"standard","meta":{"_jetpack_memberships_contains_paid_content":false,"footnotes":"","jetpack_publicize_message":"","jetpack_publicize_feature_enabled":true,"jetpack_social_post_already_shared":true,"jetpack_social_options":{"image_generator_settings":{"template":"highway","enabled":true,"token":"eyJpbWciOiJodHRwczpcL1wvd3d3LmljZWFnZXR2LmNvbVwvcmFkaW9zaXRlXC93cC1jb250ZW50XC91cGxvYWRzXC8yMDI0XC8xMlwvZ3pISFZFU04uanBnIiwidHh0IjoiTGEgcHJcdTAwZTlmZWN0dXJlIGRlIGxhIFNhdm9pZSBsYW5jZSB1biBhcHBlbCBcdTAwZTAgbGEgdmlnaWxhbmNlIGVuIG1vbnRhZ25lIGFwclx1MDBlOHMgcGx1c2lldXJzIGFjY2lkZW50cyBsaVx1MDBlOXMgXHUwMGUwIGRlcyBhdmFsYW5jaGVzIGRhbnMgbGVzIG1hc3NpZnMgZHUgZFx1MDBlOXBhcnRlbWVudCwgZG9udCB1bmUgYSB0dVx1MDBlOSB1biBza2lldXIgZGUgMTMgYW5zIiwidGVtcGxhdGUiOiJoaWdod2F5IiwiYmxvZ19pZCI6MTExMDE2NDYxfQ.GCHKS71ziRQWJf8FLAjdR73tFkDDh26K5145vB1z_ZwMQ"},"version":2},"_wpas_customize_per_network":false},"categories":[405],"tags":[],"class_list":["post-32073","post","type-post","status-publish","format-standard","has-post-thumbnail","hentry","category-actu-france-monde"],"jetpack_publicize_connections":[],"jetpack_featured_media_url":"https:\/\/i0.wp.com\/www.iceagetv.com\/radiosite\/wp-content\/uploads\/2024\/12\/gzHHVESN.jpg?fit=679%2C293&ssl=1","jetpack_sharing_enabled":true,"_links":{"self":[{"href":"https:\/\/www.iceagetv.com\/radiosite\/wp-json\/wp\/v2\/posts\/32073","targetHints":{"allow":["GET"]}}],"collection":[{"href":"https:\/\/www.iceagetv.com\/radiosite\/wp-json\/wp\/v2\/posts"}],"about":[{"href":"https:\/\/www.iceagetv.com\/radiosite\/wp-json\/wp\/v2\/types\/post"}],"author":[{"embeddable":true,"href":"https:\/\/www.iceagetv.com\/radiosite\/wp-json\/wp\/v2\/users\/2"}],"replies":[{"embeddable":true,"href":"https:\/\/www.iceagetv.com\/radiosite\/wp-json\/wp\/v2\/comments?post=32073"}],"version-history":[{"count":1,"href":"https:\/\/www.iceagetv.com\/radiosite\/wp-json\/wp\/v2\/posts\/32073\/revisions"}],"predecessor-version":[{"id":32075,"href":"https:\/\/www.iceagetv.com\/radiosite\/wp-json\/wp\/v2\/posts\/32073\/revisions\/32075"}],"wp:featuredmedia":[{"embeddable":true,"href":"https:\/\/www.iceagetv.com\/radiosite\/wp-json\/wp\/v2\/media\/32074"}],"wp:attachment":[{"href":"https:\/\/www.iceagetv.com\/radiosite\/wp-json\/wp\/v2\/media?parent=32073"}],"wp:term":[{"taxonomy":"category","embeddable":true,"href":"https:\/\/www.iceagetv.com\/radiosite\/wp-json\/wp\/v2\/categories?post=32073"},{"taxonomy":"post_tag","embeddable":true,"href":"https:\/\/www.iceagetv.com\/radiosite\/wp-json\/wp\/v2\/tags?post=32073"}],"curies":[{"name":"wp","href":"https:\/\/api.w.org\/{rel}","templated":true}]}}