{"id":32089,"date":"2024-12-28T13:03:03","date_gmt":"2024-12-28T12:03:03","guid":{"rendered":"https:\/\/www.iceagetv.com\/radiosite\/?p=32089"},"modified":"2024-12-28T13:03:07","modified_gmt":"2024-12-28T12:03:07","slug":"electricite-les-tarifs-devraient-baisser-de-14-pour-les-particuliers-au-1er-fevrier-2025","status":"publish","type":"post","link":"https:\/\/www.iceagetv.com\/radiosite\/electricite-les-tarifs-devraient-baisser-de-14-pour-les-particuliers-au-1er-fevrier-2025\/","title":{"rendered":"\u00c9lectricit\u00e9 : les tarifs devraient baisser de 14% pour les particuliers au 1er f\u00e9vrier 2025"},"content":{"rendered":"\n<p class=\"\">Le bouclier tarifaire sur&nbsp;<a href=\"https:\/\/actu.fr\/tag\/electricite\">l\u2019\u00e9lectricit\u00e9<\/a>&nbsp;va prendre fin au 1er f\u00e9vrier,<a href=\"https:\/\/actu.fr\/economie\/le-gouvernement-veut-doubler-la-taxe-sur-lelectricite-quel-impact-sur-vos-factures_61698993.html\">&nbsp;mais sans la hausse de taxe initialement pr\u00e9vue par le gouvernement<\/a>, selon un arr\u00eat\u00e9 publi\u00e9 samedi, permettant une baisse attendue de 14% du tarif r\u00e9glement\u00e9 pour les particuliers selon le gouvernement.<\/p>\n\n\n\n<p class=\"\">L\u2019arr\u00eat\u00e9 stipule que la taxe (accise) remontera m\u00e9caniquement au 1er f\u00e9vrier \u00e0 son niveau d\u2019avant-crise, relev\u00e9 de l\u2019inflation, soit 33,70 euros par m\u00e9gawattheure pour les particuliers contre 22 actuellement, mais sans hausse suppl\u00e9mentaire, permettant donc au tarif r\u00e9glement\u00e9 de r\u00e9percuter la baisse des prix du march\u00e9 international.Marche arri\u00e8re du gouvernement<\/p>\n\n\n\n<p class=\"\">Le projet de budget initial pr\u00e9sent\u00e9 par Michel Barnier pr\u00e9voyait de relever cette taxe pour obtenir 3,4 milliards d\u2019euros afin de combler le d\u00e9ficit public, ce qui aurait eu pour cons\u00e9quence de limiter la baisse de la facture des m\u00e9nages \u00e0 9%.<\/p>\n\n\n\n<p class=\"\">Cette mesure phare du projet de loi de finance avait \u00e9t\u00e9 contest\u00e9e avec force au Parlement aussi bien par le RN que par LFI et des voix LR, craignant pour la facture des usagers. Dans une ultime concession pour \u00e9viter la chute de son gouvernement, Michel Barnier avait renonc\u00e9 \u00e0 cette hausse le 28 novembre, sans toutefois \u00e9viter la censure quelques jours plus tard.56% des abonn\u00e9s en profiteront<\/p>\n\n\n\n<p class=\"\">L\u2019arr\u00eat\u00e9 publi\u00e9 samedi \u00ab&nbsp;porte sur la fin du bouclier tarifaire qui avait \u00e9t\u00e9 mis en place \u00e0 la suite des fortes augmentations li\u00e9es aux tensions sur le march\u00e9 de l\u2019\u00e9lectricit\u00e9 en 2022 et 2023&nbsp;\u00bb, a-t-on expliqu\u00e9 dans l\u2019entourage du ministre de l\u2019Industrie Marc Ferracci, joint par l\u2019AFP.<\/p>\n\n\n\n<blockquote class=\"wp-block-quote is-layout-flow wp-block-quote-is-layout-flow\">\n<p class=\"\">Les augmentations de taxes pr\u00e9vues dans le projet de loi de finances initiale n&rsquo;entrent pas en vigueur et la baisse des prix de l&rsquo;\u00e9lectricit\u00e9 devrait \u00eatre, comme l&rsquo;a annonc\u00e9 le Premier ministre le 28 novembre dernier, de 14 % en 2025.<strong>Entourage du ministre de l&rsquo;Industrie Marc Ferracci<\/strong><\/p>\n<\/blockquote>\n\n\n\n<p class=\"\">Les cours de l\u2019\u00e9lectricit\u00e9 ont fortement reflu\u00e9 sur les march\u00e9s et les 22,4 millions de m\u00e9nages et entreprises en contrat de tarif r\u00e9glement\u00e9 de vente (TRV), soit 56% des abonn\u00e9s, en profiteront donc malgr\u00e9 la fin du bouclier tarifaire.<\/p>\n","protected":false},"excerpt":{"rendered":"<p>Le bouclier tarifaire sur&nbsp;l\u2019\u00e9lectricit\u00e9&nbsp;va prendre fin au 1er f\u00e9vrier,&nbsp;mais sans la hausse de taxe initialement pr\u00e9vue par le gouvernement, selon un arr\u00eat\u00e9 publi\u00e9 samedi, permettant une baisse attendue de 14% du tarif r\u00e9glement\u00e9 pour les particuliers selon le gouvernement. L\u2019arr\u00eat\u00e9 stipule que la taxe (accise) remontera m\u00e9caniquement au 1er f\u00e9vrier \u00e0 son niveau d\u2019avant-crise, relev\u00e9 [&hellip;]<\/p>\n","protected":false},"author":2,"featured_media":32090,"comment_status":"open","ping_status":"open","sticky":false,"template":"","format":"standard","meta":{"_jetpack_memberships_contains_paid_content":false,"footnotes":"","jetpack_publicize_message":"","jetpack_publicize_feature_enabled":true,"jetpack_social_post_already_shared":true,"jetpack_social_options":{"image_generator_settings":{"template":"highway","enabled":true,"token":"eyJpbWciOiJodHRwczpcL1wvd3d3LmljZWFnZXR2LmNvbVwvcmFkaW9zaXRlXC93cC1jb250ZW50XC91cGxvYWRzXC8yMDI0XC8xMlwvNjg4N2I5ZWM2NTg1NjNjODdiOWVjNjU4NWZmODdidi05NjB4NjQwLTEuanBnIiwidHh0IjoiXHUwMGM5bGVjdHJpY2l0XHUwMGU5IDogbGVzIHRhcmlmcyBkZXZyYWllbnQgYmFpc3NlciBkZSAxNCUgcG91ciBsZXMgcGFydGljdWxpZXJzIGF1IDFlciBmXHUwMGU5dnJpZXIgMjAyNSIsInRlbXBsYXRlIjoiaGlnaHdheSIsImJsb2dfaWQiOjExMTAxNjQ2MX0.3VY-6p8ZG6g7qt5aTJ6ZW9mVVrMwJlmacPohN2eupzgMQ"},"version":2},"_wpas_customize_per_network":false},"categories":[405],"tags":[],"class_list":["post-32089","post","type-post","status-publish","format-standard","has-post-thumbnail","hentry","category-actu-france-monde"],"jetpack_publicize_connections":[],"jetpack_featured_media_url":"https:\/\/i0.wp.com\/www.iceagetv.com\/radiosite\/wp-content\/uploads\/2024\/12\/6887b9ec658563c87b9ec6585ff87bv-960x640-1.jpg?fit=960%2C640&ssl=1","jetpack_sharing_enabled":true,"_links":{"self":[{"href":"https:\/\/www.iceagetv.com\/radiosite\/wp-json\/wp\/v2\/posts\/32089","targetHints":{"allow":["GET"]}}],"collection":[{"href":"https:\/\/www.iceagetv.com\/radiosite\/wp-json\/wp\/v2\/posts"}],"about":[{"href":"https:\/\/www.iceagetv.com\/radiosite\/wp-json\/wp\/v2\/types\/post"}],"author":[{"embeddable":true,"href":"https:\/\/www.iceagetv.com\/radiosite\/wp-json\/wp\/v2\/users\/2"}],"replies":[{"embeddable":true,"href":"https:\/\/www.iceagetv.com\/radiosite\/wp-json\/wp\/v2\/comments?post=32089"}],"version-history":[{"count":1,"href":"https:\/\/www.iceagetv.com\/radiosite\/wp-json\/wp\/v2\/posts\/32089\/revisions"}],"predecessor-version":[{"id":32091,"href":"https:\/\/www.iceagetv.com\/radiosite\/wp-json\/wp\/v2\/posts\/32089\/revisions\/32091"}],"wp:featuredmedia":[{"embeddable":true,"href":"https:\/\/www.iceagetv.com\/radiosite\/wp-json\/wp\/v2\/media\/32090"}],"wp:attachment":[{"href":"https:\/\/www.iceagetv.com\/radiosite\/wp-json\/wp\/v2\/media?parent=32089"}],"wp:term":[{"taxonomy":"category","embeddable":true,"href":"https:\/\/www.iceagetv.com\/radiosite\/wp-json\/wp\/v2\/categories?post=32089"},{"taxonomy":"post_tag","embeddable":true,"href":"https:\/\/www.iceagetv.com\/radiosite\/wp-json\/wp\/v2\/tags?post=32089"}],"curies":[{"name":"wp","href":"https:\/\/api.w.org\/{rel}","templated":true}]}}