{"id":32135,"date":"2024-12-29T16:41:12","date_gmt":"2024-12-29T15:41:12","guid":{"rendered":"https:\/\/www.iceagetv.com\/radiosite\/?p=32135"},"modified":"2024-12-29T16:41:16","modified_gmt":"2024-12-29T15:41:16","slug":"alain-delon-patrice-laffont-maite-ces-personnalites-qui-nous-ont-quittes-en-2024","status":"publish","type":"post","link":"https:\/\/www.iceagetv.com\/radiosite\/alain-delon-patrice-laffont-maite-ces-personnalites-qui-nous-ont-quittes-en-2024\/","title":{"rendered":"Alain Delon, Patrice Laffont, Ma\u00eft\u00e9&#8230; Ces personnalit\u00e9s qui nous ont quitt\u00e9s en 2024"},"content":{"rendered":"\n<p class=\"\">D&rsquo;Alain Delon \u00e0 Fran\u00e7oise Hardy, en passant par Bernard Pivot, de nombreuses c\u00e9l\u00e9brit\u00e9s en France et dans le monde ont disparu cette ann\u00e9e. Retour sur ces grands noms qui ont perdu la vie.ls laissent derri\u00e8re eux leurs voix, leurs filmographies et leurs souvenirs. Qu&rsquo;ils soient chanteurs, com\u00e9diens, journalistes ou de tout autre horizon, ces grandes personnalit\u00e9s nous ont quitt\u00e9es en 2024.&nbsp;<strong>Purem\u00e9dias<\/strong>&nbsp;salue leur m\u00e9moire \u00e0 travers cette triste r\u00e9trospective.<\/p>\n\n\n\n<p class=\"\"><strong>Fr\u00e9d\u00e9ric Mitterrand, l&rsquo;\u00e9lectron libre inclassable<\/strong><\/p>\n\n\n\n<p class=\"\">De la t\u00e9l\u00e9vision au gouvernement, Fr\u00e9d\u00e9ric Mitterrand aura emprunt\u00e9 une trajectoire des plus singuli\u00e8res avant\u00a0<a href=\"https:\/\/www.ozap.com\/actu\/mort-de-frederic-mitterrand-ancien-ministre-de-la-culture-a-l-age-de-76-ans\/600749\">sa disparition le jeudi 21 mars, \u00e0 l&rsquo;\u00e2ge de 76 ans<\/a>, des suites d&rsquo;un \u00ab\u00a0cancer agressif\u00a0\u00bb. Homme aux mille vies, le neveu de l&rsquo;ancien pr\u00e9sident de la R\u00e9publique Fran\u00e7ois Mitterrand s&rsquo;est d&rsquo;abord fait conna\u00eetre comme animateur pour TF1, o\u00f9 il pr\u00e9sente une \u00e9mission de cin\u00e9ma \u00ab\u00a0\u00c9toiles et toiles\u00a0\u00bb (1981-1986). Mais c&rsquo;est sur Antenne 2 que ce conteur hors-pair narre avec son phras\u00e9 inimitable les destins des stars du septi\u00e8me art ou des monarchies de ce monde dans plusieurs rendez-vous tout au long des ann\u00e9es 90. C&rsquo;\u00e9tait avant que le dandy touche \u00e0 tout plonge dans une nouvelle vie : celle de la politique avec comme prise le minist\u00e8re de la Culture et de la Communication sous la pr\u00e9sidence de Nicolas Sarkozy en 2009.<strong>Bernard Pivot, fermeture des guillemets<\/strong><\/p>\n\n\n\n<p class=\"\">Pendant des d\u00e9cennies, Bernard Pivot a contribu\u00e9 \u00e0 d\u00e9mocratiser la lecture aupr\u00e8s du grand public. Pr\u00e9sentateur d'\u00a0\u00bbApostrophes\u00a0\u00bb ou encore de \u00ab\u00a0Bouillon de culture\u00a0\u00bb,\u00a0<a href=\"https:\/\/www.ozap.com\/actu\/bernard-pivot-bouillon-de-culture-apostrophes-est-mort-a-l-age-de-89-ans\/643809\">l\u2019ex-pr\u00e9sident de l\u2019acad\u00e9mie Goncourt est d\u00e9c\u00e9d\u00e9 \u00e0 l&rsquo;\u00e2ge de 89 ans<\/a>, \u00e0 Neuilly-sur-Seine, le 6 mai dernier. Atteint par la maladie, l&rsquo;homme de lettres s&rsquo;\u00e9tait retir\u00e9 de la t\u00e9l\u00e9vision en avril 2023 apr\u00e8s 25 ans d&rsquo;\u00e9missions culturelles en direct et presque autant de dict\u00e9es. C&rsquo;est un vendredi de janvier 1975 que ce fils d&rsquo;\u00e9picier lyonnais s&rsquo;invite dans le salon des Fran\u00e7ais avec la premi\u00e8re des 724 \u00e9missions d'\u00a0\u00bbApostrophes\u00a0\u00bb. Le rendez-vous, r\u00e9f\u00e9rence en mati\u00e8re de culture sur le petit \u00e9cran, parvient \u00e0 s\u00e9duire<strong>\u00a0<\/strong>2 \u00e0 3 millions de t\u00e9l\u00e9spectateurs, fascin\u00e9 par la gourmandise des mots du journaliste chaque semaine pendant 15 ans. Et ce m\u00eame si sa plus grande fiert\u00e9 restera d&rsquo;\u00eatre entr\u00e9 dans le Larousse.<a href=\"https:\/\/www.ozap.com\/actu\/francoise-hardy-est-morte-a-l-age-de-80-ans\/626903\">Une ic\u00f4ne des 80&rsquo;s s&rsquo;en est all\u00e9e<\/a>&nbsp;le 12 juin dernier en la personne de Francoise Hardy. Et personne n\u2019a su comment lui dire adieu, elle qui d\u00e9fendait ardemment l\u2019euthanasie alors qu\u2019elle luttait depuis des ann\u00e9es contre un cancer lymphatique. Les m\u00e9lodies inoubliables de \u00ab\u00a0Tous les gar\u00e7ons et les filles\u00a0\u00bb ou de \u00ab\u00a0Message personnel\u00a0\u00bb resteront en t\u00eate, tout comme sa voix intimiste et son \u00e9tiquette d&rsquo;\u00e9l\u00e9gante m\u00e9lancolique qui inspireront tant la nouvelle g\u00e9n\u00e9ration. Sa popularit\u00e9 explosa gr\u00e2ce \u00e0 sa cinqui\u00e8me place au concours de l&rsquo;Eurovision sous les couleurs de la principaut\u00e9 mon\u00e9gasque en 1963, et d\u00e9passa les fronti\u00e8res de l&rsquo;Hexagone. Interviews et couvertures de magazines \u00e0 gogo, cette grande timide for\u00e7a son caract\u00e8re pour devenir l&rsquo;une des figures de la vague y\u00e9y\u00e9 qui d\u00e9ferla sur la sc\u00e8ne musicale.<\/p>\n\n\n\n<p class=\"\"><strong>Shannen Doherty, la Brenda de \u00ab\u00a0Beverly Hills\u00a0\u00bb<\/strong><\/p>\n\n\n\n<p class=\"\">La maladie a \u00e9t\u00e9 plus forte que le courage de Shannen Doherty. Figure glamour et populaire des s\u00e9ries \u00ab\u00a0Beverly Hills 90210\u00a0\u00bb et \u00ab\u00a0Charmed\u00a0\u00bb,\u00a0<a href=\"https:\/\/www.ozap.com\/actu\/shannen-doherty-actrice-star-de-beverly-hills-et-charmed-est-morte-a-l-age-de-53-ans\/644892\">la com\u00e9dienne a rendu son dernier souffle<\/a>\u00a0le samedi 13\u00a0juillet, \u00e0 53\u00a0ans, des suites d\u2019un cancer du sein. Pour toute une g\u00e9n\u00e9ration d\u2019adolescents des ann\u00e9es\u00a01990, elle restera pour toujours Brenda Walsh, la soeur jumelle de Brandon\u00a0(Jason Priestley) et l&rsquo;amoureuse du tortur\u00e9 Dylan\u00a0(Luke Perry, mort en\u00a02019 \u00e0 l\u2019\u00e2ge de 52\u00a0ans) dans le feuilleton racontant les gloires et les d\u00e9boires d\u2019un groupe de jeunes Californiens. Partie f\u00e2ch\u00e9e du show en 1994, elle fut rappel\u00e9e par Aaron Spelling pour interpr\u00e9ter Prue, l&rsquo;a\u00een\u00e9e des trois soeurs et sorci\u00e8res Halliwell, dans \u00ab\u00a0Charmed\u00a0\u00bb. D\u00e8s\u00a02015, la star du petit \u00e9cran, escort\u00e9e d&rsquo;une r\u00e9putation peu flatteuse sur les plateaux, avait choisi de m\u00e9diatiser la maladie dont elle \u00e9tait atteinte, \u00e9voquant publiquement sa chimioth\u00e9rapie, ses espoirs de r\u00e9mission, ses m\u00e9tastases au cerveau\u00a0<strong>Nonce Paolini, l&rsquo;architecte de TF1<\/strong><\/p>\n\n\n\n<p class=\"\">La ligne \u00e9ditoriale actuelle de TF1, c\u2019est lui. Aux commandes de la premi\u00e8re cha\u00eene entre 2008 et 2016,\u00a0<a href=\"https:\/\/www.ozap.com\/actu\/nonce-paolini-president-de-tf1-de-2008-a-2016-est-mort-a-l-age-de-75-ans\/644934\">Nonce Paolini a succomb\u00e9 aux suites d\u2019un cancer<\/a>\u00a0\u00e0 l\u2019\u00e2ge de 75 ans, le 17 juillet dernier.<em>\u00a0\u00ab\u00a0L\u2019audiovisuel fran\u00e7ais perd un grand dirigeant. Le groupe TF1, un membre de sa famille\u00a0\u00bb<\/em>, a r\u00e9agi Rodolphe Belmer l\u2019actuel PDG du groupe au sujet d\u2019un dirigeant qui n\u2019a pas h\u00e9sit\u00e9 \u00e0 prendre des mesures fortes lors de son mandat. Venu de Bouygues Telecom, ce Corse peu connu du grand public a en effet \u00e9cart\u00e9 Patrick Poivre d&rsquo;Arvor puis Claire Chazal de la t\u00eate de leurs journaux respectifs avant de promouvoir de nouvelles marques devenues cultes (\u00ab\u00a0The Voice\u00a0\u00bb, \u00ab\u00a0Danse avec les stars\u00a0\u00bb) et d\u2019op\u00e9rer une transition vers le num\u00e9rique. En 2016, il passa la main \u00e0 Gilles Pellisson en lui donnant un conseil qui dit tout de la difficult\u00e9 de son poste :\u00a0\u00bb<em>Gilles a rencontr\u00e9 des stars et en a encore les yeux qui brillent, mais il va s&rsquo;apercevoir assez vite qu&rsquo;il n&rsquo;est pas toujours facile de c\u00f4toyer ces gens-l\u00e0&#8230;\u00a0\u00bb<\/em><\/p>\n\n\n\n<p class=\"\"><strong>Patrice Laffont, le ma\u00eetre des jeux<\/strong>Il avait le jeu en lui. \u00ab\u00a0Des chiffres et des lettres\u00a0\u00bb, \u00ab\u00a0Pyramide\u00a0\u00bb, \u00ab\u00a0Fort Boyard\u00a0\u00bb, Patrice Laffont a longtemps incarn\u00e9 le secteur du divertissement sur le service public, lui l\u2019acteur contrari\u00e9 dans ses premiers plans.&nbsp;<a href=\"https:\/\/www.ozap.com\/actu\/mort-de-patrice-laffont-ancien-animateur-de-fort-boyard-et-des-chiffres-et-des-lettres-a-l-age-de-84-ans\/645219\">L\u2019animateur a succomb\u00e9 \u00e0 un accident cardiaque<\/a>&nbsp;dans sa maison d\u2019Opp\u00e8de, dans le Luberon, deux semaines avant de f\u00eater ses 85&nbsp;ans le 21&nbsp;ao\u00fbt. Il dispara\u00eet la m\u00eame ann\u00e9e que l\u2019\u00e9mission culte avec des consonnes et des voyelles qu\u2019il pr\u00e9senta pendant 17 ans, avant de s\u2019orienter vers d\u2019autres formats, mais toujours port\u00e9 par le m\u00eame flegme. La derni\u00e8re image qui restera de ce \u00ab\u00a0sale gosse\u00a0\u00bb sera celle de son ton toujours aussi mordant dans un \u00e9pisode in\u00e9dit de \u00ab\u00a0Fort Boyard\u00a0\u00bb, \u00e0 l&rsquo;occasion du 35e anniversaire du programme. Olivier Minne lui avait alors&nbsp;<a href=\"https:\/\/www.ozap.com\/actu\/-fort-boyard-olivier-minne-rend-hommage-a-patrice-laffont-avec-une-video-tres-emouvante-diffusee-sur-france-2-avant-le-generique-de-l-emission\/645337\">rendu un vibrant hommage<\/a>&nbsp;en saluant&nbsp;<em>\u00ab\u00a0un homme pudique, sous les aspects fanfaron de celui qui donne \u00e0 penser qu&rsquo;il n&rsquo;est touch\u00e9 par rien, alors que c&rsquo;\u00e9tait tout le contraire<\/em>\u00ab\u00a0.<\/p>\n\n\n\n<p class=\"\"><strong>Alain Delon, les l\u00e9gendes meurent aussi<\/strong><\/p>\n\n\n\n<p class=\"\">Alain Delon est mort \u00e0 88 ans, le 18\u00a0ao\u00fbt 2024, et ce sont les autres qui ont salu\u00e9 sa m\u00e9moire de la plus belle des fa\u00e7ons qui soit avec un floril\u00e8ge de t\u00e9moignages dithyrambiques. Conform\u00e9ment \u00e0 sa volont\u00e9, le grand fauve du cin\u00e9ma fran\u00e7ais a \u00e9t\u00e9 enterr\u00e9 dans son fief de Douchy, entour\u00e9 de ses enfants r\u00e9concili\u00e9s et d\u2019un parterre de proches orphelins du Samoura\u00ef. Sa disparition<em>\u00a0\u00ab\u00a0creuse un vide abyssal que rien, ni personne, ne pourra combler\u00a0\u00bb,\u00a0<\/em>a \u00e9crit son ex-partenaire de jeu, Brigitte Bardot, au sujet d&rsquo;un acteur qui disait qu\u2019il n\u2019interpr\u00e9tait pas mais\u00a0<em>\u00ab\u00a0vivait\u00a0\u00bb<\/em>\u00a0ses \u00adr\u00f4les. Avec pr\u00e8s de quatre-vingts films \u00e0 son actif, plusieurs chefs-d\u2019\u0153uvre (\u00ab\u00a0Plein soleil\u00a0\u00bb, \u00ab\u00a0Le Gu\u00e9pard\u00a0\u00bb, \u00ab\u00a0Le clan des Siciliens\u00a0\u00bb, \u00ab\u00a0Borsalino\u00a0\u00bb) et de nombreux succ\u00e8s populaires, il est r\u00e9compens\u00e9 par une Palme d&rsquo;honneur pour l&rsquo;ensemble de sa carri\u00e8re, lors du Festival de Cannes 2019.\u00a0<em>\u00ab\u00a0Ce soir, c&rsquo;est un peu un hommage posthume\u2026 mais de mon vivant\u00a0\u00bb<\/em>, avait-il alors r\u00e9agi sur la sc\u00e8ne du Palais des Festivals, avant une s\u00e9rie de consid\u00e9rations encore plus touchants \u00e0 sa mort.<strong>Didier Roustan, plus foot la vie<\/strong><\/p>\n\n\n\n<p class=\"\">Ses envol\u00e9es lyriques transpiraient la passion du football. De m\u00e9moire de supporter, Didier Roustan incarnait l\u2019un des derniers romantiques du ballon rond, \u00e0 l\u2019\u00e9poque o\u00f9 ce dernier ne roulait pas sur le terrain du business.<a href=\"https:\/\/www.ozap.com\/actu\/le-journaliste-sportif-didier-roustan-la-chaine-l-equipe-telefoot-est-mort\/645718\">\u00a0Foudroy\u00e9 par une terrible maladie le 11 septembre dernier,<\/a>\u00a0le pr\u00e9sident \u00e0 vie de \u00ab\u00a0L\u2019\u00c9quipe du soir\u00a0\u00bb sur L&rsquo;Equipe TV avait vou\u00e9 sa vie au sport dont il \u00e9tait une v\u00e9ritable bible. De \u00ab\u00a0T\u00e9l\u00e9foot\u00a0\u00bb, dont il fut le pr\u00e9sentateur (1984-1989) aux commentaires de la Coupe du monde 1994 sur Antenne 2, en passant par ses reportages dans le magazine \u00ab\u00a0Mag Max\u00a0\u00bb sur Canal+, l\u2019homme aux chemises bariol\u00e9es a cultiv\u00e9 son personnage de troubadour d\u00e9cal\u00e9 et incollable sur l&rsquo;histoire du foot. \u00ab\u00a0<em>Au fond de moi, je suis toujours comme le titre de la chanson de Paul Simon \u2018<\/em>Still crazy after all these years (toujours fou apr\u00e8s toutes ces ann\u00e9es, ndlr)\u00a0\u00bb, glissait-il l\u2019\u0153il malicieuxLes Fran\u00e7ais auraient pr\u00e9f\u00e9r\u00e9 que Michel Blanc, alias Jean-Claude Dusse dans la saga des \u00ab\u00a0Bronz\u00e9s\u00a0\u00bb, ne conclue pas de la sorte. Pourtant, au r\u00e9veil du 4 octobre dernier,&nbsp;<a href=\"https:\/\/www.ozap.com\/actu\/michel-blanc-les-bronzes-est-mort\/646034\">l\u2019annonce de sa disparition \u00e0 l&rsquo;\u00e2ge de 72 ans<\/a>&nbsp;a choqu\u00e9 les fans de ses films, comme ses proches, \u00e0 commencer par sa seconde famille du Splendid.&nbsp;<em>\u00ab\u00a0Putain Michel&#8230; Qu&rsquo;est-ce que tu nous as fait&#8230;\u00a0\u00bb<\/em>&nbsp;a lanc\u00e9 son comp\u00e8re G\u00e9rard Jugnot au sujet de l\u2019un des clowns tristes du cin\u00e9ma fran\u00e7ais. Sa carri\u00e8re aura en effet oscill\u00e9 entre le rire des com\u00e9dies (\u00ab\u00a0Viens chez moi, j&rsquo;habite chez une copine\u00a0\u00bb, \u00ab\u00a0Ma femme s&rsquo;appelle reviens\u00a0\u00bb) et l&rsquo;\u00e9motion de films dramatiques (\u00ab\u00a0Tenue de soir\u00e9e\u00a0\u00bb, \u00ab\u00a0L&rsquo;exercice de l&rsquo;Etat\u00a0\u00bb), permettant aux cin\u00e9philes d&rsquo;observer toutes les facettes de son talent.&nbsp;<em>\u00ab\u00a0Je suis un anxieux qui pr\u00e9f\u00e8re l\u2019action \u00e0 la d\u00e9pression\u00a0\u00bb<\/em>, pr\u00e9cisait l\u2019int\u00e9ress\u00e9 \u00e0 l&rsquo;aise dans tous les registres, malgr\u00e9 l&rsquo;\u00e9tiquette d&rsquo;\u00e9ternel loser qui lui a coll\u00e9 \u00e0 la peau.<\/p>\n\n\n\n<p class=\"\"><strong>Ma\u00eft\u00e9, la Mousquetaire des fourneaux<\/strong><\/p>\n\n\n\n<p class=\"\">Elle \u00e9tait la pionni\u00e8re des \u00e9missions de cuisine \u00e0 la t\u00e9l\u00e9vision fran\u00e7aise. Bien avant Cyril Lignac, Laurent Mariotte ou Philippe Etchebest, Ma\u00eft\u00e9 (Marie-Th\u00e9r\u00e8se Ordonez) s\u2019agitait derri\u00e8re les fourneaux et devant les cam\u00e9ras pour r\u00e9galer les t\u00e9l\u00e9spectateurs gourmets de \u00ab\u00a0La cuisine des mousquetaires\u00a0\u00bb puis ceux de \u00ab\u00a0\u00c0 Table\u00a0\u00bb.&nbsp;<a href=\"https:\/\/www.ozap.com\/actu\/maite-la-cuisine-des-mousquetaires-est-morte-a-l-age-de-86-ans\/648077\">A 86 ans, la Gasconnaise pur jus est d\u00e9c\u00e9d\u00e9e<\/a>&nbsp;avant le grand repas de f\u00eate de fin d\u2019ann\u00e9e, le 21 d\u00e9cembre, dans son fief de Rion-des-Landes, o\u00f9 elle s\u2019\u00e9tait retranch\u00e9e depuis la fin de sa carri\u00e8re m\u00e9diatique. Resteront les souvenirs de ses recettes du terroir, son duo compl\u00e9mentaire et attachant avec son acolyte Micheline Banzet-Lawton, son style truculent et des s\u00e9quences cultes comme celle la mettant aux prises avec une anguille dans un combat gagn\u00e9 d&rsquo;avance.<\/p>\n\n\n\n<p class=\"\"><strong>Ils nous ont \u00e9galement quitt\u00e9s en 2024 :<\/strong>&nbsp;l&rsquo;acteur Christian Olivier (\u00ab\u00a0Sauv\u00e9 par le gong\u00a0\u00bb), Robert Badinter, Sylvain Augier (\u00ab\u00a0La carte aux tr\u00e9sors\u00a0\u00bb), Laetitia Krupa (\u00ab\u00a0M\u00e9dias le mag\u00a0\u00bb), O.J. Simpson, acquitt\u00e9 lors du \u00ab\u00a0proc\u00e8s du si\u00e8cle\u00a0\u00bb, G\u00e9raldine Carr\u00e9 (\u00ab\u00a0Confessions intimes\u00a0\u00bb), Christophe Deloire (Reporters sans fronti\u00e8res), l&rsquo;acteur Donald Sutherland (\u00ab\u00a0Hunger Games\u00a0\u00bb), Jean-Pierre Descombes (\u00ab\u00a0Les Jeux de 20 heures\u00a0\u00bb), l&rsquo;acteur Taylor Wily (\u00ab\u00a0Hawaii 5\u20130\u00a0\u00bb), Yannik Mazzilli (\u00ab\u00a0Sc\u00e8nes de m\u00e9nages\u00a0\u00bb), l&rsquo;acteur Niels Arestrup (\u00ab\u00a0Baron noir\u00a0\u00bb, \u00ab\u00a0Quai d&rsquo;Orsay\u00a0\u00bb, \u00ab\u00a0Un proph\u00e8te\u00a0\u00bb)..<\/p>\n","protected":false},"excerpt":{"rendered":"<p>D&rsquo;Alain Delon \u00e0 Fran\u00e7oise Hardy, en passant par Bernard Pivot, de nombreuses c\u00e9l\u00e9brit\u00e9s en France et dans le monde ont disparu cette ann\u00e9e. Retour sur ces grands noms qui ont perdu la vie.ls laissent derri\u00e8re eux leurs voix, leurs filmographies et leurs souvenirs. Qu&rsquo;ils soient chanteurs, com\u00e9diens, journalistes ou de tout autre horizon, ces grandes [&hellip;]<\/p>\n","protected":false},"author":2,"featured_media":32137,"comment_status":"open","ping_status":"open","sticky":false,"template":"","format":"standard","meta":{"_jetpack_memberships_contains_paid_content":false,"footnotes":"","jetpack_publicize_message":"","jetpack_publicize_feature_enabled":true,"jetpack_social_post_already_shared":true,"jetpack_social_options":{"image_generator_settings":{"template":"highway","enabled":true,"token":"eyJpbWciOiJodHRwczpcL1wvd3d3LmljZWFnZXR2LmNvbVwvcmFkaW9zaXRlXC93cC1jb250ZW50XC91cGxvYWRzXC8yMDI0XC8xMlwvN1BRUUI4dEEuanBnIiwidHh0IjoiQWxhaW4gRGVsb24sIFBhdHJpY2UgTGFmZm9udCwgTWFcdTAwZWZ0XHUwMGU5JiM4MjMwOyBDZXMgcGVyc29ubmFsaXRcdTAwZTlzIHF1aSBub3VzIG9udCBxdWl0dFx1MDBlOXMgZW4gMjAyNCIsInRlbXBsYXRlIjoiaGlnaHdheSIsImJsb2dfaWQiOjExMTAxNjQ2MX0.iTRmemz0ld2JRX-nAukh5NNITNTXTCJ-KpXWja0RKAEMQ"},"version":2},"_wpas_customize_per_network":false},"categories":[405],"tags":[],"class_list":["post-32135","post","type-post","status-publish","format-standard","has-post-thumbnail","hentry","category-actu-france-monde"],"jetpack_publicize_connections":[],"jetpack_featured_media_url":"https:\/\/i0.wp.com\/www.iceagetv.com\/radiosite\/wp-content\/uploads\/2024\/12\/7PQQB8tA.jpg?fit=680%2C357&ssl=1","jetpack_sharing_enabled":true,"_links":{"self":[{"href":"https:\/\/www.iceagetv.com\/radiosite\/wp-json\/wp\/v2\/posts\/32135","targetHints":{"allow":["GET"]}}],"collection":[{"href":"https:\/\/www.iceagetv.com\/radiosite\/wp-json\/wp\/v2\/posts"}],"about":[{"href":"https:\/\/www.iceagetv.com\/radiosite\/wp-json\/wp\/v2\/types\/post"}],"author":[{"embeddable":true,"href":"https:\/\/www.iceagetv.com\/radiosite\/wp-json\/wp\/v2\/users\/2"}],"replies":[{"embeddable":true,"href":"https:\/\/www.iceagetv.com\/radiosite\/wp-json\/wp\/v2\/comments?post=32135"}],"version-history":[{"count":1,"href":"https:\/\/www.iceagetv.com\/radiosite\/wp-json\/wp\/v2\/posts\/32135\/revisions"}],"predecessor-version":[{"id":32138,"href":"https:\/\/www.iceagetv.com\/radiosite\/wp-json\/wp\/v2\/posts\/32135\/revisions\/32138"}],"wp:featuredmedia":[{"embeddable":true,"href":"https:\/\/www.iceagetv.com\/radiosite\/wp-json\/wp\/v2\/media\/32137"}],"wp:attachment":[{"href":"https:\/\/www.iceagetv.com\/radiosite\/wp-json\/wp\/v2\/media?parent=32135"}],"wp:term":[{"taxonomy":"category","embeddable":true,"href":"https:\/\/www.iceagetv.com\/radiosite\/wp-json\/wp\/v2\/categories?post=32135"},{"taxonomy":"post_tag","embeddable":true,"href":"https:\/\/www.iceagetv.com\/radiosite\/wp-json\/wp\/v2\/tags?post=32135"}],"curies":[{"name":"wp","href":"https:\/\/api.w.org\/{rel}","templated":true}]}}