{"id":32155,"date":"2024-12-30T15:03:42","date_gmt":"2024-12-30T14:03:42","guid":{"rendered":"https:\/\/www.iceagetv.com\/radiosite\/?p=32155"},"modified":"2024-12-30T15:03:46","modified_gmt":"2024-12-30T14:03:46","slug":"la-coordination-rurale-menace-de-bloquer-les-acces-a-paris-avec-les-agriculteurs-a-partir-de-dimanche-si-elle-na-pas-obtenu-de-rendez-vous-avec-francois-bayrou-dici-la","status":"publish","type":"post","link":"https:\/\/www.iceagetv.com\/radiosite\/la-coordination-rurale-menace-de-bloquer-les-acces-a-paris-avec-les-agriculteurs-a-partir-de-dimanche-si-elle-na-pas-obtenu-de-rendez-vous-avec-francois-bayrou-dici-la\/","title":{"rendered":"La Coordination rurale menace de bloquer les acc\u00e8s \u00e0 Paris avec les agriculteurs \u00e0 partir de dimanche si elle n&rsquo;a pas obtenu de rendez-vous avec Fran\u00e7ois Bayrou d&rsquo;ici l\u00e0\u00a0"},"content":{"rendered":"\n<p class=\"\">La Coordination rurale, deuxi\u00e8me syndicat agricole, envisage&nbsp;d&rsquo;appeler les agriculteurs&nbsp;\u00e0&nbsp;\u00abmonter sur Paris\u00bb&nbsp;et en bloquer les acc\u00e8s \u00e0 partir de dimanche 5 janvier, si elle n&rsquo;a pas obtenu de rendez-vous avec le Premier ministre.<\/p>\n\n\n\n<p class=\"\">&nbsp;\u00abIl faut entendre l&rsquo;urgence pour les agriculteurs. Si on n&rsquo;a pas obtenu de rendez-vous avec Fran\u00e7ois Bayrou et (la ministre de l&rsquo;Agriculture) Annie Genevard d&rsquo;ici jeudi, apr\u00e8s le retour du Premier ministre de Mayotte, on appellera \u00e0 monter sur Paris\u00bb, a d\u00e9clar\u00e9 Patrick Legras, porte-parole de la Coordination rurale (CR).<\/p>\n\n\n\n<p class=\"\">&nbsp;\u00abNous sommes d\u00e9j\u00e0 en train de nous organiser, de fixer des points de rendez-vous. L&rsquo;id\u00e9e sera de bloquer les acc\u00e8s\u00bb&nbsp;\u00e0 la capitale \u00e0 partir de dimanche, a-t-il pr\u00e9cis\u00e9, confirmant ses appels \u00e0 la mobilisation de&nbsp;\u00abtous les agriculteurs\u00bb, syndiqu\u00e9s ou pas, sur RMC.&nbsp;<\/p>\n\n\n\n<p class=\"\">Cet appel intervient \u00e0 quelques jours du lancement officiel de la campagne pour les \u00e9lections aux chambres d&rsquo;agriculture, qui d\u00e9bute le 7 janvier. Le vote, qui aura lieu en ligne ou par correspondance du 15 au 31 janvier, d\u00e9terminera les nouveaux rapports de force entre les syndicats agricoles.<\/p>\n\n\n\n<p class=\"\">Un des enjeux de ce scrutin sera de voir jusqu&rsquo;\u00e0 quel point la CR, dont les bonnets jaunes ont gagn\u00e9 en visibilit\u00e9 depuis la crise de l&rsquo;hiver dernier, peut bousculer l&rsquo;h\u00e9g\u00e9monie de l&rsquo;alliance majoritaire FNSEA-Jeunes Agriculteurs. La CR, qui pr\u00e9side trois chambres, estime pouvoir en ravir une quinzaine \u00e0 la FNSEA, laquelle en d\u00e9tient 97.<\/p>\n\n\n\n<p class=\"\">Le troisi\u00e8me syndicat repr\u00e9sentatif, la Conf\u00e9d\u00e9ration paysanne, pr\u00e9side une seule chambre, celle de Mayotte &#8211; et la gardera pour le moment, le scrutin \u00e9tant report\u00e9 dans l&rsquo;\u00eele d\u00e9vast\u00e9e. Coutumi\u00e8re des actions coup de poing, la CR veut obtenir des garanties du Premier ministre pour la d\u00e9fense d&rsquo;une&nbsp;\u00abexception agriculturelle\u00bb&nbsp;fran\u00e7aise, ax\u00e9e sur la d\u00e9fense des petits exploitants qu&rsquo;elle estime broy\u00e9s par le libre-\u00e9change.<\/p>\n\n\n\n<p class=\"\">\u00abOn veut bien \u00eatre contr\u00f4l\u00e9s mais qu&rsquo;on contr\u00f4le aussi les importations. Aujourd&rsquo;hui on laisse entrer des produits de m&#8230; dans notre pays. Et puis on ne veut plus de surtranspositions de r\u00e8gles europ\u00e9ennes (&#8230;): on doit avoir les m\u00eames r\u00e8gles pour \u00e9viter la concurrence d\u00e9loyale\u00bb, a pr\u00e9cis\u00e9 Patrick Legras.<\/p>\n\n\n\n<p class=\"\">L&rsquo;alliance FNSEA-JA a \u00e9galement sollicit\u00e9&nbsp;\u00abun rendez-vous en urgence\u00bb&nbsp;aupr\u00e8s de Fran\u00e7ois Bayrou apr\u00e8s sa nomination, pour demander&nbsp;\u00abla reprise imm\u00e9diate des travaux permettant de respecter les promesses faites\u00bb&nbsp;lors du mouvement de protestation du secteur l&rsquo;hiver dernier.<\/p>\n","protected":false},"excerpt":{"rendered":"<p>La Coordination rurale, deuxi\u00e8me syndicat agricole, envisage&nbsp;d&rsquo;appeler les agriculteurs&nbsp;\u00e0&nbsp;\u00abmonter sur Paris\u00bb&nbsp;et en bloquer les acc\u00e8s \u00e0 partir de dimanche 5 janvier, si elle n&rsquo;a pas obtenu de rendez-vous avec le Premier ministre. &nbsp;\u00abIl faut entendre l&rsquo;urgence pour les agriculteurs. Si on n&rsquo;a pas obtenu de rendez-vous avec Fran\u00e7ois Bayrou et (la ministre de l&rsquo;Agriculture) Annie [&hellip;]<\/p>\n","protected":false},"author":2,"featured_media":32156,"comment_status":"open","ping_status":"open","sticky":false,"template":"","format":"standard","meta":{"_jetpack_memberships_contains_paid_content":false,"footnotes":"","jetpack_publicize_message":"","jetpack_publicize_feature_enabled":true,"jetpack_social_post_already_shared":true,"jetpack_social_options":{"image_generator_settings":{"template":"highway","enabled":true,"token":"eyJpbWciOiJodHRwczpcL1wvd3d3LmljZWFnZXR2LmNvbVwvcmFkaW9zaXRlXC93cC1jb250ZW50XC91cGxvYWRzXC8yMDI0XC8xMlwvRkR4dkFnU1UuanBnIiwidHh0IjoiTGEgQ29vcmRpbmF0aW9uIHJ1cmFsZSBtZW5hY2UgZGUgYmxvcXVlciBsZXMgYWNjXHUwMGU4cyBcdTAwZTAgUGFyaXMgYXZlYyBsZXMgYWdyaWN1bHRldXJzIFx1MDBlMCBwYXJ0aXIgZGUgZGltYW5jaGUgc2kgZWxsZSBuJiM4MjE3O2EgcGFzIG9idGVudSBkZSByZW5kZXotdm91cyBhdmVjIEZyYW5cdTAwZTdvaXMgQmF5cm91IGQmIzgyMTc7aWNpIGxcdTAwZTBcdTAwYTAiLCJ0ZW1wbGF0ZSI6ImhpZ2h3YXkiLCJibG9nX2lkIjoxMTEwMTY0NjF9.yZ7i8VtXQP7Io5BPLkVruDmTg7ldIhIOds9rWCw-5okMQ"},"version":2},"_wpas_customize_per_network":false},"categories":[405],"tags":[],"class_list":["post-32155","post","type-post","status-publish","format-standard","has-post-thumbnail","hentry","category-actu-france-monde"],"jetpack_publicize_connections":[],"jetpack_featured_media_url":"https:\/\/i0.wp.com\/www.iceagetv.com\/radiosite\/wp-content\/uploads\/2024\/12\/FDxvAgSU.jpg?fit=679%2C293&ssl=1","jetpack_sharing_enabled":true,"_links":{"self":[{"href":"https:\/\/www.iceagetv.com\/radiosite\/wp-json\/wp\/v2\/posts\/32155","targetHints":{"allow":["GET"]}}],"collection":[{"href":"https:\/\/www.iceagetv.com\/radiosite\/wp-json\/wp\/v2\/posts"}],"about":[{"href":"https:\/\/www.iceagetv.com\/radiosite\/wp-json\/wp\/v2\/types\/post"}],"author":[{"embeddable":true,"href":"https:\/\/www.iceagetv.com\/radiosite\/wp-json\/wp\/v2\/users\/2"}],"replies":[{"embeddable":true,"href":"https:\/\/www.iceagetv.com\/radiosite\/wp-json\/wp\/v2\/comments?post=32155"}],"version-history":[{"count":1,"href":"https:\/\/www.iceagetv.com\/radiosite\/wp-json\/wp\/v2\/posts\/32155\/revisions"}],"predecessor-version":[{"id":32157,"href":"https:\/\/www.iceagetv.com\/radiosite\/wp-json\/wp\/v2\/posts\/32155\/revisions\/32157"}],"wp:featuredmedia":[{"embeddable":true,"href":"https:\/\/www.iceagetv.com\/radiosite\/wp-json\/wp\/v2\/media\/32156"}],"wp:attachment":[{"href":"https:\/\/www.iceagetv.com\/radiosite\/wp-json\/wp\/v2\/media?parent=32155"}],"wp:term":[{"taxonomy":"category","embeddable":true,"href":"https:\/\/www.iceagetv.com\/radiosite\/wp-json\/wp\/v2\/categories?post=32155"},{"taxonomy":"post_tag","embeddable":true,"href":"https:\/\/www.iceagetv.com\/radiosite\/wp-json\/wp\/v2\/tags?post=32155"}],"curies":[{"name":"wp","href":"https:\/\/api.w.org\/{rel}","templated":true}]}}