{"id":32187,"date":"2024-12-31T14:29:47","date_gmt":"2024-12-31T13:29:47","guid":{"rendered":"https:\/\/www.iceagetv.com\/radiosite\/?p=32187"},"modified":"2024-12-31T14:29:51","modified_gmt":"2024-12-31T13:29:51","slug":"retro-2024-le-recit-dune-annee-catastrophe-pour-emmanuel-macron-piege-par-sa-dissolution","status":"publish","type":"post","link":"https:\/\/www.iceagetv.com\/radiosite\/retro-2024-le-recit-dune-annee-catastrophe-pour-emmanuel-macron-piege-par-sa-dissolution\/","title":{"rendered":"R\u00e9tro 2024: le r\u00e9cit d\u2019une ann\u00e9e catastrophe pour Emmanuel Macron, pi\u00e9g\u00e9 par sa dissolution"},"content":{"rendered":"\n<p class=\"\">2024 aura \u00e9t\u00e9 une \u00ab\u00a0<em>annus horribilis<\/em>\u00a0\u00bb pour Emmanuel Macron, pi\u00e9g\u00e9 par sa dissolution. Retour sur les moments marquants de ces derniers mois.<\/p>\n\n\n\n<p class=\"\">Emmanuel Macron voulait que ce soit l&rsquo;ann\u00e9e du \u00ab\u00a0r\u00e9armement\u00a0\u00bb de la France, il termine 2024 comme d\u00e9sarm\u00e9 par sa propre&nbsp;<a href=\"https:\/\/rmc.bfmtv.com\/actualites\/politique\/dissolution-de-l-assemblee-nouvelles-legislatives_DN-202406100270.html\">dissolution<\/a>. \u00ab\u00a0Annus horribilis\u00a0\u00bb. Rarement l&rsquo;expression aura si bien d\u00e9crit un moment que les douze derniers mois du chef de l&rsquo;Etat, englu\u00e9 dans la plus grave impasse politique des derni\u00e8res d\u00e9cennies.<\/p>\n\n\n\n<p class=\"\">Une ann\u00e9e de tous les records institutionnels, mais des records peu enviables: un gouvernement d\u00e9missionnaire pendant 51 jours,\u00a0<a href=\"https:\/\/rmc.bfmtv.com\/actualites\/politique\/michel-barnier-premier-ministre_DN-202409050523.html\">puis le bail \u00e0 Matignon le plus \u00e9ph\u00e9m\u00e8re de la Ve R\u00e9publique pour Michel Barnier<\/a>, renvers\u00e9 par l&rsquo;Assembl\u00e9e nationale lors d&rsquo;une censure in\u00e9dite depuis 1962.Et l&rsquo;av\u00e8nement juste avant No\u00ebl du gouvernement de son premier alli\u00e9,<a href=\"https:\/\/rmc.bfmtv.com\/actualites\/politique\/francois-bayrou-premier-ministre_DN-202412130518.html\">&nbsp;le centriste Fran\u00e7ois Bayrou<\/a>&nbsp;&#8211; qui devient le quatri\u00e8me Premier ministre en fonctions depuis le 1er janvier -, est loin de r\u00e9soudre la crise. Face \u00e0 ce marasme, Emmanuel Macron, tout puissant et protagoniste de tout depuis son arriv\u00e9e \u00e0 l&rsquo;\u00c9lys\u00e9e en 2017, en est r\u00e9duit par instants \u00e0 un r\u00f4le de figurant.<\/p>\n\n\n\n<p class=\"\">\u00ab\u00a0C&rsquo;est une pi\u00e8ce dont le pr\u00e9sident n&rsquo;est ni metteur en sc\u00e8ne ni acteur\u00a0\u00bb, soupirait un conseiller au moment o\u00f9 gauche et droite se rejoignaient pour renverser le gouvernement Barnier. Pourtant, cette pi\u00e8ce, il en est bien l&rsquo;auteur.Un choix d&rsquo;une dissolution jug\u00e9 \u00ab\u00a0fou\u00a0\u00bb<\/p>\n\n\n\n<p class=\"\">Pour ses opposants comme pour l&rsquo;essentiel de ses soutiens, la crise a \u00e9t\u00e9 d\u00e9clench\u00e9e par sa dissolution de l&rsquo;Assembl\u00e9e, cette annonce qui a fait l&rsquo;effet d&rsquo;une bombe le 9 juin, au soir d&rsquo;\u00e9lections europ\u00e9ennes largement remport\u00e9es par l&rsquo;extr\u00eame droite. La regrette-t-il aujourd&rsquo;hui? \u00ab\u00a0In\u00e9luctable\u00a0\u00bb et \u00ab\u00a0n\u00e9cessaire\u00a0\u00bb,\u00a0<a href=\"https:\/\/rmc.bfmtv.com\/actualites\/politique\/nouveau-premier-ministre-budget-demission-ce-qu-il-faut-retenir-de-l-allocution-d-emmanuel-macron_AP-202412050959.html\">\u00ab\u00a0cette d\u00e9cision n&rsquo;a pas \u00e9t\u00e9 comprise\u00a0\u00bb, \u00ab\u00a0et c&rsquo;est ma responsabilit\u00e9\u00a0\u00bb, a-t-il fini par l\u00e2cher devant les Fran\u00e7ais<\/a>\u00a0d\u00e9but d\u00e9cembre. On a connu\u00a0<em>mea culpa<\/em>\u00a0plus explicite.D\u00e9but janvier 2024: la promesse de \u00ab\u00a0fiert\u00e9s fran\u00e7aises\u00a0\u00bb et de \u00ab\u00a0r\u00e9armement\u00a0\u00bb<\/p>\n\n\n\n<p class=\"\">2024, ce \u00ab\u00a0mill\u00e9sime\u00a0\u00bb vant\u00e9 avec une pointe de grandiloquence par Emmanuel Macron, avait pourtant commenc\u00e9 sous d&rsquo;autres auspices. Dans ses voeux de la Saint-Sylvestre, il promettait une \u00ab\u00a0ann\u00e9e de d\u00e9termination, de choix, de r\u00e9g\u00e9n\u00e9ration\u00a0\u00bb et \u00ab\u00a0d&rsquo;esp\u00e9rance\u00a0\u00bb. Et une ann\u00e9e de \u00ab\u00a0fiert\u00e9s fran\u00e7aises\u00a0\u00bb.<\/p>\n\n\n\n<p class=\"\">Fiert\u00e9 pour&nbsp;<a href=\"https:\/\/rmcsport.bfmtv.com\/jeux-olympiques\/jo-2024-tony-estanguet-devoile-ses-trois-moments-d-emotion-les-plus-forts-des-jeux-de-paris_AV-202412300249.html\">les Jeux olympiques de Paris<\/a>, ouverts par une c\u00e9r\u00e9monie os\u00e9e et spectaculaire sur la Seine qui a marqu\u00e9 les t\u00e9l\u00e9spectateurs du monde entier. Et fiert\u00e9 pour la r\u00e9ouverture de Notre-Dame, br\u00fbl\u00e9e et reconstruite en cinq ans envers et contre tout. Des paris fous&#8230; et r\u00e9ussis, alors que beaucoup les pensaient intenables.<\/p>\n\n\n\n<p class=\"\">Des parenth\u00e8ses enchant\u00e9es, aussi, mais qui se sont aussit\u00f4t referm\u00e9es sans redonner des couleurs dans l&rsquo;opinion \u00e0 un chef de l&rsquo;\u00c9tat dont la cote de popularit\u00e9 est au plus bas. Autre ma\u00eetre-mot de ce mois de janvier 2024: le \u00ab\u00a0r\u00e9armement de la Nation\u00a0\u00bb, que promet Emmanuel Macron dans ses voeux puis lors d&rsquo;une grande conf\u00e9rence de presse, en prime time dans la salle des f\u00eates de l&rsquo;\u00c9lys\u00e9e.<\/p>\n\n\n\n<p class=\"\">La formule est de Jonathan Gu\u00e9mas, la plume des discours pr\u00e9sidentiels du premier quinquennat, de retour au palais comme conseiller strat\u00e9gie et communication pour redonner de l&rsquo;oxyg\u00e8ne \u00e0 un second mandat d\u00e9j\u00e0 essouffl\u00e9. Elle est d\u00e9clin\u00e9e&nbsp;<em>ad nauseam<\/em>: r\u00e9armement \u00e9conomique, industriel, europ\u00e9en, \u00e9tatique, civique, acad\u00e9mique, scientifique, technologique, agricole et m\u00eame d\u00e9mographique.<\/p>\n\n\n\n<h2 class=\"wp-block-heading\" id=\"30eo2\">9 janvier: Attal plus jeune Premier ministre<\/h2>\n\n\n\n<p class=\"\">Pour l&rsquo;incarner, surprise du chef:&nbsp;<a href=\"https:\/\/rmc.bfmtv.com\/actualites\/politique\/gabriel-attal-premier-ministre_DN-202401090610.html\">Gabriel Attal, 34 ans, entre \u00e0 Matignon<\/a>. \u00ab\u00a0Le plus jeune pr\u00e9sident de la R\u00e9publique de l&rsquo;Histoire nomme le plus jeune Premier ministre de l&rsquo;Histoire\u00a0\u00bb, clame l&rsquo;imp\u00e9trant. \u00c0 grand renfort de communication, les strat\u00e8ges macronistes esquissent le sens d&rsquo;une nomination qui doit rimer avec \u00ab\u00a0audace\u00a0\u00bb, \u00ab\u00a0mouvement\u00a0\u00bb, \u00ab\u00a0vitesse\u00a0\u00bb.<\/p>\n\n\n\n<p class=\"\">\u00ab\u00a0Vous incarnez le retour aux sources de ce que nous sommes, le d\u00e9passement au service du pays, l&rsquo;esprit de 2017\u00a0\u00bb, lance Emmanuel Macron \u00e0 ses nouveaux ministres. Comme en \u00e9cho \u00e0 \u00ab\u00a0R\u00e9volution\u00a0\u00bb, son livre-programme avant sa premi\u00e8re \u00e9lection, il leur demande d&rsquo;\u00eatre des \u00ab\u00a0r\u00e9volutionnaires\u00a0\u00bb, pas \u00ab\u00a0des gestionnaires\u00a0\u00bb.<\/p>\n\n\n\n<p class=\"\">Un discours offensif qui, en creux, dit cr\u00fbment ce que le chef de l&rsquo;\u00c9tat et sa garde rapproch\u00e9e ont ni\u00e9 vingt mois durant: oui, le second quinquennat manquait jusqu&rsquo;ici d&rsquo;\u00e9lan; oui, le pr\u00e9sident se sentait comme corset\u00e9 avec une Premi\u00e8re ministre,\u00a0<a href=\"https:\/\/rmc.bfmtv.com\/actualites\/societe\/education\/elisabeth-borne-pas-specialiste-de-l-education-nationale-la-mediocrite-continue_AV-202412260292.html\">Elisabeth Borne<\/a>, qui n&rsquo;avait pas \u00e9t\u00e9 son premier choix.L&rsquo;\u00e9lan retombe<\/p>\n\n\n\n<p class=\"\">Mais la dynamique retombe.&nbsp;<a href=\"https:\/\/rmc.bfmtv.com\/actualites\/societe\/education\/amelie-oudea-castera-ministre-de-l-education-et-des-sports_DN-202401150571.html\">Pol\u00e9mique autour de la nouvelle ministre de l&rsquo;\u00c9ducation, Am\u00e9lie Oud\u00e9a-Cast\u00e9ra<\/a>, qui s&rsquo;enferre dans des explications controvers\u00e9es sur la scolarisation de ses enfants dans le priv\u00e9. Puis une crise agricole in\u00e9dite, qui oblige le jeune chef du gouvernement \u00e0 essuyer les pl\u00e2tres plus vite que pr\u00e9vu.<\/p>\n\n\n\n<p class=\"\">La belle entente ne dure pas longtemps entre celui dont les tempes ont blanchi en sept ans de pouvoir et son \u00ab\u00a0petit fr\u00e8re\u00a0\u00bb, comme il appellera Gabriel Attal devant des enfants.<\/p>\n\n\n\n<p class=\"\">Emmanuel Macron juge s\u00e9v\u00e8rement sa gestion de la fronde paysanne, d&rsquo;autant que lui-m\u00eame vit une journ\u00e9e plus qu&rsquo;agit\u00e9e lors de l&rsquo;inauguration du traditionnel salon de l&rsquo;agriculture, accueilli par des syndicalistes remont\u00e9s \u00e0 bloc.<\/p>\n\n\n\n<p class=\"\">Un \u00ab\u00a0marcheur\u00a0\u00bb historique assure qu&rsquo;il \u00ab\u00a0esp\u00e9rait vraiment qu&rsquo;Attal prenne toute la lumi\u00e8re&#8230; et tous les coups\u00a0\u00bb. Mais en fait, d\u00e8s \u00ab\u00a0le jour o\u00f9 il l&rsquo;a nomm\u00e9, Macron a vu la petite lumi\u00e8re qui brille dans les yeux d&rsquo;Attal et il n&rsquo;a pas d\u00fb le supporter\u00a0\u00bb, ironise un vieux routier de la politique.<\/p>\n\n\n\n<p class=\"\">Du coup, il fustige aupr\u00e8s de ses proches un Premier ministre obnubil\u00e9 par la \u00ab\u00a0com\u00a0\u00bb et son image, et lui reproche de ne pas s&rsquo;investir assez vite et assez fort dans la campagne des europ\u00e9ennes qui d\u00e9marre.<\/p>\n\n\n\n<h2 class=\"wp-block-heading\" id=\"6idmm\">La campagne des \u00e9lections europ\u00e9ennes rat\u00e9e?<\/h2>\n\n\n\n<p class=\"\">Car ce scrutin, il est \u00ab\u00a0existentiel\u00a0\u00bb, mart\u00e8le la macronie, qui a mis l&rsquo;Europe au coeur de son ADN politique. Gabriel Attal avait \u00e9t\u00e9 choisi en partie comme \u00ab\u00a0arme\u00a0\u00bb cens\u00e9e tenir t\u00eate \u00e0 Jordan Bardella, pr\u00e9sident et candidat du Rassemblement national pour les europ\u00e9ennes, mais les sondages sont en berne face \u00e0 l&rsquo;extr\u00eame droite.<\/p>\n\n\n\n<p class=\"\">Le pr\u00e9sident tarde \u00e0 choisir sa propre t\u00eate de liste, essuie refus sur refus, et finit par adouber, un peu par d\u00e9faut, l&rsquo;eurod\u00e9put\u00e9e sortante Val\u00e9rie Hayer, sans que la campagne d\u00e9colle. Emmanuel Macron d\u00e9gaine donc son \u00ab\u00a0discours de la Sorbonne 2\u00a0\u00bb, et dramatise les enjeux.<\/p>\n\n\n\n<p class=\"\">L&rsquo;Europe \u00ab\u00a0peut mourir\u00a0\u00bb, lance-t-il dans le v\u00e9n\u00e9rable amphith\u00e9\u00e2tre parisien. Au sein du Vieux Continent, sa voix porte: souvent moqu\u00e9s au d\u00e9but, ses concepts d&rsquo;autonomie strat\u00e9gique et de souverainet\u00e9 europ\u00e9enne ont fait leur chemin dans l&rsquo;esprit des Vingt-Sept.<\/p>\n\n\n\n<p class=\"\">Mais le pr\u00e9sident fran\u00e7ais a aussi sem\u00e9 le trouble aupr\u00e8s de ses alli\u00e9s de l&rsquo;Otan, en n&rsquo;excluant pas, en f\u00e9vrier, l&rsquo;envoi de troupes sur le sol ukrainien \u00e0 l&rsquo;avenir. Un tabou absolu pour les \u00c9tats-Unis et l&rsquo;Allemagne, qui d\u00e9savouent ses propos, mais aussi pour l&rsquo;opinion fran\u00e7aise et ses opposants hexagonaux, qui en font un argument \u00e9lectoral.<\/p>\n\n\n\n<p class=\"\">Dans les urnes, le r\u00e9sultat est catastrophique.\u00a0<a href=\"https:\/\/rmc.bfmtv.com\/actualites\/politique\/elections-europeennes-2024_DN-202403120396.html\">Le 9 juin, le RN de Jordan Bardella engrange plus que le double des voix de la coalition macroniste<\/a>, talonn\u00e9e par Rapha\u00ebl Glucksmann et les socialistes. L&rsquo;extr\u00eame droite fr\u00f4le en tout les 40%.Dissolution surprise le 9 juin au soir, avec l&rsquo;espoir de gagner<\/p>\n\n\n\n<p class=\"\">La r\u00e9ponse d&rsquo;Emmanuel Macron, dans une allocution-surprise, est donc imm\u00e9diate: il dissout l&rsquo;Assembl\u00e9e et organise des \u00e9lections l\u00e9gislatives anticip\u00e9es. Son \u00ab\u00a0conseiller m\u00e9moire\u00a0\u00bb, Bruno Roger-Petit, convoque le g\u00e9n\u00e9ral de Gaulle, Raymond Aron et Pierre Mend\u00e8s-France pour justifier une d\u00e9cision qui assomme tout le monde, \u00e0 commencer par Gabriel Attal, qui n&rsquo;est mis dans la confidence qu&rsquo;\u00e0 la derni\u00e8re minute. La rupture est consomm\u00e9e entre le Premier ministre et celui qui l&rsquo;a nomm\u00e9.<\/p>\n\n\n\n<blockquote class=\"wp-block-quote is-layout-flow wp-block-quote-is-layout-flow\">\n<p class=\"\">\u00ab\u00a0On ne se trompe jamais quand on redonne la parole au peuple\u00a0\u00bb, assure l&rsquo;entourage pr\u00e9sidentiel, qui mise sur les divisions de la gauche et l&rsquo;impr\u00e9paration des adversaires pour \u00ab\u00a0saisir le syst\u00e8me\u00a0\u00bb, \u00ab\u00a0prendre tout le monde de court\u00a0\u00bb et \u00ab\u00a0gagner\u00a0\u00bb.<\/p>\n<\/blockquote>\n\n\n\n<p class=\"\">\u00c0 ce moment-l\u00e0, Emmanuel Macron \u00ab\u00a0croit franchement qu&rsquo;il peut gagner\u00a0\u00bb, rapporte un proche qui s&rsquo;est un peu \u00e9loign\u00e9, sans jamais rompre. \u00ab\u00a0Et il se dit que s&rsquo;il rate son coup et qu&rsquo;au fond, c&rsquo;est Bardella\u00a0\u00bb qui devient Premier ministre, \u00ab\u00a0ce n&rsquo;est pas un drame\u00a0\u00bb.<\/p>\n\n\n\n<h2 class=\"wp-block-heading\" id=\"8c7ns\">Des l\u00e9gislatives en chemin de croix<\/h2>\n\n\n\n<p class=\"\">Las, la gauche s&rsquo;unit en 24 heures, le RN re\u00e7oit le renfort inattendu du pr\u00e9sident du parti Les R\u00e9publicains Eric Ciotti, tandis que c&rsquo;est le camp pr\u00e9sidentiel qui semble le plus sonn\u00e9. Les soutiens d&rsquo;Emmanuel Macron lui en veulent. Et beaucoup de Fran\u00e7ais aussi, pour ce d\u00e9but d&rsquo;\u00e9t\u00e9 chamboul\u00e9, alors que se profilaient tranquillement les vacances et les JO.<\/p>\n\n\n\n<p class=\"\">Dans une vid\u00e9o devenue virale, un sympathisant s&#8217;emporte aupr\u00e8s de Gabriel Attal, devenu chef de campagne: \u00ab\u00a0Vous, vous \u00eates bien, mais il faudra dire au pr\u00e9sident qu&rsquo;il ferme sa gueule!\u00a0\u00bb. Edouard Philippe, qui vise l&rsquo;\u00c9lys\u00e9e en 2027, finit de s&rsquo;\u00e9manciper en enfon\u00e7ant Emmanuel Macron, accus\u00e9 d&rsquo;avoir \u00ab\u00a0tu\u00e9 la majorit\u00e9 pr\u00e9sidentielle\u00a0\u00bb.Et d&rsquo;autres t\u00e9nors de feu cette majorit\u00e9 s&rsquo;en prennent sans m\u00e9nagement aux conseillers du chef de l&rsquo;\u00c9tat, soup\u00e7onn\u00e9s d&rsquo;avoir ourdi la dissolution sans concertation. \u00ab\u00a0Les parquets des palais de la R\u00e9publique sont pleins de cloportes\u00a0\u00bb, tance le ministre de l&rsquo;\u00c9conomie Bruno Le Maire. \u00ab\u00a0Une clique sans exp\u00e9rience politique\u00a0\u00bb, rench\u00e9rit un ex-conseiller, qui regrette l&rsquo;isolement pr\u00e9sidentiel.<\/p>\n\n\n\n<p class=\"\">\u00c0 des d\u00e9put\u00e9s, Emmanuel Macron racontera que ses strat\u00e8ges lui avaient dit: \u00ab\u00a0t&rsquo;inqui\u00e8te pas, on est pr\u00eat\u00a0\u00bb. \u00ab\u00a0Moi, j&rsquo;appuie sur le bouton et je me retourne: en fait personne n&rsquo;\u00e9tait pr\u00eat.\u00a0\u00bb<\/p>\n\n\n\n<p class=\"\">Les l\u00e9gislatives se muent en chemin de croix pour le pr\u00e9sident, qui intervient \u00e0 tout bout de champ alors que son camp lui demande de rester en retrait. Jusqu&rsquo;\u00e0 ce long podcast intimiste de 1h49 dans lequel il affirme que le vote pour le RN ou pour La France insoumise, les \u00ab\u00a0deux extr\u00eames\u00a0\u00bb renvoy\u00e9s dos \u00e0 dos, m\u00e8nerait \u00e0 \u00ab\u00a0la guerre civile\u00a0\u00bb.<\/p>\n\n\n\n<blockquote class=\"wp-block-quote is-layout-flow wp-block-quote-is-layout-flow\">\n<p class=\"\">\u00ab\u00a0Un chef d&rsquo;\u00c9tat ne doit pas dire \u00e7a\u00a0\u00bb, s&rsquo;\u00e9trangle un vieil ami du pr\u00e9sident.<\/p>\n<\/blockquote>\n\n\n\n<h2 class=\"wp-block-heading\" id=\"fcne2\">La clarification se mue en blocage<\/h2>\n\n\n\n<p class=\"\">La dissolution devait favoriser une \u00ab\u00a0clarification\u00a0\u00bb. C&rsquo;est l&rsquo;inverse qui se produit: si le parti de Marine Le Pen arrive largement en t\u00eate au premier tour, le \u00ab\u00a0front r\u00e9publicain\u00a0\u00bb anti-RN d\u00e9bouche au second sur une Assembl\u00e9e sans majorit\u00e9, coup\u00e9e en trois blocs. La gauche, ressoud\u00e9e au sein du Nouveau Front populaire arriv\u00e9 en t\u00eate contre toute attente, r\u00e9clame d&rsquo;acc\u00e9der \u00e0 Matignon.<\/p>\n\n\n\n<p class=\"\">Mais Emmanuel Macron temporise. La dissolution \u00e9tait urgente, la formation d&rsquo;un gouvernement attendra. L&rsquo;\u00e9quipe Attal, d\u00e9missionnaire, g\u00e8re les affaires courantes pendant tout l&rsquo;\u00e9t\u00e9, bien au-del\u00e0 de la \u00ab\u00a0<a href=\"https:\/\/rmc.bfmtv.com\/actualites\/politique\/les-jo-une-treve-qui-soulage-mais-qui-ne-peut-pas-effacer-les-difficultes-sociales-economiques_AV-202408050134.html\">tr\u00eave olympique<\/a>\u00a0\u00bb d\u00e9cr\u00e9t\u00e9e par le pr\u00e9sident. Bernard Cazeneuve, Xavier Bertrand, Thierry Beaudet, David Lisnard&#8230; les noms valsent pour le poste de Premier ministre et comme souvent, l&rsquo;homme de l&rsquo;\u00c9lys\u00e9e peine \u00e0 trancher.<\/p>\n\n\n\n<h2 class=\"wp-block-heading\" id=\"3btm5\">Fin ao\u00fbt arriv\u00e9e de Michel Barnier qui tente de trouver des compromis<\/h2>\n\n\n\n<p class=\"\">Il se r\u00e9sout finalement \u00e0 nommer Michel Barnier, un opposant de droite, ex-commissaire et n\u00e9gociateur europ\u00e9en, pour que le gouvernement exhale ce \u00ab\u00a0parfum de cohabitation\u00a0\u00bb promis au vu de la d\u00e9faite macroniste. Mais d\u00e8s sa naissance, et \u00e0 rebours du \u00ab\u00a0front r\u00e9publicain\u00a0\u00bb, la survie du nouvel ex\u00e9cutif d\u00e9pend du bon vouloir du RN&#8230;<a href=\"https:\/\/rmc.bfmtv.com\/actualites\/politique\/macron-doit-s-en-aller-chaos-triste-journee-pour-la-france-les-principales-reactions-a-la-censure-de-barnier_AN-202412040993.html\">&nbsp;qui le censurera trois mois plus tard, avec la gauche, laissant le pays sans budget pour 2025.<\/a><\/p>\n\n\n\n<p class=\"\">Encore un rat\u00e9 pour Emmanuel Macron qui avait justifi\u00e9 la dissolution par la menace de censure \u00e0 l&rsquo;automne, en plein d\u00e9bat budg\u00e9taire, qui aurait \u00e9t\u00e9 \u00ab\u00a0dix fois pire\u00a0\u00bb, \u00ab\u00a0la crise totale\u00a0\u00bb, comme il l&rsquo;expliquait-il en petit comit\u00e9. Finalement, il aura les deux crises pour le prix d&rsquo;une.D&rsquo;autant qu&rsquo;entre les p\u00e9riodes \u00e9lectorales, la gestion d&rsquo;affaires courantes et l&rsquo;absence d&rsquo;ex\u00e9cutif stable, c&rsquo;est une ann\u00e9e quasiment blanche en termes de r\u00e9formes qui se termine, et un bilan qui voit ses principales r\u00e9ussites remises en cause: la r\u00e9industrialisation marque le pas, et les investissements \u00e9trangers sont mis sur pause.<\/p>\n\n\n\n<p class=\"\">Emmanuel Macron rumine. Aux dires de ses proches, il accuse Michel Barnier, dont il n&rsquo;a gu\u00e8re go\u00fbt\u00e9 l&rsquo;ind\u00e9pendance, d&rsquo;avoir \u00e9corn\u00e9 le sacro-saint dogme macroniste contre toute hausse d&rsquo;imp\u00f4ts. Alors qu&rsquo;il a fait mine de rester en retrait pendant l&rsquo;automne, le pr\u00e9sident veut donc profiter de la censure pour reprendre la main \u00e0 l&rsquo;hiver, en nommant un fid\u00e8le en la personne de l&rsquo;inamovible et discret ministre des Arm\u00e9es S\u00e9bastien Lecornu.<\/p>\n\n\n\n<p class=\"\">Mais Fran\u00e7ois Bayrou, persuad\u00e9 d&rsquo;\u00eatre l&rsquo;homme de la situation, menace de d\u00e9clencher une crise dans la crise s&rsquo;il n&rsquo;est pas envoy\u00e9 \u00e0 Matignon. Emmanuel Macron c\u00e8de, sur fond de mont\u00e9e, lente, mais continue, des appels \u00e0 sa d\u00e9mission. Cruelle,&nbsp;<a href=\"https:\/\/rmc.bfmtv.com\/actualites\/politique\/emmanuel-macron-c-est-fini-ou-presque-marine-le-pen-dit-se-preparer-a-une-presidentielle-anticipee_AD-202412170866.html\">Marine Le Pen constate, dans Le Parisien<\/a>: \u00ab\u00a0Emmanuel Macron a m\u00eame perdu son pouvoir de nomination du Premier ministre, qui s&rsquo;est nomm\u00e9 lui-m\u00eame. Il ne lui reste pas grand-chose\u00a0\u00bb.<\/p>\n","protected":false},"excerpt":{"rendered":"<p>2024 aura \u00e9t\u00e9 une \u00ab\u00a0annus horribilis\u00a0\u00bb pour Emmanuel Macron, pi\u00e9g\u00e9 par sa dissolution. Retour sur les moments marquants de ces derniers mois. Emmanuel Macron voulait que ce soit l&rsquo;ann\u00e9e du \u00ab\u00a0r\u00e9armement\u00a0\u00bb de la France, il termine 2024 comme d\u00e9sarm\u00e9 par sa propre&nbsp;dissolution. \u00ab\u00a0Annus horribilis\u00a0\u00bb. Rarement l&rsquo;expression aura si bien d\u00e9crit un moment que les douze [&hellip;]<\/p>\n","protected":false},"author":2,"featured_media":32188,"comment_status":"open","ping_status":"open","sticky":false,"template":"","format":"standard","meta":{"_jetpack_memberships_contains_paid_content":false,"footnotes":"","jetpack_publicize_message":"","jetpack_publicize_feature_enabled":true,"jetpack_social_post_already_shared":true,"jetpack_social_options":{"image_generator_settings":{"template":"highway","enabled":true,"token":"eyJpbWciOiJodHRwczpcL1wvd3d3LmljZWFnZXR2LmNvbVwvcmFkaW9zaXRlXC93cC1jb250ZW50XC91cGxvYWRzXC8yMDI0XC8xMlwvbGUtcmVjaXQtZHVuZS1hbm5lZS1jYXRhc3Ryb3BoZS1wb3VyLUVtbWFudWVsLU1hY3Jvbi5qcGciLCJ0eHQiOiJSXHUwMGU5dHJvIDIwMjQ6IGxlIHJcdTAwZTljaXQgZFx1MjAxOXVuZSBhbm5cdTAwZTllIGNhdGFzdHJvcGhlIHBvdXIgRW1tYW51ZWwgTWFjcm9uLCBwaVx1MDBlOWdcdTAwZTkgcGFyIHNhIGRpc3NvbHV0aW9uIiwidGVtcGxhdGUiOiJoaWdod2F5IiwiYmxvZ19pZCI6MTExMDE2NDYxfQ.MNDYxvyGG4X7ZYFGwsfFk72OLMr_tK2AFXy7gpeGXawMQ"},"version":2},"_wpas_customize_per_network":false},"categories":[405],"tags":[],"class_list":["post-32187","post","type-post","status-publish","format-standard","has-post-thumbnail","hentry","category-actu-france-monde"],"jetpack_publicize_connections":[],"jetpack_featured_media_url":"https:\/\/i0.wp.com\/www.iceagetv.com\/radiosite\/wp-content\/uploads\/2024\/12\/le-recit-dune-annee-catastrophe-pour-Emmanuel-Macron.jpg?fit=638%2C410&ssl=1","jetpack_sharing_enabled":true,"_links":{"self":[{"href":"https:\/\/www.iceagetv.com\/radiosite\/wp-json\/wp\/v2\/posts\/32187","targetHints":{"allow":["GET"]}}],"collection":[{"href":"https:\/\/www.iceagetv.com\/radiosite\/wp-json\/wp\/v2\/posts"}],"about":[{"href":"https:\/\/www.iceagetv.com\/radiosite\/wp-json\/wp\/v2\/types\/post"}],"author":[{"embeddable":true,"href":"https:\/\/www.iceagetv.com\/radiosite\/wp-json\/wp\/v2\/users\/2"}],"replies":[{"embeddable":true,"href":"https:\/\/www.iceagetv.com\/radiosite\/wp-json\/wp\/v2\/comments?post=32187"}],"version-history":[{"count":1,"href":"https:\/\/www.iceagetv.com\/radiosite\/wp-json\/wp\/v2\/posts\/32187\/revisions"}],"predecessor-version":[{"id":32189,"href":"https:\/\/www.iceagetv.com\/radiosite\/wp-json\/wp\/v2\/posts\/32187\/revisions\/32189"}],"wp:featuredmedia":[{"embeddable":true,"href":"https:\/\/www.iceagetv.com\/radiosite\/wp-json\/wp\/v2\/media\/32188"}],"wp:attachment":[{"href":"https:\/\/www.iceagetv.com\/radiosite\/wp-json\/wp\/v2\/media?parent=32187"}],"wp:term":[{"taxonomy":"category","embeddable":true,"href":"https:\/\/www.iceagetv.com\/radiosite\/wp-json\/wp\/v2\/categories?post=32187"},{"taxonomy":"post_tag","embeddable":true,"href":"https:\/\/www.iceagetv.com\/radiosite\/wp-json\/wp\/v2\/tags?post=32187"}],"curies":[{"name":"wp","href":"https:\/\/api.w.org\/{rel}","templated":true}]}}