{"id":32206,"date":"2025-01-01T09:17:16","date_gmt":"2025-01-01T08:17:16","guid":{"rendered":"https:\/\/www.iceagetv.com\/radiosite\/?p=32206"},"modified":"2025-01-01T09:17:20","modified_gmt":"2025-01-01T08:17:20","slug":"voeux-demmanuel-macron-ce-quil-faut-retenir-de-lallocution-du-president","status":"publish","type":"post","link":"https:\/\/www.iceagetv.com\/radiosite\/voeux-demmanuel-macron-ce-quil-faut-retenir-de-lallocution-du-president\/","title":{"rendered":"V\u0153ux d\u2019Emmanuel Macron\u00a0: Ce qu\u2019il faut retenir de l\u2019allocution du pr\u00e9sident"},"content":{"rendered":"\n<p class=\"\">C\u2019est un exercice annuel auquel&nbsp;<a href=\"https:\/\/www.20minutes.fr\/politique\/emmanuel-macron\/\">Emmanuel Macron<\/a>&nbsp;est habitu\u00e9. Mais \u00e0 la fin de cette ann\u00e9e&nbsp;2024, le pr\u00e9sident de la R\u00e9publique fran\u00e7aise doit faire face \u00e0 un bilan plus contrast\u00e9. Il a notamment reconnu ce mardi que la&nbsp;<a href=\"https:\/\/www.20minutes.fr\/dossier\/dissolution\">dissolution&nbsp;<\/a>qu\u2019il a d\u00e9cid\u00e9e en juin avait \u00ab&nbsp;apport\u00e9 pour le moment davantage de divisions \u00e0&nbsp;<a href=\"https:\/\/www.20minutes.fr\/dossier\/assemblee_nationale\">l\u2019Assembl\u00e9e&nbsp;<\/a>que de solutions pour les Fran\u00e7ais&nbsp;\u00bb, et \u00ab&nbsp;produit plus d\u2019instabilit\u00e9 que de s\u00e9r\u00e9nit\u00e9&nbsp;\u00bb.<\/p>\n\n\n\n<p class=\"\">\u00ab\u00a0J\u2019en prends toute ma part\u00a0\u00bb, a assur\u00e9 le chef de l\u2019Etat dans son allocution t\u00e9l\u00e9vis\u00e9e, allant plus loin dans son mea culpa esquiss\u00e9 d\u00e9but d\u00e9cembre. Il a estim\u00e9 que l\u2019ann\u00e9e qui s\u2019ouvre mercredi devait \u00eatre celle \u00ab\u00a0du ressaisissement collectif\u00a0\u00bb pour permettre \u00ab\u00a0la stabilit\u00e9\u00a0\u00bb.Des r\u00e9f\u00e9rendums \u00e0 venir&nbsp;?<\/p>\n\n\n\n<p class=\"\">Il a aussi annonc\u00e9 qu\u2019il demanderait en\u00a02025 aux Fran\u00e7ais de \u00ab\u00a0trancher\u00a0\u00bb des \u00ab\u00a0sujets d\u00e9terminants\u00a0\u00bb, laissant entrevoir d\u2019\u00e9ventuels\u00a0<a href=\"https:\/\/www.20minutes.fr\/dossier\/referendum\">r\u00e9f\u00e9rendums\u00a0<\/a>ou conventions citoyennes.Le chef de l\u2019Etat a aussi promis de \u00ab&nbsp;veiller&nbsp;\u00bb \u00e0 ce que la France \u00ab&nbsp;continue d\u2019\u00eatre attractive&nbsp;\u00bb, \u00ab&nbsp;travaille et innove plus&nbsp;\u00bb, continue de cr\u00e9er des emplois et \u00ab&nbsp;assure sa croissance en tenant ses finances&nbsp;\u00bb, dans une forme de mise en garde au gouvernement qui doit pr\u00e9senter une nouvelle mouture du budget pour l\u2019ann\u00e9e qui s\u2019ouvre.<\/p>\n\n\n\n<h2 class=\"wp-block-heading\">La \u00ab na\u00efvet\u00e9 \u00bb des Europ\u00e9ens sur l&rsquo;agriculture<\/h2>\n\n\n\n<p class=\"\">Les Europ\u00e9ens doivent en finir avec la na\u00efvet\u00e9 \u00bb en mati\u00e8re de commerce ou&nbsp;<a href=\"https:\/\/www.20minutes.fr\/dossier\/agriculture\">d&rsquo;agriculture<\/a>, a estim\u00e9 Emmanuel Macron, appelant \u00e0 un \u00ab r\u00e9veil \u00bb face aux \u00ab lois \u00bb qui sont \u00ab dict\u00e9es par d&rsquo;autres \u00bb. \u00ab Dire non aux lois du commerce dict\u00e9es par d&rsquo;autres et que nous sommes les seuls \u00e0 encore respecter. Dire non \u00e0 tout ce qui nous fait d\u00e9pendre des autres sans contrepartie et sans pr\u00e9parer notre avenir \u00bb, a affirm\u00e9 le pr\u00e9sident dans son allocution t\u00e9l\u00e9vis\u00e9e.<\/p>\n\n\n\n<p class=\"\">\u00ab \u00c0 l&rsquo;inverse, il nous faut le r\u00e9veil europ\u00e9en, un r\u00e9veil scientifique, intellectuel, technologique, industriel, un r\u00e9veil agricole, \u00e9nerg\u00e9tique et \u00e9cologique \u00bb, a-t-il ajout\u00e9. \u00ab Il faut pour cela aller plus vite, prendre nos d\u00e9cisions plus rapidement, plus fortement en Europ\u00e9ens, simplifier nos r\u00e8gles \u00bb et \u00ab investir davantage \u00bb.<\/p>\n","protected":false},"excerpt":{"rendered":"<p>C\u2019est un exercice annuel auquel&nbsp;Emmanuel Macron&nbsp;est habitu\u00e9. Mais \u00e0 la fin de cette ann\u00e9e&nbsp;2024, le pr\u00e9sident de la R\u00e9publique fran\u00e7aise doit faire face \u00e0 un bilan plus contrast\u00e9. Il a notamment reconnu ce mardi que la&nbsp;dissolution&nbsp;qu\u2019il a d\u00e9cid\u00e9e en juin avait \u00ab&nbsp;apport\u00e9 pour le moment davantage de divisions \u00e0&nbsp;l\u2019Assembl\u00e9e&nbsp;que de solutions pour les Fran\u00e7ais&nbsp;\u00bb, et [&hellip;]<\/p>\n","protected":false},"author":2,"featured_media":32207,"comment_status":"open","ping_status":"open","sticky":false,"template":"","format":"standard","meta":{"_jetpack_memberships_contains_paid_content":false,"footnotes":"","jetpack_publicize_message":"","jetpack_publicize_feature_enabled":true,"jetpack_social_post_already_shared":true,"jetpack_social_options":{"image_generator_settings":{"template":"highway","enabled":true,"token":"eyJpbWciOiJodHRwczpcL1wvd3d3LmljZWFnZXR2LmNvbVwvcmFkaW9zaXRlXC93cC1jb250ZW50XC91cGxvYWRzXC8yMDI1XC8wMVwvVm9ldXgtZEVtbWFudWVsLU1hY3Jvbi5qcGciLCJ0eHQiOiJWXHUwMTUzdXggZFx1MjAxOUVtbWFudWVsIE1hY3Jvblx1MDBhMDogQ2UgcXVcdTIwMTlpbCBmYXV0IHJldGVuaXIgZGUgbFx1MjAxOWFsbG9jdXRpb24gZHUgcHJcdTAwZTlzaWRlbnQiLCJ0ZW1wbGF0ZSI6ImhpZ2h3YXkiLCJibG9nX2lkIjoxMTEwMTY0NjF9.S6YqzxmZt3GPKLJOweYPVFFyDBvURfexkUzTYYL6GD4MQ"},"version":2},"_wpas_customize_per_network":false},"categories":[405],"tags":[],"class_list":["post-32206","post","type-post","status-publish","format-standard","has-post-thumbnail","hentry","category-actu-france-monde"],"jetpack_publicize_connections":[],"jetpack_featured_media_url":"https:\/\/i0.wp.com\/www.iceagetv.com\/radiosite\/wp-content\/uploads\/2025\/01\/Voeux-dEmmanuel-Macron.jpg?fit=790%2C503&ssl=1","jetpack_sharing_enabled":true,"_links":{"self":[{"href":"https:\/\/www.iceagetv.com\/radiosite\/wp-json\/wp\/v2\/posts\/32206","targetHints":{"allow":["GET"]}}],"collection":[{"href":"https:\/\/www.iceagetv.com\/radiosite\/wp-json\/wp\/v2\/posts"}],"about":[{"href":"https:\/\/www.iceagetv.com\/radiosite\/wp-json\/wp\/v2\/types\/post"}],"author":[{"embeddable":true,"href":"https:\/\/www.iceagetv.com\/radiosite\/wp-json\/wp\/v2\/users\/2"}],"replies":[{"embeddable":true,"href":"https:\/\/www.iceagetv.com\/radiosite\/wp-json\/wp\/v2\/comments?post=32206"}],"version-history":[{"count":1,"href":"https:\/\/www.iceagetv.com\/radiosite\/wp-json\/wp\/v2\/posts\/32206\/revisions"}],"predecessor-version":[{"id":32208,"href":"https:\/\/www.iceagetv.com\/radiosite\/wp-json\/wp\/v2\/posts\/32206\/revisions\/32208"}],"wp:featuredmedia":[{"embeddable":true,"href":"https:\/\/www.iceagetv.com\/radiosite\/wp-json\/wp\/v2\/media\/32207"}],"wp:attachment":[{"href":"https:\/\/www.iceagetv.com\/radiosite\/wp-json\/wp\/v2\/media?parent=32206"}],"wp:term":[{"taxonomy":"category","embeddable":true,"href":"https:\/\/www.iceagetv.com\/radiosite\/wp-json\/wp\/v2\/categories?post=32206"},{"taxonomy":"post_tag","embeddable":true,"href":"https:\/\/www.iceagetv.com\/radiosite\/wp-json\/wp\/v2\/tags?post=32206"}],"curies":[{"name":"wp","href":"https:\/\/api.w.org\/{rel}","templated":true}]}}