{"id":32216,"date":"2025-01-01T11:48:35","date_gmt":"2025-01-01T10:48:35","guid":{"rendered":"https:\/\/www.iceagetv.com\/radiosite\/?p=32216"},"modified":"2025-01-01T11:48:39","modified_gmt":"2025-01-01T10:48:39","slug":"violences-lors-du-reveillon-un-jeune-de-15-ans-mort-apres-avoir-ete-renverse-par-une-voiture-a-strasbourg-a-lyon-un-enfant-de-2-ans-blesse-a-loeil-par-un-tir-de-mortier-dartifice","status":"publish","type":"post","link":"https:\/\/www.iceagetv.com\/radiosite\/violences-lors-du-reveillon-un-jeune-de-15-ans-mort-apres-avoir-ete-renverse-par-une-voiture-a-strasbourg-a-lyon-un-enfant-de-2-ans-blesse-a-loeil-par-un-tir-de-mortier-dartifice\/","title":{"rendered":"Violences lors du R\u00e9veillon: Un jeune de 15 ans mort apr\u00e8s avoir \u00e9t\u00e9 renvers\u00e9 par une voiture \u00e0 Strasbourg &#8211; A Lyon, un enfant de 2 ans bless\u00e9 \u00e0 l\u2019oeil par un tir de mortier d\u2019artifice &#8211; 136 personnes interpell\u00e9es \u00e0 Paris"},"content":{"rendered":"\n<p class=\"\">1<strong>36 personnes ont \u00e9t\u00e9 interpell\u00e9es \u00e0\u00a0Paris\u00a0en marge des festivit\u00e9s du Nouvel An, rapporte\u00a0<a href=\"https:\/\/www.bfmtv.com\/paris\/info-bfmtv-paris-136-personnes-interpellees-en-marge-des-festivites-du-nouvel-an_AN-202501010189.html\" target=\"_blank\" rel=\"noreferrer noopener\">BFMTV<\/a>.\u00a0<\/strong>Pour m\u00e9moire, pour les festivit\u00e9s, 10.000 forces de s\u00e9curit\u00e9 avaient \u00e9t\u00e9 d\u00e9ploy\u00e9es dans la capitale.<strong>Un enfant de deux ans a \u00e9t\u00e9 bless\u00e9 par un tir de mortier dans la nuit du&nbsp;Nouvel An, a appris l\u2019AFP de source polici\u00e8re.&nbsp;<\/strong>Les policiers ont \u00e9t\u00e9 appel\u00e9s \u00e0 00h10 mercredi pour un enfant bless\u00e9 par un mortier d&rsquo;artifice, sur la&nbsp;place Bellecour&nbsp;\u00e0 Lyon, selon cette source. Ses parents ont d\u00e9clar\u00e9 sur place qu&rsquo;il avait \u00e9t\u00e9 atteint \u00e0 un \u0153il et une oreille.<\/p>\n\n\n\n<p class=\"\">L&rsquo;enfant a \u00e9t\u00e9 pris en charge par les secours. Son pronostic vital n&rsquo;est pas engag\u00e9, mais il risque une infirmit\u00e9 permanente. L&rsquo;origine des tirs, dans une zone couverte par la vid\u00e9oprotection, reste \u00e0 d\u00e9terminer. La police a \u00e9t\u00e9 charg\u00e9e de l&rsquo;enqu\u00eate.<strong>Un adolescent de 15 ans est d\u00e9c\u00e9d\u00e9 dans la nuit du Nouvel An \u00e0 Strasbourg apr\u00e8s avoir \u00e9t\u00e9 renvers\u00e9 par une voiture qui a pris la fuite, a appris l\u2019AFP mercredi de sources polici\u00e8res.<\/strong>&nbsp;Les faits se sont produits vers 1 heure dans la nuit. La victime a dans un premier temps \u00e9t\u00e9 transport\u00e9e \u00e0 l&rsquo;h\u00f4pital avec un pronostic vital engag\u00e9, mais elle est d\u00e9c\u00e9d\u00e9e plus tard. L&rsquo;accident s&rsquo;est d\u00e9roul\u00e9 dans le quartier de la Cit\u00e9 de l&rsquo;Ill, a pr\u00e9cis\u00e9 \u00e0 l&rsquo;AFP la pr\u00e9fecture. Il s&rsquo;agit d&rsquo;un quartier sensible du nord de Strasbourg. Le conducteur du v\u00e9hicule a pris la fuite, a indiqu\u00e9 une autre source polici\u00e8re.<\/p>\n\n\n\n<p class=\"\"><strong>\u00a0<a href=\"https:\/\/www.cnews.fr\/faits-divers\/2025-01-01\/adolescent-mort-strasbourg-bebe-blesse-par-un-tir-de-mortier-dartifice-lyon\" target=\"_blank\" rel=\"noreferrer noopener\">CNews<\/a>\u00a0fait un premier point ce matin sur les violences survenues cette nuit lors du r\u00e9veillon<\/strong><\/p>\n\n\n\n<p class=\"\">&#8211; \u00c0 Lyon, place Bellecour aux alentours de minuit, un enfant de 2 ans a \u00e9t\u00e9 bless\u00e9 \u00e0 l&rsquo;\u0153il par un tir de mortier<\/p>\n\n\n\n<p class=\"\">&#8211; \u00c0 Strasbourg, un adolescent \u00e2g\u00e9 de 15 ans est d\u00e9c\u00e9d\u00e9 apr\u00e8s avoir \u00e9t\u00e9 renvers\u00e9 par une voiture. Le conducteur est en fuite<\/p>\n\n\n\n<p class=\"\">&#8211; \u00c0 Sarrebourg (Moselle), une \u00e9cole a \u00e9t\u00e9 victime d\u2019un incendie volontaire.<\/p>\n\n\n\n<p class=\"\">&#8211; A Valenciennes, trois personnes ont \u00e9t\u00e9 interpell\u00e9es pour rod\u00e9o urbain et tirs de mortier<\/p>\n\n\n\n<p class=\"\"><strong>Des violences ont \u00e9galement \u00e9clat\u00e9 \u00e0 Bruxelles o\u00f9 des policiers ont \u00e9t\u00e9 vis\u00e9s par des cocktails molotovSelon le site Actu 17, un fourgon s\u00e9rigraphi\u00e9 de police a \u00e9t\u00e9 incendi\u00e9 \u00e0 proximit\u00e9 du commissariat du XXe arrondissement de paris ce mardi soir<\/strong><strong>&nbsp;Bruno Retailleau, a annonc\u00e9, cette nuit la saisie de plus de 320 kg de mortiers d&rsquo;artifices, par le commissariat de police d&rsquo;Aubervilliers en Seine-Saint-Denis. \u00ab\u00a0Un signal\u00a0\u00bb, selon le ministre de l&rsquo;Int\u00e9rieur qui s&rsquo;est rendu sur place pour f\u00e9liciter les \u00e9quipes.<\/strong><\/p>\n\n\n\n<p class=\"\">\u00ab\u00a0On avait l&rsquo;habitude que, pendant la nuit du r\u00e9veillon, ce soit le palmar\u00e8s des voitures br\u00fbl\u00e9es, et malheureusement, de plus en plus ce sont des tirs de mortiers, qui peuvent \u00eatre dangereux\u00a0\u00bb, a avanc\u00e9 Bruno Retailleau, rappelant qu&rsquo;il peut s&rsquo;agir d&rsquo;une arme par destination. Des policiers, gendarmes et pompiers sont r\u00e9guli\u00e8rement vis\u00e9s, et bless\u00e9s par leur usage, a soulign\u00e9 le ministre.<\/p>\n\n\n\n<p class=\"\">Le ministre a \u00e9galement \u00e9voqu\u00e9 \u00ab\u00a0un symbole\u00a0\u00bb, rappelant que ce m\u00eame commissariat avait \u00e9t\u00e9 \u00ab\u00a0attaqu\u00e9 tr\u00e8s durement\u00a0\u00bb avec des mortiers d&rsquo;artifices en 2023. \u00ab\u00a0C&rsquo;est un donn\u00e9 pour un rendu\u00a0\u00bb, a-t-il assur\u00e9. Au total, 10.000 policiers et gendarmes sont mobilis\u00e9s \u00e0 Paris et en petite couronne \u00e0 l&rsquo;occasion de la soir\u00e9e du r\u00e9veillon de la Saint-Sylvestre.<strong>Un jeune homme de 21 ans a \u00e9t\u00e9 gri\u00e8vement bless\u00e9 par des tirs \u00e0 la Kalachnikov, dans le quartier de la Rocade \u00e0 Avignon, ce lundi soir. Son pronostic vital \u00e9tait engag\u00e9 lorsqu&rsquo;il a \u00e9t\u00e9 transport\u00e9 \u00e0 l&rsquo;h\u00f4pital, pr\u00e9cise une source proche de l&rsquo;enqu\u00eate, confirmant une information de La Provence.<\/strong>\u00a0La victime se trouvait devant un bar-restaurant sur l&rsquo;avenue de Tarascon lorsqu&rsquo;elle a \u00e9t\u00e9 prise pour cible par un tireur, peu avant 21 heures. Bless\u00e9, le jeune homme s&rsquo;est r\u00e9fugi\u00e9 dans le restaurant. Le tireur a ouvert le feu une nouvelle fois sur lui avant de prendre la fuite.<\/p>\n","protected":false},"excerpt":{"rendered":"<p>136 personnes ont \u00e9t\u00e9 interpell\u00e9es \u00e0\u00a0Paris\u00a0en marge des festivit\u00e9s du Nouvel An, rapporte\u00a0BFMTV.\u00a0Pour m\u00e9moire, pour les festivit\u00e9s, 10.000 forces de s\u00e9curit\u00e9 avaient \u00e9t\u00e9 d\u00e9ploy\u00e9es dans la capitale.Un enfant de deux ans a \u00e9t\u00e9 bless\u00e9 par un tir de mortier dans la nuit du&nbsp;Nouvel An, a appris l\u2019AFP de source polici\u00e8re.&nbsp;Les policiers ont \u00e9t\u00e9 appel\u00e9s \u00e0 [&hellip;]<\/p>\n","protected":false},"author":2,"featured_media":32217,"comment_status":"open","ping_status":"open","sticky":false,"template":"","format":"standard","meta":{"_jetpack_memberships_contains_paid_content":false,"footnotes":"","jetpack_publicize_message":"","jetpack_publicize_feature_enabled":true,"jetpack_social_post_already_shared":true,"jetpack_social_options":{"image_generator_settings":{"template":"highway","enabled":true,"token":"eyJpbWciOiJodHRwczpcL1wvd3d3LmljZWFnZXR2LmNvbVwvcmFkaW9zaXRlXC93cC1jb250ZW50XC91cGxvYWRzXC8yMDI1XC8wMVwvZkFZWnVFOFcuanBnIiwidHh0IjoiVmlvbGVuY2VzIGxvcnMgZHUgUlx1MDBlOXZlaWxsb246IFVuIGpldW5lIGRlIDE1IGFucyBtb3J0IGFwclx1MDBlOHMgYXZvaXIgXHUwMGU5dFx1MDBlOSByZW52ZXJzXHUwMGU5IHBhciB1bmUgdm9pdHVyZSBcdTAwZTAgU3RyYXNib3VyZyAmIzgyMTE7IEEgTHlvbiwgdW4gZW5mYW50IGRlIDIgYW5zIGJsZXNzXHUwMGU5IFx1MDBlMCBsXHUyMDE5b2VpbCBwYXIgdW4gdGlyIGRlIG1vcnRpZXIgZFx1MjAxOWFydGlmaWNlICYjODIxMTsgMTM2IHBlcnNvbm5lcyBpbnRlcnBlbGxcdTAwZTllcyBcdTAwZTAgUGFyaXMiLCJ0ZW1wbGF0ZSI6ImhpZ2h3YXkiLCJibG9nX2lkIjoxMTEwMTY0NjF9.QrA2lK33zXgEjkwHxk-ZcLScTKK0zgklVHTpMeRSaNAMQ"},"version":2},"_wpas_customize_per_network":false},"categories":[405],"tags":[],"class_list":["post-32216","post","type-post","status-publish","format-standard","has-post-thumbnail","hentry","category-actu-france-monde"],"jetpack_publicize_connections":[],"jetpack_featured_media_url":"https:\/\/i0.wp.com\/www.iceagetv.com\/radiosite\/wp-content\/uploads\/2025\/01\/fAYZuE8W.jpg?fit=679%2C293&ssl=1","jetpack_sharing_enabled":true,"_links":{"self":[{"href":"https:\/\/www.iceagetv.com\/radiosite\/wp-json\/wp\/v2\/posts\/32216","targetHints":{"allow":["GET"]}}],"collection":[{"href":"https:\/\/www.iceagetv.com\/radiosite\/wp-json\/wp\/v2\/posts"}],"about":[{"href":"https:\/\/www.iceagetv.com\/radiosite\/wp-json\/wp\/v2\/types\/post"}],"author":[{"embeddable":true,"href":"https:\/\/www.iceagetv.com\/radiosite\/wp-json\/wp\/v2\/users\/2"}],"replies":[{"embeddable":true,"href":"https:\/\/www.iceagetv.com\/radiosite\/wp-json\/wp\/v2\/comments?post=32216"}],"version-history":[{"count":1,"href":"https:\/\/www.iceagetv.com\/radiosite\/wp-json\/wp\/v2\/posts\/32216\/revisions"}],"predecessor-version":[{"id":32218,"href":"https:\/\/www.iceagetv.com\/radiosite\/wp-json\/wp\/v2\/posts\/32216\/revisions\/32218"}],"wp:featuredmedia":[{"embeddable":true,"href":"https:\/\/www.iceagetv.com\/radiosite\/wp-json\/wp\/v2\/media\/32217"}],"wp:attachment":[{"href":"https:\/\/www.iceagetv.com\/radiosite\/wp-json\/wp\/v2\/media?parent=32216"}],"wp:term":[{"taxonomy":"category","embeddable":true,"href":"https:\/\/www.iceagetv.com\/radiosite\/wp-json\/wp\/v2\/categories?post=32216"},{"taxonomy":"post_tag","embeddable":true,"href":"https:\/\/www.iceagetv.com\/radiosite\/wp-json\/wp\/v2\/tags?post=32216"}],"curies":[{"name":"wp","href":"https:\/\/api.w.org\/{rel}","templated":true}]}}