{"id":32230,"date":"2025-01-01T14:32:08","date_gmt":"2025-01-01T13:32:08","guid":{"rendered":"https:\/\/www.iceagetv.com\/radiosite\/?p=32230"},"modified":"2025-01-01T14:32:12","modified_gmt":"2025-01-01T13:32:12","slug":"feux-dartifice-cinq-morts-et-plusieurs-blesses-graves-lors-du-nouvel-an-en-allemagne","status":"publish","type":"post","link":"https:\/\/www.iceagetv.com\/radiosite\/feux-dartifice-cinq-morts-et-plusieurs-blesses-graves-lors-du-nouvel-an-en-allemagne\/","title":{"rendered":"Feux d\u2019artifice\u00a0: cinq morts et plusieurs bless\u00e9s graves lors du Nouvel An en Allemagne"},"content":{"rendered":"\n<p class=\"\">Cinq personnes sont d\u00e9c\u00e9d\u00e9es accidentellement lors de la nuit du Nouvel An dans plusieurs r\u00e9gions d\u2019Allemagne\u00a0<a href=\"https:\/\/www.lavoixdunord.fr\/1538911\/article\/2024-12-31\/dans-le-douaisis-malgre-l-interdiction-vend-encore-des-feux-d-artifice-pour-le\" target=\"_blank\" rel=\"noreferrer noopener\">en allumant des feux d\u2019artifice puissants<\/a>, et un policier a \u00e9t\u00e9 gri\u00e8vement bless\u00e9 en \u00e9tant vis\u00e9 par un de ces engins \u00e0 Berlin, ont indiqu\u00e9 mercredi les autorit\u00e9s. Dans la capitale allemande, o\u00f9 les forces de l\u2019ordre avaient mobilis\u00e9 un important dispositif dans la crainte de d\u00e9bordements, quelque 330 personnes ont \u00e9t\u00e9 interpell\u00e9es, a pr\u00e9cis\u00e9 la police.Bombe pyrotechnique&nbsp;\u00bb<\/p>\n\n\n\n<p class=\"\">Au total, 13 agents des forces de l\u2019ordre ont \u00e9t\u00e9 bless\u00e9s, dont un gri\u00e8vement, qui a d\u00fb \u00eatre op\u00e9r\u00e9. Ce dernier a \u00e9t\u00e9 touch\u00e9 par un feu d\u2019artifice&nbsp;<a href=\"https:\/\/www.lavoixdunord.fr\/1538605\/article\/2024-12-30\/pas-de-calais-les-feux-d-artifice-interdits-aux-particuliers-pour-le-nouvel\" target=\"_blank\" rel=\"noreferrer noopener\">de fabrication ill\u00e9gale<\/a>, selon un porte-parole, Florian Nath. Plusieurs policiers et secouristes ont \u00e9t\u00e9 vis\u00e9s par des engins pyrotechniques lors de leurs interventions dans la nuit de la Saint-Sylvestre, a-t-il dit, toutefois, globalement, et contrairement \u00e0 certaines ann\u00e9es \u00e0 Berlin, \u00ab<em>&nbsp;il n\u2019y a pas eu de violences ou incidents majeurs<\/em>&nbsp;\u00bb, a-t-il soulign\u00e9.<\/p>\n\n\n\n<p class=\"\">Concernant les d\u00e9c\u00e8s accidentels, pr\u00e8s de Paderborn, en Rh\u00e9nanie du Nord-Westphalie, dans le nord-ouest du pays, un jeune homme de 24 ans a p\u00e9ri en faisant exploser une fus\u00e9e pyrotechnique, selon la police locale, qui pense que la victime avait lui-m\u00eame fabriqu\u00e9 l\u2019engin. \u00c0 Oschatz en Saxe (Est), un homme de 45 ans est mort de graves blessures \u00e0 la t\u00eate en mettant le feu \u00e0 une \u00ab<em>\u00a0bombe pyrotechnique<\/em>\u00a0\u00bb. Il s\u2019agissait, selon la police, d\u2019un puissant feu d\u2019artifice de cat\u00e9gorie F4, dont l\u2019acquisition n\u00e9cessite une autorisation sp\u00e9ciale.<br>Cinq personnes sont d\u00e9c\u00e9d\u00e9es accidentellement lors de la nuit du Nouvel An dans plusieurs r\u00e9gions d\u2019Allemagne&nbsp;<a href=\"https:\/\/www.lavoixdunord.fr\/1538911\/article\/2024-12-31\/dans-le-douaisis-malgre-l-interdiction-vend-encore-des-feux-d-artifice-pour-le\" target=\"_blank\" rel=\"noreferrer noopener\">en allumant des feux d\u2019artifice puissants<\/a>, et un policier a \u00e9t\u00e9 gri\u00e8vement bless\u00e9 en \u00e9tant vis\u00e9 par un de ces engins \u00e0 Berlin, ont indiqu\u00e9 mercredi les autorit\u00e9s. Dans la capitale allemande, o\u00f9 les forces de l\u2019ordre avaient mobilis\u00e9 un important dispositif dans la crainte de d\u00e9bordements, quelque 330 personnes ont \u00e9t\u00e9 interpell\u00e9es, a pr\u00e9cis\u00e9 la police.<\/p>\n\n\n\n<h2 class=\"wp-block-heading\">\u00ab&nbsp;Bombe pyrotechnique&nbsp;\u00bb<\/h2>\n\n\n\n<p class=\"\">Au total, 13 agents des forces de l\u2019ordre ont \u00e9t\u00e9 bless\u00e9s, dont un gri\u00e8vement, qui a d\u00fb \u00eatre op\u00e9r\u00e9. Ce dernier a \u00e9t\u00e9 touch\u00e9 par un feu d\u2019artifice&nbsp;<a href=\"https:\/\/www.lavoixdunord.fr\/1538605\/article\/2024-12-30\/pas-de-calais-les-feux-d-artifice-interdits-aux-particuliers-pour-le-nouvel\" target=\"_blank\" rel=\"noreferrer noopener\">de fabrication ill\u00e9gale<\/a>, selon un porte-parole, Florian Nath. Plusieurs policiers et secouristes ont \u00e9t\u00e9 vis\u00e9s par des engins pyrotechniques lors de leurs interventions dans la nuit de la Saint-Sylvestre, a-t-il dit, toutefois, globalement, et contrairement \u00e0 certaines ann\u00e9es \u00e0 Berlin, \u00ab<em>&nbsp;il n\u2019y a pas eu de violences ou incidents majeurs<\/em>&nbsp;\u00bb, a-t-il soulign\u00e9.<\/p>\n\n\n\n<p class=\"\">Concernant les d\u00e9c\u00e8s accidentels, pr\u00e8s de Paderborn, en Rh\u00e9nanie du Nord-Westphalie, dans le nord-ouest du pays, un jeune homme de 24 ans a p\u00e9ri en faisant exploser une fus\u00e9e pyrotechnique, selon la police locale, qui pense que la victime avait lui-m\u00eame fabriqu\u00e9 l\u2019engin. \u00c0 Oschatz en Saxe (Est), un homme de 45 ans est mort de graves blessures \u00e0 la t\u00eate en mettant le feu \u00e0 une \u00ab<em>&nbsp;bombe pyrotechnique<\/em>&nbsp;\u00bb. Il s\u2019agissait, selon la police, d\u2019un puissant feu d\u2019artifice de cat\u00e9gorie F4, dont l\u2019acquisition n\u00e9cessite une autorisation sp\u00e9ciale.<\/p>\n\n\n\n<h2 class=\"wp-block-heading\">Un d\u00e9bat r\u00e9current<\/h2>\n\n\n\n<p class=\"\">Dans la m\u00eame r\u00e9gion de Saxe, un homme de 50 ans a succomb\u00e9 dans la localit\u00e9 de Hartha en voulant faire d\u00e9toner une bombe pyrotechnique dans un tuyau. La victime a l\u00e0 aussi subi de graves blessures \u00e0 la t\u00eate et est d\u00e9c\u00e9d\u00e9e sur les lieux, selon un porte-parole de la police. Pr\u00e8s de Hambourg, dans le nord, un jeune homme de 20 ans est mort en allumant un engin pyrotechnique. Enfin, \u00e0 Kremen dans la r\u00e9gion du Brandebourg, qui entoure Berlin, un cinqui\u00e8me homme est d\u00e9c\u00e9d\u00e9 lors de \u00ab<em>&nbsp;l\u2019allumage d\u2019engins pyrotechniques<\/em>&nbsp;\u00bb avec une \u00ab<em>&nbsp;manipulation inappropri\u00e9e<\/em>&nbsp;\u00bb, a indiqu\u00e9 \u00e0 l\u2019AFP un porte-parole de la police locale. Dans cette r\u00e9gion trois autres hommes ont \u00e9t\u00e9 gri\u00e8vement bless\u00e9s dans des circonstances similaires.<\/p>\n\n\n\n<p class=\"\">Les Allemands c\u00e9l\u00e8brent traditionnellement le Nouvel An par un recours particuli\u00e8rement intense aux feux d\u2019artifice, qui nourrit r\u00e9guli\u00e8rement un d\u00e9bat sur l\u2019interdiction des engins pyrotechniques les plus puissants, en raison chaque ann\u00e9e d\u2019un nombre \u00e9lev\u00e9 de d\u00e9c\u00e8s et blessures, mais aussi de la pollution et des nuisances sonores qu\u2019ils provoquent. Par ailleurs, la nuit du Nouvel An a \u00e9t\u00e9 marqu\u00e9e \u00e0 Berlin par une grosse rupture de canalisation, qui a priv\u00e9 d\u2019eau des dizaines de milliers d\u2019habitants pendant plusieurs heures dans divers quartiers de la capitale, selon les autorit\u00e9s locales.<\/p>\n","protected":false},"excerpt":{"rendered":"<p>Cinq personnes sont d\u00e9c\u00e9d\u00e9es accidentellement lors de la nuit du Nouvel An dans plusieurs r\u00e9gions d\u2019Allemagne\u00a0en allumant des feux d\u2019artifice puissants, et un policier a \u00e9t\u00e9 gri\u00e8vement bless\u00e9 en \u00e9tant vis\u00e9 par un de ces engins \u00e0 Berlin, ont indiqu\u00e9 mercredi les autorit\u00e9s. Dans la capitale allemande, o\u00f9 les forces de l\u2019ordre avaient mobilis\u00e9 un [&hellip;]<\/p>\n","protected":false},"author":2,"featured_media":32231,"comment_status":"open","ping_status":"open","sticky":false,"template":"","format":"standard","meta":{"_jetpack_memberships_contains_paid_content":false,"footnotes":"","jetpack_publicize_message":"","jetpack_publicize_feature_enabled":true,"jetpack_social_post_already_shared":true,"jetpack_social_options":{"image_generator_settings":{"template":"highway","enabled":true,"token":"eyJpbWciOiJodHRwczpcL1wvd3d3LmljZWFnZXR2LmNvbVwvcmFkaW9zaXRlXC93cC1jb250ZW50XC91cGxvYWRzXC8yMDI1XC8wMVwvWTVYNVE4N0cuanBnIiwidHh0IjoiRmV1eCBkXHUyMDE5YXJ0aWZpY2VcdTAwYTA6IGNpbnEgbW9ydHMgZXQgcGx1c2lldXJzIGJsZXNzXHUwMGU5cyBncmF2ZXMgbG9ycyBkdSBOb3V2ZWwgQW4gZW4gQWxsZW1hZ25lIiwidGVtcGxhdGUiOiJoaWdod2F5IiwiYmxvZ19pZCI6MTExMDE2NDYxfQ.Rzh1w7OKGqvLDgHz6Nrx4o-40qfB_0gRkQCVmJWg1FIMQ"},"version":2},"_wpas_customize_per_network":false},"categories":[405],"tags":[],"class_list":["post-32230","post","type-post","status-publish","format-standard","has-post-thumbnail","hentry","category-actu-france-monde"],"jetpack_publicize_connections":[],"jetpack_featured_media_url":"https:\/\/i0.wp.com\/www.iceagetv.com\/radiosite\/wp-content\/uploads\/2025\/01\/Y5X5Q87G.jpg?fit=680%2C356&ssl=1","jetpack_sharing_enabled":true,"_links":{"self":[{"href":"https:\/\/www.iceagetv.com\/radiosite\/wp-json\/wp\/v2\/posts\/32230","targetHints":{"allow":["GET"]}}],"collection":[{"href":"https:\/\/www.iceagetv.com\/radiosite\/wp-json\/wp\/v2\/posts"}],"about":[{"href":"https:\/\/www.iceagetv.com\/radiosite\/wp-json\/wp\/v2\/types\/post"}],"author":[{"embeddable":true,"href":"https:\/\/www.iceagetv.com\/radiosite\/wp-json\/wp\/v2\/users\/2"}],"replies":[{"embeddable":true,"href":"https:\/\/www.iceagetv.com\/radiosite\/wp-json\/wp\/v2\/comments?post=32230"}],"version-history":[{"count":1,"href":"https:\/\/www.iceagetv.com\/radiosite\/wp-json\/wp\/v2\/posts\/32230\/revisions"}],"predecessor-version":[{"id":32232,"href":"https:\/\/www.iceagetv.com\/radiosite\/wp-json\/wp\/v2\/posts\/32230\/revisions\/32232"}],"wp:featuredmedia":[{"embeddable":true,"href":"https:\/\/www.iceagetv.com\/radiosite\/wp-json\/wp\/v2\/media\/32231"}],"wp:attachment":[{"href":"https:\/\/www.iceagetv.com\/radiosite\/wp-json\/wp\/v2\/media?parent=32230"}],"wp:term":[{"taxonomy":"category","embeddable":true,"href":"https:\/\/www.iceagetv.com\/radiosite\/wp-json\/wp\/v2\/categories?post=32230"},{"taxonomy":"post_tag","embeddable":true,"href":"https:\/\/www.iceagetv.com\/radiosite\/wp-json\/wp\/v2\/tags?post=32230"}],"curies":[{"name":"wp","href":"https:\/\/api.w.org\/{rel}","templated":true}]}}