{"id":32255,"date":"2025-01-02T10:48:42","date_gmt":"2025-01-02T09:48:42","guid":{"rendered":"https:\/\/www.iceagetv.com\/radiosite\/?p=32255"},"modified":"2025-01-02T10:48:46","modified_gmt":"2025-01-02T09:48:46","slug":"inscription-a-france-travail-15h-dactivite-la-reforme-du-rsa-generalisee-ce-1er-janvier","status":"publish","type":"post","link":"https:\/\/www.iceagetv.com\/radiosite\/inscription-a-france-travail-15h-dactivite-la-reforme-du-rsa-generalisee-ce-1er-janvier\/","title":{"rendered":"Inscription \u00e0 France Travail, 15h d&rsquo;activit\u00e9: la r\u00e9forme du RSA g\u00e9n\u00e9ralis\u00e9e ce 1er janvier"},"content":{"rendered":"\n<p class=\"\">Apr\u00e8s une exp\u00e9rimentation de 18 mois dans 49 d\u00e9partements, la r\u00e9forme du RSA entre en vigueur dans toute la France ce mercredi. Tous les allocataires seront automatiquement inscrits \u00e0 France Travail et devront souscrire un \u00ab\u00a0contrat d&rsquo;engagement\u00a0\u00bb qui pourra les amener \u00e0 effectuer 15 heures d&rsquo;activit\u00e9 par semaine.<\/p>\n\n\n\n<p class=\"\">Exp\u00e9riment\u00e9e depuis un an et demi dans plusieurs d\u00e9partements, la r\u00e9forme du RSA entre en vigueur sur tout le territoire ce mercredi 1er janvier. Une g\u00e9n\u00e9ralisation attendue par la ministre du Travail, Astrid Panosyan-Bouvet, qui affirme que \u00ab\u00a0les exp\u00e9rimentations dans 49 d\u00e9partements\u00a0\u00bb ont mis en \u00e9vidence \u00ab\u00a0un retour \u00e0 l\u2019emploi et \u00e0 l\u2019insertion professionnelle de longue dur\u00e9e de 42% des b\u00e9n\u00e9ficiaires de cette exp\u00e9rimentation\u00a0\u00bb.<\/p>\n\n\n\n<blockquote class=\"wp-block-quote is-layout-flow wp-block-quote-is-layout-flow\">\n<p class=\"\">Il y a en outre \u00ab\u00a0ce qui ne se voit pas dans les chiffres mais qui est la cl\u00e9 de tout: c\u2019est aussi un retour \u00e0 l\u2019estime de soi et \u00e0 la confiance en soi (&#8230;)\u00a0\u00bb, a-t-elle ajout\u00e9.<\/p>\n<\/blockquote>\n\n\n\n<h2 class=\"wp-block-heading\" id=\"imue\">Inscription automatique \u00e0 France Travail<\/h2>\n\n\n\n<p class=\"\">La r\u00e9forme a toutefois&nbsp;<a href=\"https:\/\/www.bfmtv.com\/economie\/economie-social\/social\/des-associations-appellent-a-suspendre-la-generalisation-de-la-reforme-du-rsa_AD-202410140196.html\">suscit\u00e9 quelques controverses<\/a>. Dans le d\u00e9tail, elle pr\u00e9voit d&rsquo;inscrire automatiquement 1,2 million de personnes suppl\u00e9mentaires comme demandeurs d&#8217;emploi \u00e0 France Travail. Il s&rsquo;agit des 40% d&rsquo;allocataires du RSA qui n&rsquo;\u00e9taient pas encore dans les fichiers de l&rsquo;organisme mais aussi de 200.000 jeunes en parcours d&rsquo;insertion dans les missions locales des d\u00e9partements.<\/p>\n\n\n\n<p class=\"\">L&rsquo;ensemble des b\u00e9n\u00e9ficiaires du RSA devront par ailleurs souscrire un \u00ab\u00a0contrat d&rsquo;engagement\u00a0\u00bb pr\u00e9cisant des objectifs d&rsquo;insertion sociale et professionnelle. \u00ab\u00a0Il s&rsquo;agit de mettre fin au ph\u00e9nom\u00e8ne d&rsquo;exclusion qu&rsquo;entra\u00eenait le RSA, qui se r\u00e9sumait \u00e0 une allocation et \u00e0 un manque d&rsquo;accompagnement r\u00e9el pour le retour \u00e0 l&#8217;emploi\u00a0\u00bb, expliquait \u00e0 l&rsquo;AFP Thibaut Guilluy, directeur g\u00e9n\u00e9ral de France Travail.<\/p>\n\n\n\n<p class=\"\">Ces nouveaux demandeurs d&#8217;emploi seront d&rsquo;abord rang\u00e9s dans une \u00ab\u00a0cat\u00e9gorie d&rsquo;attente\u00a0\u00bb nouvellement cr\u00e9\u00e9e nomm\u00e9e G, le temps d&rsquo;\u00eatre r\u00e9partis dans une des cat\u00e9gories de A \u00e0 F \u00e0 l&rsquo;issue de leur entretien d&rsquo;orientation, la cat\u00e9gorie F \u00e9tant elle aussi nouvelle et r\u00e9serv\u00e9e aux personnes \u00ab\u00a0en parcours d&rsquo;insertion sociale\u00a0\u00bb, selon France Travail et les minist\u00e8res du Travail et des Solidarit\u00e9s.15 \u00e0 20 heures d&rsquo;activit\u00e9 par semaine<\/p>\n\n\n\n<p class=\"\">Mais si la r\u00e9forme a \u00e9t\u00e9 controvers\u00e9e c&rsquo;est principalement parce qu&rsquo;elle pr\u00e9voit pour les allocataire du RSA, dans le cadre de leur contrat d&rsquo;engagement, 15 \u00e0 20 heures hebdomadaires d&rsquo;activit\u00e9s, comprenant des entretiens, de la formation, des stages ou des immersions en entreprise.<\/p>\n\n\n\n<p class=\"\">Ce contrat sera personnalis\u00e9 et \u00ab\u00a0ces 15 heures ne sont pas une condition \u00e0 l&rsquo;octroi d&rsquo;une allocation, c&rsquo;est un \u00e9l\u00e9ment au sein du contrat d&rsquo;engagement co-construit entre la personne et l&rsquo;organisme r\u00e9f\u00e9rent\u00a0\u00bb, selon France Travail et les minist\u00e8res du Travail et des Solidarit\u00e9s.<\/p>\n\n\n\n<p class=\"\">Le rapport final d&rsquo;\u00e9valuation de l&rsquo;exp\u00e9rimentation publi\u00e9 en novembre par le minist\u00e8re du Travail a n\u00e9anmoins relev\u00e9 que l&rsquo;objectif des 15 \u00e0 20 heures d&rsquo;activit\u00e9 \u00ab\u00a0suscite des r\u00e9flexions et des d\u00e9bats parmi les professionnels et les allocataires\u00a0\u00bb. \u00ab\u00a0La contrainte administrative de tra\u00e7abilit\u00e9 des 15-20 heures est difficile \u00e0 justifier et peut affecter la relation de confiance avec les b\u00e9n\u00e9ficiaires, voire dans certains cas conduire \u00e0 renoncer au RSA. En pratique, l&rsquo;atteinte de cet objectif est in\u00e9gale, plus accessible pour les allocataires proches de l&#8217;emploi\u00a0\u00bb, pointait l&rsquo;\u00e9valuation.<\/p>\n\n\n\n<p class=\"\">Point positif en revanche: \u00ab\u00a0le renforcement de la confiance en soi et de la capacit\u00e9 \u00e0 agir sont tr\u00e8s souvent observ\u00e9s\u00a0\u00bb, chez les allocataires.<\/p>\n\n\n\n<h2 class=\"wp-block-heading\" id=\"6fpsl\">Quel co\u00fbt?<\/h2>\n\n\n\n<p class=\"\">Le rapport notait en outre que le co\u00fbt moyen de cet accompagnement renforc\u00e9 \u00ab\u00a0oscillerait entre 600 et 1.200 euros par allocataire selon la modalit\u00e9 d&rsquo;accompagnement\u00a0\u00bb et peut grimper jusqu&rsquo;\u00e0 4.000 euros pour des publics rencontrant \u00ab\u00a0des probl\u00e9matiques sp\u00e9cifiques\u00a0\u00bb.<\/p>\n\n\n\n<p class=\"\">Mais \u00ab\u00a0l&rsquo;esprit de cette r\u00e9forme, c&rsquo;est de faire mieux avec moins. Dans le d\u00e9partement du Nord (un des premiers \u00e0 lancer l&rsquo;exp\u00e9rimentation) vous avez 20.000 b\u00e9n\u00e9ficiaires du RSA en moins \u00e0 qui devoir payer des allocations, \u00e7a fait 180 millions d&rsquo;euros d&rsquo;\u00e9conomies (sur une ann\u00e9e). Donc, vous pouvez en r\u00e9investir quelques dizaines de millions d&rsquo;euros dans l&rsquo;insertion. C&rsquo;est rentable, c&rsquo;est bon pour les personnes, c&rsquo;est bon pour les entreprises et c&rsquo;est bon pour les finances publiques\u00a0\u00bb assure Thibaut Guilluy.<\/p>\n\n\n\n<p class=\"\">L'\u00a0\u00bbaccompagnement r\u00e9nov\u00e9\u00a0\u00bb des allocataires a d\u00e9j\u00e0 concern\u00e9 plus de 70.000 personnes en 2024. Il est r\u00e9alis\u00e9 par France Travail mais aussi, pour ceux qui sont les plus \u00e9loign\u00e9s de l&#8217;emploi, par les d\u00e9partements, lesquels versent le RSA et ont le pouvoir de sanctionner les allocataires contrevenants.<\/p>\n\n\n\n<p class=\"\">Selon les statistiques du minist\u00e8re des Solidarit\u00e9s, le nombre des b\u00e9n\u00e9ficiaires du RSA s&rsquo;\u00e9levait \u00e0 1,84 million en septembre 2024. Le montant du RSA s&rsquo;\u00e9l\u00e8ve \u00e0 635,70 pour une personne seule, \u00e0 953,56 euros pour un couple sans enfants et \u00e0 1.334,98 euros pour un couple avec deux enfants. Cette aide est diminu\u00e9e pour les allocataires qui per\u00e7oivent l&rsquo;aide personnalis\u00e9e au logement (APL).<\/p>\n","protected":false},"excerpt":{"rendered":"<p>Apr\u00e8s une exp\u00e9rimentation de 18 mois dans 49 d\u00e9partements, la r\u00e9forme du RSA entre en vigueur dans toute la France ce mercredi. Tous les allocataires seront automatiquement inscrits \u00e0 France Travail et devront souscrire un \u00ab\u00a0contrat d&rsquo;engagement\u00a0\u00bb qui pourra les amener \u00e0 effectuer 15 heures d&rsquo;activit\u00e9 par semaine. Exp\u00e9riment\u00e9e depuis un an et demi dans [&hellip;]<\/p>\n","protected":false},"author":2,"featured_media":32256,"comment_status":"open","ping_status":"open","sticky":false,"template":"","format":"standard","meta":{"_jetpack_memberships_contains_paid_content":false,"footnotes":"","jetpack_publicize_message":"","jetpack_publicize_feature_enabled":true,"jetpack_social_post_already_shared":false,"jetpack_social_options":{"image_generator_settings":{"template":"highway","enabled":true,"token":"eyJpbWciOiJodHRwczpcL1wvd3d3LmljZWFnZXR2LmNvbVwvcmFkaW9zaXRlXC93cC1jb250ZW50XC91cGxvYWRzXC8yMDI1XC8wMVwvbGEtcmVmb3JtZS1kdS1SU0EtZ2VuZXJhbGlzZWUtY2UtMWVyLWphbnZpZXIuanBnIiwidHh0IjoiSW5zY3JpcHRpb24gXHUwMGUwIEZyYW5jZSBUcmF2YWlsLCAxNWggZCYjODIxNzthY3Rpdml0XHUwMGU5OiBsYSByXHUwMGU5Zm9ybWUgZHUgUlNBIGdcdTAwZTluXHUwMGU5cmFsaXNcdTAwZTllIGNlIDFlciBqYW52aWVyIiwidGVtcGxhdGUiOiJoaWdod2F5IiwiYmxvZ19pZCI6MTExMDE2NDYxfQ.OXYS7sDdJBeHrhqqcY_0KnO3bzr7eNjoGbU66GSQ7XwMQ"},"version":2},"_wpas_customize_per_network":false},"categories":[405],"tags":[],"class_list":["post-32255","post","type-post","status-publish","format-standard","has-post-thumbnail","hentry","category-actu-france-monde"],"jetpack_publicize_connections":[],"jetpack_featured_media_url":"https:\/\/i0.wp.com\/www.iceagetv.com\/radiosite\/wp-content\/uploads\/2025\/01\/la-reforme-du-RSA-generalisee-ce-1er-janvier.jpg?fit=529%2C202&ssl=1","jetpack_sharing_enabled":true,"_links":{"self":[{"href":"https:\/\/www.iceagetv.com\/radiosite\/wp-json\/wp\/v2\/posts\/32255","targetHints":{"allow":["GET"]}}],"collection":[{"href":"https:\/\/www.iceagetv.com\/radiosite\/wp-json\/wp\/v2\/posts"}],"about":[{"href":"https:\/\/www.iceagetv.com\/radiosite\/wp-json\/wp\/v2\/types\/post"}],"author":[{"embeddable":true,"href":"https:\/\/www.iceagetv.com\/radiosite\/wp-json\/wp\/v2\/users\/2"}],"replies":[{"embeddable":true,"href":"https:\/\/www.iceagetv.com\/radiosite\/wp-json\/wp\/v2\/comments?post=32255"}],"version-history":[{"count":1,"href":"https:\/\/www.iceagetv.com\/radiosite\/wp-json\/wp\/v2\/posts\/32255\/revisions"}],"predecessor-version":[{"id":32257,"href":"https:\/\/www.iceagetv.com\/radiosite\/wp-json\/wp\/v2\/posts\/32255\/revisions\/32257"}],"wp:featuredmedia":[{"embeddable":true,"href":"https:\/\/www.iceagetv.com\/radiosite\/wp-json\/wp\/v2\/media\/32256"}],"wp:attachment":[{"href":"https:\/\/www.iceagetv.com\/radiosite\/wp-json\/wp\/v2\/media?parent=32255"}],"wp:term":[{"taxonomy":"category","embeddable":true,"href":"https:\/\/www.iceagetv.com\/radiosite\/wp-json\/wp\/v2\/categories?post=32255"},{"taxonomy":"post_tag","embeddable":true,"href":"https:\/\/www.iceagetv.com\/radiosite\/wp-json\/wp\/v2\/tags?post=32255"}],"curies":[{"name":"wp","href":"https:\/\/api.w.org\/{rel}","templated":true}]}}