{"id":32259,"date":"2025-01-02T14:45:00","date_gmt":"2025-01-02T13:45:00","guid":{"rendered":"https:\/\/www.iceagetv.com\/radiosite\/?p=32259"},"modified":"2025-01-02T14:45:04","modified_gmt":"2025-01-02T13:45:04","slug":"pas-de-calais-la-liane-placee-en-vigilance-jaune-crues","status":"publish","type":"post","link":"https:\/\/www.iceagetv.com\/radiosite\/pas-de-calais-la-liane-placee-en-vigilance-jaune-crues\/","title":{"rendered":"Pas-de-Calais: la Liane plac\u00e9e en vigilance jaune crues"},"content":{"rendered":"\n<p class=\"\">La Liane a \u00e9t\u00e9 plac\u00e9e en vigilance jaune aux risques de crues apr\u00e8s de r\u00e9centes pluies. La situation sur l&rsquo;Hem, un temps sous cette m\u00eame vigilance avant qu&rsquo;elle ne soit lev\u00e9e, s&rsquo;est quant \u00e0 elle calm\u00e9e.<\/p>\n\n\n\n<p class=\"\">Le bassin de la Liane a \u00e9t\u00e9 plac\u00e9 en\u00a0<a href=\"https:\/\/www.vigicrues.gouv.fr\/territoire\/29\" target=\"_blank\" rel=\"noreferrer noopener\">vigilance jaune crues<\/a>\u00a0ce jeudi 2 janvier en raison des pluies tomb\u00e9es sur le d\u00e9partement du Pas-de-Calais la veille et dans la nuit. Le cours d&rsquo;eau est particuli\u00e8rement sensible et scrut\u00e9 depuis les derni\u00e8res inondations d\u00e9vastatrices qui ont touch\u00e9 la r\u00e9gion en 2023 et 2024.Appel \u00e0 la prudence<\/p>\n\n\n\n<p class=\"\">Le bassin de la&nbsp;<a href=\"https:\/\/www.bfmtv.com\/grand-littoral\/crues-dans-le-pas-de-calais-fin-de-vigilance-pour-la-liane-l-aa-et-la-hem-la-canche-reste-en-orange_AV-202402090373.html\">Hem<\/a>, \u00e9galement \u00e0 l&rsquo;origine de plusieurs crues importantes ces derni\u00e8res ann\u00e9es, \u00e9tait aussi plac\u00e9 en vigilance jaune dans la nuit ce jeudi avant la lev\u00e9e de l&rsquo;alerte peu avant 10 heures.<\/p>\n\n\n\n<p class=\"\">Sur la Liane, les cumuls de pluie ont occasionn\u00e9 une hausse des niveaux, notamment en aval, et des d\u00e9bordements localis\u00e9s pourraient avoir lieu \u00e0 Isques. Dans cette commune, le niveau d&rsquo;eau a atteint son pic de la journ\u00e9e \u00e0 9h40 avec 2,37 m\u00e8tres, le plus haut niveau relev\u00e9 sur le cours d&rsquo;eau.<\/p>\n\n\n\n<p class=\"\">Si le risque de crues reste faible, la pr\u00e9fecture appelle toutefois \u00e0 la prudence, dans ce d\u00e9partement marqu\u00e9<a href=\"https:\/\/www.bfmtv.com\/grand-lille\/replay-emissions\/bonjour-lille\/inondations-dans-le-pas-de-calais-de-nouvelles-stations-pour-enregistrer-les-hauteurs-d-eau_VN-202411270259.html\">&nbsp;par les intemp\u00e9ries<\/a>&nbsp;et qui essaie encore de&nbsp;<a href=\"https:\/\/www.bfmtv.com\/grand-littoral\/pas-de-calais-un-an-apres-les-inondations-au-marais-de-guines-le-refuge-du-parc-pedagogique-reconstruit-sur-pilotis_AV-202411110635.html\">se reconstruire<\/a>.<\/p>\n\n\n\n<p class=\"\">M\u00e9t\u00e9o-France se prononcera sur le maintien ou non de la vigilance crues sur la Liane \u00e0 16 heures ce jeudi. Le d\u00e9partement du Pas-de-Calais est \u00e9galement plac\u00e9 en vigilance jaune neige-verglas d\u00e8s minuit ce vendredi 3 janvier et jusqu&rsquo;\u00e0 10 heures.<\/p>\n","protected":false},"excerpt":{"rendered":"<p>La Liane a \u00e9t\u00e9 plac\u00e9e en vigilance jaune aux risques de crues apr\u00e8s de r\u00e9centes pluies. La situation sur l&rsquo;Hem, un temps sous cette m\u00eame vigilance avant qu&rsquo;elle ne soit lev\u00e9e, s&rsquo;est quant \u00e0 elle calm\u00e9e. Le bassin de la Liane a \u00e9t\u00e9 plac\u00e9 en\u00a0vigilance jaune crues\u00a0ce jeudi 2 janvier en raison des pluies tomb\u00e9es [&hellip;]<\/p>\n","protected":false},"author":2,"featured_media":32260,"comment_status":"open","ping_status":"open","sticky":false,"template":"","format":"standard","meta":{"_jetpack_memberships_contains_paid_content":false,"footnotes":"","jetpack_publicize_message":"","jetpack_publicize_feature_enabled":true,"jetpack_social_post_already_shared":true,"jetpack_social_options":{"image_generator_settings":{"template":"highway","enabled":true,"token":"eyJpbWciOiJodHRwczpcL1wvd3d3LmljZWFnZXR2LmNvbVwvcmFkaW9zaXRlXC93cC1jb250ZW50XC91cGxvYWRzXC8yMDI1XC8wMVwvMTI2NjQ2OS5qcGciLCJ0eHQiOiJQYXMtZGUtQ2FsYWlzOiBsYSBMaWFuZSBwbGFjXHUwMGU5ZSBlbiB2aWdpbGFuY2UgamF1bmUgY3J1ZXMiLCJ0ZW1wbGF0ZSI6ImhpZ2h3YXkiLCJibG9nX2lkIjoxMTEwMTY0NjF9.VSk9Yyo05_L54X5e-yNy-1d44XfYOy3QwA898G_QnD8MQ"},"version":2},"_wpas_customize_per_network":false},"categories":[14],"tags":[],"class_list":["post-32259","post","type-post","status-publish","format-standard","has-post-thumbnail","hentry","category-actu-meteo"],"jetpack_publicize_connections":[],"jetpack_featured_media_url":"https:\/\/i0.wp.com\/www.iceagetv.com\/radiosite\/wp-content\/uploads\/2025\/01\/1266469.jpg?fit=800%2C450&ssl=1","jetpack_sharing_enabled":true,"_links":{"self":[{"href":"https:\/\/www.iceagetv.com\/radiosite\/wp-json\/wp\/v2\/posts\/32259","targetHints":{"allow":["GET"]}}],"collection":[{"href":"https:\/\/www.iceagetv.com\/radiosite\/wp-json\/wp\/v2\/posts"}],"about":[{"href":"https:\/\/www.iceagetv.com\/radiosite\/wp-json\/wp\/v2\/types\/post"}],"author":[{"embeddable":true,"href":"https:\/\/www.iceagetv.com\/radiosite\/wp-json\/wp\/v2\/users\/2"}],"replies":[{"embeddable":true,"href":"https:\/\/www.iceagetv.com\/radiosite\/wp-json\/wp\/v2\/comments?post=32259"}],"version-history":[{"count":1,"href":"https:\/\/www.iceagetv.com\/radiosite\/wp-json\/wp\/v2\/posts\/32259\/revisions"}],"predecessor-version":[{"id":32261,"href":"https:\/\/www.iceagetv.com\/radiosite\/wp-json\/wp\/v2\/posts\/32259\/revisions\/32261"}],"wp:featuredmedia":[{"embeddable":true,"href":"https:\/\/www.iceagetv.com\/radiosite\/wp-json\/wp\/v2\/media\/32260"}],"wp:attachment":[{"href":"https:\/\/www.iceagetv.com\/radiosite\/wp-json\/wp\/v2\/media?parent=32259"}],"wp:term":[{"taxonomy":"category","embeddable":true,"href":"https:\/\/www.iceagetv.com\/radiosite\/wp-json\/wp\/v2\/categories?post=32259"},{"taxonomy":"post_tag","embeddable":true,"href":"https:\/\/www.iceagetv.com\/radiosite\/wp-json\/wp\/v2\/tags?post=32259"}],"curies":[{"name":"wp","href":"https:\/\/api.w.org\/{rel}","templated":true}]}}