{"id":32283,"date":"2025-01-03T16:14:08","date_gmt":"2025-01-03T15:14:08","guid":{"rendered":"https:\/\/www.iceagetv.com\/radiosite\/?p=32283"},"modified":"2025-01-03T16:14:12","modified_gmt":"2025-01-03T15:14:12","slug":"fin-de-la-prise-dotages-a-la-prison-darles-lhomme-se-serait-rendu-et-a-ete-interpelle-par-les-forces-de-lordre-qui-etaient-sur-place-pas-de-blesse-parmi-les-otages-lci","status":"publish","type":"post","link":"https:\/\/www.iceagetv.com\/radiosite\/fin-de-la-prise-dotages-a-la-prison-darles-lhomme-se-serait-rendu-et-a-ete-interpelle-par-les-forces-de-lordre-qui-etaient-sur-place-pas-de-blesse-parmi-les-otages-lci\/","title":{"rendered":"Fin de la prise d&rsquo;otages \u00e0 la prison d&rsquo;Arles : L&rsquo;homme se serait rendu et a \u00e9t\u00e9 interpell\u00e9 par les forces de l&rsquo;ordre qui \u00e9taient sur place &#8211; Pas de bless\u00e9 parmi les otages (LCI)"},"content":{"rendered":"\n<p class=\"\"><strong>Fin de la prise d&rsquo;otages &#8211; Un d\u00e9tenu de la maison d&rsquo;arr\u00eat retenait, depuis la fin de la matin\u00e9e, quatre infirmiers ainsi qu&rsquo;un surveillant au sein de l&rsquo;unit\u00e9 sanitaire de l&rsquo;\u00e9tablissement. L&rsquo;individu, connu pour des troubles psychiatriques, a \u00e9t\u00e9 interpell\u00e9, a-t-on appris \u00e0 15h45 selon les informations de TF1. BFM ajoute que l&rsquo;homme se serait rendu.. Les otages n&rsquo;ont pas \u00e9t\u00e9 bless\u00e9s mais vont \u00eatre vus par des m\u00e9decins.<\/strong><\/p>\n\n\n\n<p class=\"\">\u00c0 l&rsquo;occasion de soins dans l&rsquo;unit\u00e9 sanitaire de la prison, cet homme de 37 ans, connu pour des troubles psychiatriques et d\u00e9tenu dans le cadre d&rsquo;une proc\u00e9dure criminelle pour viol, en avait profit\u00e9 pour menacer, avec une arme, quatre personnels soignants de la maison d&rsquo;arr\u00eat ainsi qu&rsquo;un surveillant p\u00e9nitentiaire.&nbsp;&nbsp;Il r\u00e9clamait son transfert, selon TF1\/LCI.&nbsp;<\/p>\n\n\n\n<p class=\"\">Les \u00e9quipes de s\u00e9curit\u00e9 p\u00e9nitentiaire (ELSP) ainsi que les ERIS (\u00e9quipes r\u00e9gionales d&rsquo;intervention et de s\u00e9curit\u00e9) avaient \u00e9t\u00e9 envoy\u00e9es sur place. L&rsquo;antenne locale du Raid \u00e9tait \u00e9galement activ\u00e9e.\u00a0<strong>\u00a0Prise d&rsquo;otages \u00e0 la prison d&rsquo;Arles : Une m\u00e9decin a \u00e9t\u00e9 lib\u00e9r\u00e9e un peu avant 15h\u00a0Selon une source polici\u00e8re jointe par franceinfo, le preneur d&rsquo;otage est \u00e2g\u00e9 de 37 ans et incarc\u00e9r\u00e9 pour des faits de viol sous la menace d&rsquo;une arme.<\/strong>\u00a0Il \u00e9tait lib\u00e9rable en 2031 et connu pour avoir des probl\u00e8mes psychiatriques. Selon cette source, il a menac\u00e9 cinq personnes avec des pics artisanaux et revendique d&rsquo;\u00eatre chang\u00e9 de centre p\u00e9nitentiaire. Pour l&rsquo;heure, pr\u00e9cise cette m\u00eame source, la situation reste calme.<strong>Le Garde des Sceaux, G\u00e9rald Darmanin, vient de publier un tweet indiquant que 5 personnes et non pas 4, comme annonc\u00e9 dans un premier temps, sont retenues en otagesLes \u00e9quipes du\u00a0 RAID sont en route pour la prison d&rsquo;Arles o\u00f9 une prise d&rsquo;otages est en cours<\/strong><strong>Selon le quotidien La Provence, depuis la fin de la matin\u00e9e, la maison centrale d&rsquo;Arles, est&nbsp; le th\u00e9\u00e2tre d&rsquo;une prise d&rsquo;otages. Un d\u00e9tenu retiendrait trois personnels m\u00e9dicaux et un surveillant p\u00e9nitentiaire, sous la menace d&rsquo;une arme blanche artisanale.&nbsp;<\/strong><\/p>\n\n\n\n<p class=\"\">Avec 159 places et 137 d\u00e9tenus qui y purgent de longues peines, la maison centrale arl\u00e9sienne, construite au d\u00e9but des ann\u00e9es 1990, n&rsquo;est pas un \u00e9tablissement p\u00e9nitentiaire o\u00f9 l&rsquo;on souffre de cette surporpulation carc\u00e9rale qui d\u00e9fraye parfois la chronique. Le taux d&rsquo;occupation y est en effet de 85%.<\/p>\n","protected":false},"excerpt":{"rendered":"<p>Fin de la prise d&rsquo;otages &#8211; Un d\u00e9tenu de la maison d&rsquo;arr\u00eat retenait, depuis la fin de la matin\u00e9e, quatre infirmiers ainsi qu&rsquo;un surveillant au sein de l&rsquo;unit\u00e9 sanitaire de l&rsquo;\u00e9tablissement. L&rsquo;individu, connu pour des troubles psychiatriques, a \u00e9t\u00e9 interpell\u00e9, a-t-on appris \u00e0 15h45 selon les informations de TF1. BFM ajoute que l&rsquo;homme se serait [&hellip;]<\/p>\n","protected":false},"author":2,"featured_media":32284,"comment_status":"open","ping_status":"open","sticky":false,"template":"","format":"standard","meta":{"_jetpack_memberships_contains_paid_content":false,"footnotes":"","jetpack_publicize_message":"","jetpack_publicize_feature_enabled":true,"jetpack_social_post_already_shared":true,"jetpack_social_options":{"image_generator_settings":{"template":"highway","enabled":true,"token":"eyJpbWciOiJodHRwczpcL1wvd3d3LmljZWFnZXR2LmNvbVwvcmFkaW9zaXRlXC93cC1jb250ZW50XC91cGxvYWRzXC8yMDI1XC8wMVwvcU9yek5vR00uanBnIiwidHh0IjoiRmluIGRlIGxhIHByaXNlIGQmIzgyMTc7b3RhZ2VzIFx1MDBlMCBsYSBwcmlzb24gZCYjODIxNztBcmxlcyA6IEwmIzgyMTc7aG9tbWUgc2Ugc2VyYWl0IHJlbmR1IGV0IGEgXHUwMGU5dFx1MDBlOSBpbnRlcnBlbGxcdTAwZTkgcGFyIGxlcyBmb3JjZXMgZGUgbCYjODIxNztvcmRyZSBxdWkgXHUwMGU5dGFpZW50IHN1ciBwbGFjZSAmIzgyMTE7IFBhcyBkZSBibGVzc1x1MDBlOSBwYXJtaSBsZXMgb3RhZ2VzIChMQ0kpIiwidGVtcGxhdGUiOiJoaWdod2F5IiwiYmxvZ19pZCI6MTExMDE2NDYxfQ.c5ViYdr2aQZCZcy1RUrN-t6fFzYmWejTJOW66EpFnhwMQ"},"version":2},"_wpas_customize_per_network":false},"categories":[405],"tags":[],"class_list":["post-32283","post","type-post","status-publish","format-standard","has-post-thumbnail","hentry","category-actu-france-monde"],"jetpack_publicize_connections":[],"jetpack_featured_media_url":"https:\/\/i0.wp.com\/www.iceagetv.com\/radiosite\/wp-content\/uploads\/2025\/01\/qOrzNoGM.jpg?fit=679%2C293&ssl=1","jetpack_sharing_enabled":true,"_links":{"self":[{"href":"https:\/\/www.iceagetv.com\/radiosite\/wp-json\/wp\/v2\/posts\/32283","targetHints":{"allow":["GET"]}}],"collection":[{"href":"https:\/\/www.iceagetv.com\/radiosite\/wp-json\/wp\/v2\/posts"}],"about":[{"href":"https:\/\/www.iceagetv.com\/radiosite\/wp-json\/wp\/v2\/types\/post"}],"author":[{"embeddable":true,"href":"https:\/\/www.iceagetv.com\/radiosite\/wp-json\/wp\/v2\/users\/2"}],"replies":[{"embeddable":true,"href":"https:\/\/www.iceagetv.com\/radiosite\/wp-json\/wp\/v2\/comments?post=32283"}],"version-history":[{"count":1,"href":"https:\/\/www.iceagetv.com\/radiosite\/wp-json\/wp\/v2\/posts\/32283\/revisions"}],"predecessor-version":[{"id":32285,"href":"https:\/\/www.iceagetv.com\/radiosite\/wp-json\/wp\/v2\/posts\/32283\/revisions\/32285"}],"wp:featuredmedia":[{"embeddable":true,"href":"https:\/\/www.iceagetv.com\/radiosite\/wp-json\/wp\/v2\/media\/32284"}],"wp:attachment":[{"href":"https:\/\/www.iceagetv.com\/radiosite\/wp-json\/wp\/v2\/media?parent=32283"}],"wp:term":[{"taxonomy":"category","embeddable":true,"href":"https:\/\/www.iceagetv.com\/radiosite\/wp-json\/wp\/v2\/categories?post=32283"},{"taxonomy":"post_tag","embeddable":true,"href":"https:\/\/www.iceagetv.com\/radiosite\/wp-json\/wp\/v2\/tags?post=32283"}],"curies":[{"name":"wp","href":"https:\/\/api.w.org\/{rel}","templated":true}]}}