{"id":32287,"date":"2025-01-03T17:57:05","date_gmt":"2025-01-03T16:57:05","guid":{"rendered":"https:\/\/www.iceagetv.com\/radiosite\/?p=32287"},"modified":"2025-01-03T17:57:10","modified_gmt":"2025-01-03T16:57:10","slug":"panique-a-la-fnac-des-champs-elysees-apres-un-mouvement-de-foule-provoque-par-des-soldes-monstres-a-80-le-magasin-a-ete-evacue-restera-ferme-jusqua-lundi-avant-sa-fermeture-definitive-le-12-ja","status":"publish","type":"post","link":"https:\/\/www.iceagetv.com\/radiosite\/panique-a-la-fnac-des-champs-elysees-apres-un-mouvement-de-foule-provoque-par-des-soldes-monstres-a-80-le-magasin-a-ete-evacue-restera-ferme-jusqua-lundi-avant-sa-fermeture-definitive-le-12-ja\/","title":{"rendered":"Panique \u00e0 la FNAC des Champs-Elys\u00e9es : Apr\u00e8s un mouvement de foule provoqu\u00e9 par des soldes monstres \u00e0 80%, le magasin a \u00e9t\u00e9 \u00e9vacu\u00e9 restera ferm\u00e9 jusqu&rsquo;\u00e0 lundi&#8230; avant sa fermeture d\u00e9finitive le 12 janvier"},"content":{"rendered":"\n<p class=\"\">Panique \u00e0 la FNAC des Champs-Elys\u00e9es&#8230; Apr\u00e8s un mouvement de foule provoqu\u00e9 par des soldes monstres \u00e0 80%, le magasin a \u00e9t\u00e9 \u00e9vacu\u00e9 restera ferm\u00e9 jusqu&rsquo;\u00e0 lundi&#8230; avant sa fermeture d\u00e9finitive le 12 janvier prochain. Ils \u00e9taient en effet plusieurs centaines aujourd&rsquo;hui \u00e0 vouloir profiter de la liquidation des stocks de la Fnac des Champs-Elys\u00e9es \u00e0 Paris, qui tirera d\u00e9finitivement le rideau mi-janvier, mais devant l&rsquo;affluence, le magasin a d\u00fb fermer ses portes, jusqu&rsquo;\u00e0 lundi.<\/p>\n\n\n\n<p class=\"\">Le magasin a ouvert ses portes pendant 15 minutes vers 10H00 vendredi avant de faire ressortir les clients et de refermer sa grille, ont racont\u00e9 plusieurs personnes \u00e0 une journaliste de l&rsquo;AFP sur place.<\/p>\n\n\n\n<p class=\"\">A la mi-journ\u00e9e, devant une file d&rsquo;attente qui ne cessait de s&rsquo;allonger sous un froid soleil d&rsquo;hiver, les responsables du magasin ont finalement annonc\u00e9 qu&rsquo;il resterait ferm\u00e9 toute la journ\u00e9e et ne rouvrirait que lundi. \u00ab\u00a0Pour la s\u00e9curit\u00e9 des biens et des gens, le magasin restera ferm\u00e9 toute la journ\u00e9e. Il sera ouvert lundi. Veuillez vous disperser\u00a0\u00bb, s&rsquo;est \u00e9gosill\u00e9 un responsable devant une file qui s&rsquo;\u00e9tendait sur pr\u00e8s de 200 m\u00e8tres, sous les hu\u00e9es des chalands d\u00e9\u00e7us.<\/p>\n\n\n\n<p class=\"\">Interrog\u00e9 par l&rsquo;AFP, le groupe a indiqu\u00e9 dans la matin\u00e9e qu&rsquo;un mouvement de foule avait conduit le magasin \u00ab\u00a0\u00e0 baisser temporairement le rideau pour r\u00e9guler les flux\u00a0\u00bb, avant de confirmer dans un deuxi\u00e8me temps la fermeture du magasin jusqu&rsquo;\u00e0 lundi. \u00ab\u00a0Je suis l\u00e0 depuis 08H45, ils peuvent brader de 50 \u00e0 70%\u00a0\u00bb, a racont\u00e9 Karim \u00e0 l&rsquo;AFP.<\/p>\n\n\n\n<p class=\"\">\u00ab\u00a0Moi, je viens pour l&rsquo;\u00e9lectronique, il para\u00eet qu&rsquo;il peut y avoir des soldes de 30 \u00e0 80%\u00a0\u00bb, a expliqu\u00e9 Kevin, venu de Stains (Seine-Saint-Denis).<\/p>\n\n\n\n<p class=\"\">La Fnac des Champs-Elys\u00e9es avait annonc\u00e9 qu&rsquo;elle allait \u00e9couler ses stocks jusqu&rsquo;au 12 janvier avant une fermeture d\u00e9finitive.<\/p>\n\n\n\n<p class=\"\">En mars dernier, le groupe Fnac Darty avait indiqu\u00e9 que ce magasin, \u00ab\u00a0lourdement d\u00e9ficitaire\u00a0\u00bb, allait fermer ses portes, sans impact sur l&#8217;emploi. \u00ab\u00a0Le projet de fermeture du magasin \u00e0 la fin de cette ann\u00e9e 2024 est la seule d\u00e9cision \u00e9conomiquement raisonnable et socialement responsable\u00a0\u00bb, disait le groupe, en pr\u00e9cisant que les 101 salari\u00e9s du magasin se verraient proposer \u00ab\u00a0une offre de poste identique \u00e0 celui occup\u00e9, dans les m\u00eames conditions salariales, au sein d&rsquo;un autre magasin Fnac de Paris\u00a0\u00bb, citant les magasins de Ternes, Saint-Lazare, du Forum des Halles, de Montparnasse et de Beaugrenelle.<\/p>\n\n\n\n<p class=\"\">Selon Fnac Darty, le magasin situ\u00e9 au 74 avenue des Champs-Elys\u00e9es a \u00e9t\u00e9 confront\u00e9 \u00e0 \u00ab\u00a0de multiples difficult\u00e9s\u00a0\u00bb, notamment l&rsquo;augmentation \u00ab\u00a0g\u00e9n\u00e9ralis\u00e9e des charges fixes\u00a0\u00bb, \u00e0 commencer par le loyer, et une baisse des ventes \u00ab\u00a0du fait d&rsquo;une fr\u00e9quentation du quartier par la client\u00e8le naturelle de l&rsquo;enseigne en diminution\u00a0\u00bb.<\/p>\n\n\n\n<p class=\"\">Le groupe estimait les perspectives \u00ab\u00a0d\u00e9favorables\u00a0\u00bb, avec \u00ab\u00a0l&rsquo;orientation de plus en plus marqu\u00e9e de l&rsquo;avenue vers le commerce de luxe et la client\u00e8le internationale\u00a0\u00bb.<\/p>\n","protected":false},"excerpt":{"rendered":"<p>Panique \u00e0 la FNAC des Champs-Elys\u00e9es&#8230; Apr\u00e8s un mouvement de foule provoqu\u00e9 par des soldes monstres \u00e0 80%, le magasin a \u00e9t\u00e9 \u00e9vacu\u00e9 restera ferm\u00e9 jusqu&rsquo;\u00e0 lundi&#8230; avant sa fermeture d\u00e9finitive le 12 janvier prochain. Ils \u00e9taient en effet plusieurs centaines aujourd&rsquo;hui \u00e0 vouloir profiter de la liquidation des stocks de la Fnac des Champs-Elys\u00e9es [&hellip;]<\/p>\n","protected":false},"author":2,"featured_media":32288,"comment_status":"open","ping_status":"open","sticky":false,"template":"","format":"standard","meta":{"_jetpack_memberships_contains_paid_content":false,"footnotes":"","jetpack_publicize_message":"","jetpack_publicize_feature_enabled":true,"jetpack_social_post_already_shared":true,"jetpack_social_options":{"image_generator_settings":{"template":"highway","enabled":true,"token":"eyJpbWciOiJodHRwczpcL1wvd3d3LmljZWFnZXR2LmNvbVwvcmFkaW9zaXRlXC93cC1jb250ZW50XC91cGxvYWRzXC8yMDI1XC8wMVwveHdyR0hkM20uanBnIiwidHh0IjoiUGFuaXF1ZSBcdTAwZTAgbGEgRk5BQyBkZXMgQ2hhbXBzLUVseXNcdTAwZTllcyA6IEFwclx1MDBlOHMgdW4gbW91dmVtZW50IGRlIGZvdWxlIHByb3ZvcXVcdTAwZTkgcGFyIGRlcyBzb2xkZXMgbW9uc3RyZXMgXHUwMGUwIDgwJSwgbGUgbWFnYXNpbiBhIFx1MDBlOXRcdTAwZTkgXHUwMGU5dmFjdVx1MDBlOSByZXN0ZXJhIGZlcm1cdTAwZTkganVzcXUmIzgyMTc7XHUwMGUwIGx1bmRpJiM4MjMwOyBhdmFudCBzYSBmZXJtZXR1cmUgZFx1MDBlOWZpbml0aXZlIGxlIDEyIGphbnZpZXIiLCJ0ZW1wbGF0ZSI6ImhpZ2h3YXkiLCJibG9nX2lkIjoxMTEwMTY0NjF9.UQA6PRoBJHnIOjUUoLzFOBjw562zldK75s4t3qAxD2sMQ"},"version":2},"_wpas_customize_per_network":false},"categories":[405],"tags":[],"class_list":["post-32287","post","type-post","status-publish","format-standard","has-post-thumbnail","hentry","category-actu-france-monde"],"jetpack_publicize_connections":[],"jetpack_featured_media_url":"https:\/\/i0.wp.com\/www.iceagetv.com\/radiosite\/wp-content\/uploads\/2025\/01\/xwrGHd3m.jpg?fit=679%2C293&ssl=1","jetpack_sharing_enabled":true,"_links":{"self":[{"href":"https:\/\/www.iceagetv.com\/radiosite\/wp-json\/wp\/v2\/posts\/32287","targetHints":{"allow":["GET"]}}],"collection":[{"href":"https:\/\/www.iceagetv.com\/radiosite\/wp-json\/wp\/v2\/posts"}],"about":[{"href":"https:\/\/www.iceagetv.com\/radiosite\/wp-json\/wp\/v2\/types\/post"}],"author":[{"embeddable":true,"href":"https:\/\/www.iceagetv.com\/radiosite\/wp-json\/wp\/v2\/users\/2"}],"replies":[{"embeddable":true,"href":"https:\/\/www.iceagetv.com\/radiosite\/wp-json\/wp\/v2\/comments?post=32287"}],"version-history":[{"count":1,"href":"https:\/\/www.iceagetv.com\/radiosite\/wp-json\/wp\/v2\/posts\/32287\/revisions"}],"predecessor-version":[{"id":32289,"href":"https:\/\/www.iceagetv.com\/radiosite\/wp-json\/wp\/v2\/posts\/32287\/revisions\/32289"}],"wp:featuredmedia":[{"embeddable":true,"href":"https:\/\/www.iceagetv.com\/radiosite\/wp-json\/wp\/v2\/media\/32288"}],"wp:attachment":[{"href":"https:\/\/www.iceagetv.com\/radiosite\/wp-json\/wp\/v2\/media?parent=32287"}],"wp:term":[{"taxonomy":"category","embeddable":true,"href":"https:\/\/www.iceagetv.com\/radiosite\/wp-json\/wp\/v2\/categories?post=32287"},{"taxonomy":"post_tag","embeddable":true,"href":"https:\/\/www.iceagetv.com\/radiosite\/wp-json\/wp\/v2\/tags?post=32287"}],"curies":[{"name":"wp","href":"https:\/\/api.w.org\/{rel}","templated":true}]}}