{"id":32330,"date":"2025-01-05T09:22:32","date_gmt":"2025-01-05T08:22:32","guid":{"rendered":"https:\/\/www.iceagetv.com\/radiosite\/?p=32330"},"modified":"2025-01-05T09:22:36","modified_gmt":"2025-01-05T08:22:36","slug":"trois-questions-sur-la-fermeture-definitive-du-marineland-dantibes-plus-grand-zoo-marin-deurope","status":"publish","type":"post","link":"https:\/\/www.iceagetv.com\/radiosite\/trois-questions-sur-la-fermeture-definitive-du-marineland-dantibes-plus-grand-zoo-marin-deurope\/","title":{"rendered":"Trois questions sur la fermeture d\u00e9finitive du Marineland d&rsquo;Antibes, plus grand zoo marin d&rsquo;Europe"},"content":{"rendered":"\n<p class=\"\">C&rsquo;est la fin d&rsquo;un demi-si\u00e8cle d&rsquo;histoire.&nbsp;<a href=\"https:\/\/mediaclip.ina.fr\/fr\/r20276312-la-grand-ouverture-du-marineland-d-antibes.html\" target=\"_blank\" rel=\"noreferrer noopener\">Fond\u00e9 en 1970(Nouvelle fen\u00eatre)<\/a>, le Marineland d&rsquo;Antibes (C\u00f4te d&rsquo;Azur) ferme d\u00e9finitivement ses portes, dimanche 5 janvier. Le parc aquatique a fait r\u00eaver des g\u00e9n\u00e9rations de visiteurs avec&nbsp;<a href=\"https:\/\/www.francetvinfo.fr\/societe\/antibes-marineland-annonce-une-fermeture-definitive-le-5-janvier-2025_6935696.html\">ses ballets aquatiques d&rsquo;orques et de dauphins<\/a>. Il a m\u00eame inspir\u00e9 Jacques Audiard pour son film&nbsp;<a href=\"https:\/\/www.francetvinfo.fr\/culture\/cinema\/quot-de-rouille-et-d-039-osquot-de-jacques-audiard-meilleur-film-au-festival-de-londres_3350221.html\">De Rouille et d&rsquo;os<\/a>&nbsp;(2012).&nbsp;<em>\u00ab\u00a0Tout \u00e7a est vou\u00e9 \u00e0 dispara\u00eetre\u00a0\u00bb<\/em>, a d\u00e9clar\u00e9 son directeur, Pascal Picot, \u00e0&nbsp;<a href=\"https:\/\/france3-regions.francetvinfo.fr\/provence-alpes-cote-d-azur\/alpes-maritimes\/antibes\/c-est-une-triste-journee-le-directeur-du-marineland-d-antibes-prend-la-parole-apres-l-annonce-de-la-fermeture-definitive-du-parc-3071131.html\" target=\"_blank\" rel=\"noreferrer noopener\">France 3 C\u00f4te d&rsquo;Azur(Nouvelle fen\u00eatre)<\/a>.&nbsp;<em>\u00ab\u00a0On est amers, mais on est dans le respect de la loi et on agit en responsabilit\u00e9.\u00a0\u00bb&nbsp;<\/em>Reste \u00e0 savoir ce que vont devenir les salari\u00e9s et les animaux qui permettaient de donner vie au plus grand zoo marin d&rsquo;Europe.<\/p>\n\n\n\n<h2 class=\"wp-block-heading\">1&nbsp;Pourquoi le parc ferme-t-il&nbsp;?<\/h2>\n\n\n\n<p class=\"\">Une&nbsp;<a href=\"https:\/\/www.francetvinfo.fr\/animaux\/bien-etre-animal\/que-contient-la-proposition-de-loi-contre-la-maltraitance-animale-adoptee-definitivement-par-l-assemblee-nationale_4847345.html\">loi contre la maltraitance animale<\/a>&nbsp;promulgu\u00e9e en 2021 interdit la d\u00e9tention et la reproduction des c\u00e9tac\u00e9s en captivit\u00e9, ainsi que leur participation \u00e0 des spectacles d&rsquo;ici 2026. Or,&nbsp;<em>\u00ab\u00a090% des visiteurs choisissent de venir \u00e0 Marineland pour admirer les repr\u00e9sentations d&rsquo;orques\u00a0\u00bb<\/em>, a expliqu\u00e9 la direction dans un&nbsp;<a href=\"https:\/\/www.marineland.fr\/content\/dam\/mar\/fr\/files\/CP%20-%20Marineland%20annonce%20%C3%A0%20son%20CSE%20son%20projet%20de%20fermeture%20d%C3%A9finitive%20%C3%A0%20compter%20du%205%20janvier%202025.pdf\" target=\"_blank\" rel=\"noreferrer noopener\">communiqu\u00e9&nbsp;<em>(lien PDF)<\/em>(Nouvelle fen\u00eatre)<\/a>, d\u00e9but d\u00e9cembre.&nbsp;<em>\u00ab\u00a0Aujourd&rsquo;hui, l&rsquo;\u00e9quilibre \u00e9conomique n&rsquo;est plus garanti et nous n&rsquo;avons pas d&rsquo;autres choix que de fermer et de nous conformer \u00e0 la loi et de l&rsquo;appliquer\u00a0\u00bb<\/em>, a expliqu\u00e9 Pascal Picot \u00e0&nbsp;<a href=\"https:\/\/www.francebleu.fr\/infos\/societe\/fermeture-de-marineland-le-directeur-du-parc-d-antibes-s-explique-9667585\" target=\"_blank\" rel=\"noreferrer noopener\">ici Azur (anciennement France Bleu)(Nouvelle fen\u00eatre)<\/a>.&nbsp;<em>\u00ab\u00a0Il y a un vrai changement de regard&nbsp;<\/em>[sur les animaux]<em>\u00ab\u00a0<\/em>, a r\u00e9agi de son c\u00f4t\u00e9 Louis Schweitzer, pr\u00e9sident de la fondation Droit animal \u00e9thique et sciences, saluant la fermeture du parc aupr\u00e8s du<em>&nbsp;<a href=\"https:\/\/www.leparisien.fr\/futurs\/fin-de-marineland-il-y-a-un-vrai-changement-de-regard-sur-les-animaux-04-01-2025-ET4KI5TWRJFXBBIBEAV5YWLTUU.php\" target=\"_blank\" rel=\"noreferrer noopener\">Parisien(Nouvelle fen\u00eatre)<\/a><\/em>.<\/p>\n\n\n\n<p class=\"\">A cela s&rsquo;ajoutent de<em>&nbsp;\u00ab\u00a0graves difficult\u00e9s \u00e9conomiques\u00a0\u00bb&nbsp;<\/em>li\u00e9es \u00e0 une baisse de fr\u00e9quentation, aggrav\u00e9e par la pand\u00e9mie de Covid-19&nbsp;: elle a \u00e9t\u00e9 divis\u00e9e par trois en dix ans, passant de 1,2 million de spectateurs en 2013-2014 \u00e0 425&nbsp;000 en 2023-2024. Depuis plusieurs ann\u00e9es, le parc faisait aussi face \u00e0 des pol\u00e9miques concernant les conditions de d\u00e9tention des c\u00e9tac\u00e9s.<strong>&nbsp;<\/strong>Deux orques sont mortes en 2023&nbsp;: Moana, 12&nbsp;ans, d\u00e9c\u00e9d\u00e9 d&rsquo;une&nbsp;<a href=\"https:\/\/france3-regions.francetvinfo.fr\/provence-alpes-cote-d-azur\/alpes-maritimes\/antibes\/les-raisons-du-deces-de-l-orque-moana-en-octobre-2023-devoilees-par-marineland-2920905.html\" target=\"_blank\" rel=\"noreferrer noopener\"><em>\u00ab\u00a0septic\u00e9mie bact\u00e9rienne aigu\u00eb\u00a0\u00bb<\/em>(Nouvelle fen\u00eatre)<\/a>, et Inouk, 25&nbsp;ans, morte apr\u00e8s avoir&nbsp;<a href=\"https:\/\/france3-regions.francetvinfo.fr\/provence-alpes-cote-d-azur\/alpes-maritimes\/antibes\/marineland-l-orque-inouk-est-morte-accidentellement-selon-le-parc-qui-refute-un-mauvais-etat-de-sante-de-l-animal-2950862.html\" target=\"_blank\" rel=\"noreferrer noopener\">ing\u00e9r\u00e9 un morceau de m\u00e9tal(Nouvelle fen\u00eatre)<\/a>. Les orques ont pourtant une esp\u00e9rance de vie estim\u00e9e \u00e0 une soixantaine d&rsquo;ann\u00e9es.<\/p>\n\n\n\n<h2 class=\"wp-block-heading\">2&nbsp;Que vont devenir les animaux&nbsp;?<\/h2>\n\n\n\n<p class=\"\">Il reste \u00e0 ce jour plus de 150 animaux dans le parc, un chiffre grimpant \u00e0 4&nbsp;000 en comptant les aquariums avec leurs poissons et leurs coraux. La direction a affich\u00e9 comme objectif&nbsp;<em>\u00ab\u00a0prioritaire\u00a0\u00bb<\/em>&nbsp;de&nbsp;<em>\u00ab\u00a0relocaliser l&rsquo;ensemble de ses animaux dans les meilleures structures existantes \u00e0 ce jour\u00a0\u00bb<\/em>, a-t-elle assur\u00e9 dans son communiqu\u00e9 de d\u00e9cembre. La r\u00e9introduction en milieu naturel des deux derni\u00e8res orques fran\u00e7aises, Wikie (23&nbsp;ans) et son fils Keijo (11&nbsp;ans), a \u00e9t\u00e9 \u00e9cart\u00e9e d&#8217;embl\u00e9e.&nbsp;<em>\u00ab\u00a0Elles n&rsquo;ont aucune des connaissances indispensables pour survivre en milieu naturel&nbsp;: elles ne connaissent pas les techniques de chasse, ni les endroits o\u00f9 elles ont des chances de trouver des proies\u00a0\u00bb<\/em>, a expliqu\u00e9 Christophe Guinet, directeur de recherche au CNRS et sp\u00e9cialiste de l&rsquo;esp\u00e8ce, au m\u00e9dia sp\u00e9cialis\u00e9&nbsp;<a href=\"https:\/\/reporterre.net\/L-impossible-retraite-de-Wikie-et-Keijo-dernieres-orques-du-Marineland-d-Antibes#:~:text=Respectivement%20%C3%A2g%C3%A9s%20de%2022%20et,est%20aujourd'hui%20en%20suspens.\" target=\"_blank\" rel=\"noreferrer noopener\">Reporterre(Nouvelle fen\u00eatre)<\/a>.<\/p>\n\n\n\n<p class=\"\">Il avait \u00e9t\u00e9 un temps question de les envoyer&nbsp;<a href=\"https:\/\/france3-regions.francetvinfo.fr\/provence-alpes-cote-d-azur\/alpes-maritimes\/antibes\/le-marineland-d-antibes-demande-un-permis-pour-transferer-les-orques-wikie-et-keijo-colere-de-l-association-one-voice-3065086.html\" target=\"_blank\" rel=\"noreferrer noopener\">dans un zoo marin au Japon(Nouvelle fen\u00eatre)<\/a>, o\u00f9 les spectacles de c\u00e9tac\u00e9s sont encore autoris\u00e9s. Mais cette demande a \u00e9t\u00e9&nbsp;<a href=\"https:\/\/france3-regions.francetvinfo.fr\/provence-alpes-cote-d-azur\/alpes-maritimes\/antibes\/j-ai-entendu-les-alertes-des-ong-le-gouvernement-dit-non-au-transfert-de-deux-orques-de-marineland-au-japon-3066220.html\" target=\"_blank\" rel=\"noreferrer noopener\">refus\u00e9e fin novembre(Nouvelle fen\u00eatre)<\/a>&nbsp;par la ministre de la Transition \u00e9cologique, Agn\u00e8s Pannier-Runacher, notamment en raison de standards nippons moins stricts que la r\u00e9glementation europ\u00e9enne sur le bien-\u00eatre animal.&nbsp;<em>\u00ab\u00a0La priorit\u00e9 est de privil\u00e9gier le bien-\u00eatre de Wikie et Keijo, qu\u2019elles supportent leur d\u00e9placement et de faire en sorte que leur \u00e9tat de sant\u00e9 ne se d\u00e9grade pas\u00a0\u00bb<\/em>, a redit la ministre vendredi au&nbsp;<em><a href=\"https:\/\/www.leparisien.fr\/animaux\/agnes-pannier-runacher-sur-la-fin-de-marineland-le-bien-etre-de-wikie-et-keijo-est-notre-priorite-03-01-2025-U36QR3E33VDN7KIO2GQMAHIY4E.php\" target=\"_blank\" rel=\"noreferrer noopener\">Parisien(Nouvelle fen\u00eatre)<\/a>.<\/em><\/p>\n\n\n\n<p class=\"\"><em>\u00ab\u00a0C&rsquo;est un soulagement\u00a0\u00bb<\/em>, a r\u00e9agi&nbsp;<a href=\"https:\/\/france3-regions.francetvinfo.fr\/provence-alpes-cote-d-azur\/alpes-maritimes\/antibes\/c-est-un-soulagement-les-orques-de-marineland-n-iront-pas-au-japon-reaction-des-defenseurs-des-animaux-3066313.html\" target=\"_blank\" rel=\"noreferrer noopener\">l&rsquo;association One Voice(Nouvelle fen\u00eatre)<\/a>, qui se dit \u00e9galement oppos\u00e9e \u00e0 une autre option soumise par Marineland&nbsp;: un delphinarium \u00e0 Tenerife, dans l&rsquo;archipel espagnol des Canaries.&nbsp;<em>\u00ab\u00a0Cette solution pose un grave probl\u00e8me<\/em>, a alert\u00e9 la pr\u00e9sidente de l&rsquo;association, Muriel Arnal, aupr\u00e8s de&nbsp;<a href=\"https:\/\/www.francetvinfo.fr\/animaux\/bien-etre-animal\/fermeture-de-marineland-que-vont-devenir-les-animaux-apres-la-fermeture-du-parc-aquatique_6937865.html\" target=\"_blank\" rel=\"noreferrer noopener\">franceinfo(Nouvelle fen\u00eatre)<\/a>&nbsp;d\u00e9but d\u00e9cembre. Dans le parc maritime de Tenerife,<em>&nbsp;\u00ab\u00a0quatre orques en tout sont mortes&nbsp;<\/em><em>ces quatre derni\u00e8res ann\u00e9es, dont une de 3&nbsp;ans, une de 17&nbsp;ans et une de 20&nbsp;ans.\u00a0\u00bb<\/em><\/p>\n\n\n\n<p class=\"\">Un&nbsp;<a href=\"https:\/\/igedd.documentation.developpement-durable.gouv.fr\/documents\/Affaires-0013623\/015475-01_rapport-publie.pdf;jsessionid=63F9D51AAE43EABBDC1AD59A1F67C5EB\" target=\"_blank\" rel=\"noreferrer noopener\">rapport d&rsquo;inspection&nbsp;<em>(lien PDF)<\/em>(Nouvelle fen\u00eatre)<\/a>&nbsp;remis en juin au gouvernement pr\u00e9conise le transfert des orques vers un sanctuaire en Nouvelle-Ecosse, au Canada, l&rsquo;option privil\u00e9gi\u00e9e par One Voice.&nbsp;<em>\u00ab\u00a0Un sanctuaire, c&rsquo;est l&rsquo;oppos\u00e9 d&rsquo;un delphinarium. Un delphinarium est l\u00e0 pour faire du business, pour attirer les visiteurs. Un sanctuaire, c&rsquo;est uniquement pour les animaux\u00a0\u00bb<\/em>, a plaid\u00e9 Muriel Arnal. Toutefois, ce projet n&rsquo;est pas encore op\u00e9rationnel et la qualit\u00e9 de ses eaux fait pol\u00e9mique, selon&nbsp;<a href=\"https:\/\/reporterre.net\/L-impossible-retraite-de-Wikie-et-Keijo-dernieres-orques-du-Marineland-d-Antibes#:~:text=Respectivement%20%C3%A2g%C3%A9s%20de%2022%20et,est%20aujourd'hui%20en%20suspens.\" target=\"_blank\" rel=\"noreferrer noopener\">Reporterre(Nouvelle fen\u00eatre)<\/a>.&nbsp;<em>\u00ab\u00a0Il n&rsquo;y a aucun sanctuaire aujourd&rsquo;hui dans le monde capable d&rsquo;accueillir des orques\u00a0\u00bb<\/em>, a m\u00eame tranch\u00e9 Agn\u00e8s Pannier-Runacher, toujours aupr\u00e8s du&nbsp;<em>Parisien.<\/em><\/p>\n\n\n\n<p class=\"\">Quid des dauphins, des loutres, flamants roses, otaries et requins du parc&nbsp;? En octobre, la direction avait&nbsp;<a href=\"https:\/\/france3-regions.francetvinfo.fr\/provence-alpes-cote-d-azur\/alpes-maritimes\/antibes\/pas-de-retraite-pour-ces-animaux-c-est-l-exploitation-jusqu-a-la-mort-le-parc-marineland-se-debarrasse-t-il-des-phoques-et-des-otaries-3052909.html\" target=\"_blank\" rel=\"noreferrer noopener\">d\u00e9menti le d\u00e9part de dauphins en Asie(Nouvelle fen\u00eatre)<\/a>, assurant que ce n&rsquo;\u00e9tait pas \u00ab\u00a0<em>\u00e0 l&rsquo;ordre du jour\u00a0\u00bb<\/em>. Elle a \u00e9voqu\u00e9&nbsp;<em>\u00ab\u00a0un plan de relocalisation colossal\u00a0\u00bb<\/em>&nbsp;long de plusieurs mois et exigeant&nbsp;<em>\u00ab\u00a0une \u00e9norme logistique\u00a0\u00bb<\/em>, aupr\u00e8s du&nbsp;<em><a href=\"https:\/\/www.leparisien.fr\/animaux\/fermeture-de-marineland-que-vont-devenir-les-animaux-04-01-2025-WIKXYWUNWFF2BJEAAQQCLD4P3E.php\" target=\"_blank\" rel=\"noreferrer noopener\">Parisien(Nouvelle fen\u00eatre)<\/a><\/em>.&nbsp;Les autres animaux seront probablement r\u00e9partis&nbsp;<em>\u00ab\u00a0<\/em><em>dans des parcs zoologiques en Espagne ou ailleurs\u00a0\u00bb<\/em>&nbsp;anticipe Christine Grandjean, pr\u00e9sidente de l&rsquo;association C&rsquo;est assez&nbsp;!, \u00e9galement aupr\u00e8s du quotidien.&nbsp;<em>\u00ab\u00a0M<\/em><em>ais je crains que la fermeture de Marineland ne se traduise aussi par des euthanasies\u00a0\u00bb.&nbsp;<\/em>L&rsquo;association lutte depuis 2014 contre la captivit\u00e9 des dauphins et des orques dans le monde entier, et \u00e9pinglait r\u00e9guli\u00e8rement les conditions de d\u00e9tention des mammif\u00e8res marins du Marineland sur&nbsp;<a href=\"https:\/\/www.instagram.com\/cest.assez.association\/?hl=fr\" target=\"_blank\" rel=\"noreferrer noopener\">Instagram(Nouvelle fen\u00eatre)<\/a>.<\/p>\n\n\n\n<h2 class=\"wp-block-heading\">3&nbsp;Que vont devenir les employ\u00e9s&nbsp;?<\/h2>\n\n\n\n<p class=\"\">La fermeture du Marineland d&rsquo;Antibes est&nbsp;<em>\u00ab\u00a0une mauvaise nouvelle \u00e9conomique\u00a0\u00bb<\/em>, a d\u00e9clar\u00e9 Jean L\u00e9onetti, maire LR de la commune,&nbsp;sur&nbsp;<a href=\"https:\/\/www.bfmtv.com\/cote-d-azur\/replay-emissions\/bonjour-cote-d-azur\/une-mauvaise-nouvelle-economique-et-pour-les-animaux-le-maire-d-antibes-revient-sur-la-fermeture-annoncee-de-marineland_VN-202412170235.html\" target=\"_blank\" rel=\"noreferrer noopener\">BFMTV(Nouvelle fen\u00eatre)<\/a>. Ce fleuron du tourisme azur\u00e9en laisse dans l&rsquo;incertitude 103 employ\u00e9s permanents, ainsi que de nombreux prestataires et plus de 500 travailleurs saisonniers. Interrog\u00e9 par&nbsp;<a href=\"https:\/\/www.francebleu.fr\/infos\/societe\/fermeture-de-marineland-le-directeur-du-parc-d-antibes-s-explique-9667585\" target=\"_blank\" rel=\"noreferrer noopener\">ici Azur(Nouvelle fen\u00eatre)<\/a>&nbsp;d\u00e9but d\u00e9cembre, le directeur du Marineland, Pascal Picot, a assur\u00e9 son souhait de&nbsp;<em>\u00ab\u00a0n\u00e9gocier dans les prochaines semaines avec les partenaires sociaux les cons\u00e9quences sociales de ce projet de fermeture\u00a0\u00bb<\/em>. Interrog\u00e9 sur d&rsquo;\u00e9ventuelles suppressions d&#8217;emplois, il s&rsquo;est montr\u00e9 prudent&nbsp;:&nbsp;<em>\u00ab\u00a0Pour l&rsquo;instant, il est pr\u00e9matur\u00e9 d&rsquo;en parler parce qu&rsquo;en France, heureusement, on est bien encadr\u00e9s\u00a0\u00bb<\/em>. Dans son communiqu\u00e9, la direction du parc avait promis de trouver&nbsp;<em>\u00ab\u00a0une solution personnalis\u00e9e et individualis\u00e9e pour chaque salari\u00e9 concern\u00e9\u00a0\u00bb.<\/em><\/p>\n\n\n\n<p class=\"\">Fin d\u00e9cembre, une&nbsp;<a href=\"https:\/\/www.mesopinions.com\/petition\/animaux\/petition-tres-urgente-contre-fermeture-parc\/237398\" target=\"_blank\" rel=\"noreferrer noopener\">p\u00e9tition(Nouvelle fen\u00eatre)<\/a>&nbsp;a \u00e9t\u00e9 lanc\u00e9e&nbsp;<a href=\"https:\/\/france3-regions.francetvinfo.fr\/provence-alpes-cote-d-azur\/alpes-maritimes\/antibes\/dans-ce-cas-fermez-les-zoos-egalement-une-petition-lancee-contre-la-fermeture-du-marineland-d-antibes-prevue-le-5-janvier-3082594.html\" target=\"_blank\" rel=\"noreferrer noopener\">contre la fermeture du parc(Nouvelle fen\u00eatre)<\/a>, recueillant pr\u00e8s de 14&nbsp;000&nbsp;signatures.&nbsp;<em>\u00ab\u00a0Le directeur du parc Marineland ne pense ni aux employ\u00e9s ni au bien-\u00eatre des animaux. Il souhaite les vendre \u00e0 des fins commerciales, ce que nous refusons\u00a0\u00bb<\/em>, ont assur\u00e9 les auteurs, anonymes, qui se disent soutenus par des&nbsp;<em>\u00ab\u00a0touristes\u00a0\u00bb<\/em>,&nbsp;<em>\u00ab\u00a0fans\u00a0\u00bb<\/em>,&nbsp;<em>\u00ab\u00a0soigneuses et soigneurs\u00a0\u00bb<\/em>.<\/p>\n\n\n\n<p class=\"\">Quant au site, situ\u00e9 dans le quartier de La Brague \u00e0 Antibes, il devrait continuer \u00e0 rester un parc ludique, tel que l&rsquo;impose le plan local d&rsquo;urbanisme en vigueur (PLU). D\u00e8s 2021, le d\u00e9put\u00e9 LR des Alpes-Maritimes Eric Pauget avait demand\u00e9 au gouvernement l&rsquo;\u00e9laboration d&rsquo;un&nbsp;<em>\u00ab\u00a0plan Marineland\u00a0\u00bb<\/em>&nbsp;afin de financer et d&rsquo;accompagner cette transformation, pour&nbsp;<em>\u00ab\u00a0assurer la reconversion \u00e9conomique du site\u00a0\u00bb<\/em>&nbsp;et&nbsp;<em>\u00ab\u00a0\u00e9viter que celui-ci ne devienne une friche\u00a0\u00bb<\/em>, selon&nbsp;<em><a href=\"https:\/\/tribuca.net\/actualites_101372683-eric-pauget-demande-un-plan-marineland\" target=\"_blank\" rel=\"noreferrer noopener\">La Tribune C\u00f4te d&rsquo;Azur(Nouvelle fen\u00eatre)<\/a><\/em>.<\/p>\n","protected":false},"excerpt":{"rendered":"<p>C&rsquo;est la fin d&rsquo;un demi-si\u00e8cle d&rsquo;histoire.&nbsp;Fond\u00e9 en 1970(Nouvelle fen\u00eatre), le Marineland d&rsquo;Antibes (C\u00f4te d&rsquo;Azur) ferme d\u00e9finitivement ses portes, dimanche 5 janvier. Le parc aquatique a fait r\u00eaver des g\u00e9n\u00e9rations de visiteurs avec&nbsp;ses ballets aquatiques d&rsquo;orques et de dauphins. Il a m\u00eame inspir\u00e9 Jacques Audiard pour son film&nbsp;De Rouille et d&rsquo;os&nbsp;(2012).&nbsp;\u00ab\u00a0Tout \u00e7a est vou\u00e9 \u00e0 dispara\u00eetre\u00a0\u00bb, [&hellip;]<\/p>\n","protected":false},"author":2,"featured_media":32331,"comment_status":"open","ping_status":"open","sticky":false,"template":"","format":"standard","meta":{"_jetpack_memberships_contains_paid_content":false,"footnotes":"","jetpack_publicize_message":"","jetpack_publicize_feature_enabled":true,"jetpack_social_post_already_shared":true,"jetpack_social_options":{"image_generator_settings":{"template":"highway","enabled":true,"token":"eyJpbWciOiJodHRwczpcL1wvd3d3LmljZWFnZXR2LmNvbVwvcmFkaW9zaXRlXC93cC1jb250ZW50XC91cGxvYWRzXC8yMDI1XC8wMVwvVHJvaXMtcXVlc3Rpb25zLXN1ci1sYS1mZXJtZXR1cmUtZGVmaW5pdGl2ZS1kdS1NYXJpbmVsYW5kLWRBbnRpYmVzLmpwZyIsInR4dCI6IlRyb2lzIHF1ZXN0aW9ucyBzdXIgbGEgZmVybWV0dXJlIGRcdTAwZTlmaW5pdGl2ZSBkdSBNYXJpbmVsYW5kIGQmIzgyMTc7QW50aWJlcywgcGx1cyBncmFuZCB6b28gbWFyaW4gZCYjODIxNztFdXJvcGUiLCJ0ZW1wbGF0ZSI6ImhpZ2h3YXkiLCJibG9nX2lkIjoxMTEwMTY0NjF9.rafN5fedzs_V-yZVuxvoMU1JLMKXuODMAu0Cm8tKzL4MQ"},"version":2},"_wpas_customize_per_network":false},"categories":[405],"tags":[],"class_list":["post-32330","post","type-post","status-publish","format-standard","has-post-thumbnail","hentry","category-actu-france-monde"],"jetpack_publicize_connections":[],"jetpack_featured_media_url":"https:\/\/i0.wp.com\/www.iceagetv.com\/radiosite\/wp-content\/uploads\/2025\/01\/Trois-questions-sur-la-fermeture-definitive-du-Marineland-dAntibes.jpg?fit=853%2C523&ssl=1","jetpack_sharing_enabled":true,"_links":{"self":[{"href":"https:\/\/www.iceagetv.com\/radiosite\/wp-json\/wp\/v2\/posts\/32330","targetHints":{"allow":["GET"]}}],"collection":[{"href":"https:\/\/www.iceagetv.com\/radiosite\/wp-json\/wp\/v2\/posts"}],"about":[{"href":"https:\/\/www.iceagetv.com\/radiosite\/wp-json\/wp\/v2\/types\/post"}],"author":[{"embeddable":true,"href":"https:\/\/www.iceagetv.com\/radiosite\/wp-json\/wp\/v2\/users\/2"}],"replies":[{"embeddable":true,"href":"https:\/\/www.iceagetv.com\/radiosite\/wp-json\/wp\/v2\/comments?post=32330"}],"version-history":[{"count":1,"href":"https:\/\/www.iceagetv.com\/radiosite\/wp-json\/wp\/v2\/posts\/32330\/revisions"}],"predecessor-version":[{"id":32332,"href":"https:\/\/www.iceagetv.com\/radiosite\/wp-json\/wp\/v2\/posts\/32330\/revisions\/32332"}],"wp:featuredmedia":[{"embeddable":true,"href":"https:\/\/www.iceagetv.com\/radiosite\/wp-json\/wp\/v2\/media\/32331"}],"wp:attachment":[{"href":"https:\/\/www.iceagetv.com\/radiosite\/wp-json\/wp\/v2\/media?parent=32330"}],"wp:term":[{"taxonomy":"category","embeddable":true,"href":"https:\/\/www.iceagetv.com\/radiosite\/wp-json\/wp\/v2\/categories?post=32330"},{"taxonomy":"post_tag","embeddable":true,"href":"https:\/\/www.iceagetv.com\/radiosite\/wp-json\/wp\/v2\/tags?post=32330"}],"curies":[{"name":"wp","href":"https:\/\/api.w.org\/{rel}","templated":true}]}}