{"id":32341,"date":"2025-01-05T20:18:01","date_gmt":"2025-01-05T19:18:01","guid":{"rendered":"https:\/\/www.iceagetv.com\/radiosite\/?p=32341"},"modified":"2025-01-05T20:18:05","modified_gmt":"2025-01-05T19:18:05","slug":"dans-le-cadre-de-son-rapprochement-avec-france-3-les-44-radios-publiques-france-bleu-changent-de-nom-demain-a-05h00-du-matin-et-vont-desormais-sappeler-ici","status":"publish","type":"post","link":"https:\/\/www.iceagetv.com\/radiosite\/dans-le-cadre-de-son-rapprochement-avec-france-3-les-44-radios-publiques-france-bleu-changent-de-nom-demain-a-05h00-du-matin-et-vont-desormais-sappeler-ici\/","title":{"rendered":"Dans le cadre de son rapprochement avec France 3, les 44 radios publiques \u00ab\u00a0France Bleu\u00a0\u00bb changent de nom demain \u00e0 05h00 du matin et vont d\u00e9sormais s&rsquo;appeler&#8230; \u00ab\u00a0Ici"},"content":{"rendered":"\n<p class=\"\">Une nouvelle habitude \u00e0 prendre pour les auditeurs des radios locales publiques: le r\u00e9seau des 44 antennes de Radio France, France Bleu, change de nom demain \u00e0 05h00 du matin et va d\u00e9sormais s&rsquo;appeler Ici. Ce passage \u00e0 un nouveau nom se fait dans le cadre d&rsquo;un rapprochement initi\u00e9 de longue date avec France 3. Sur la cha\u00eene de t\u00e9l\u00e9 publique, le logo \u00ab\u00a0Ici\u00a0\u00bb est d\u00e9j\u00e0 pr\u00e9sent \u00e0 l&rsquo;\u00e9cran depuis le 5 novembre, pendant les programmes r\u00e9gionaux.<\/p>\n\n\n\n<p class=\"\">\u00ab\u00a0Toutes les radios locales de Radio France sont rebaptis\u00e9es\u00a0\u00bb, a soulign\u00e9 la directrice du r\u00e9seau, C\u00e9line Pigalle. Ainsi, au lieu de France Bleu Alsace, France Bleu Breizh Izel ou France Bleu Pays de Savoie, on parlera maintenant d&rsquo;Ici Alsace, Ici Breizh Izel et Ici Pays de Savoie. \u00ab\u00a0Ce qui est formidable pour les publics, c&rsquo;est que \u00e7a change tout et \u00e7a ne change rien\u00a0\u00bb, a comment\u00e9 Mme Pigalle. Selon elle, \u00ab\u00a0les auditeurs vont continuer \u00e0 entendre leurs animateurs, leurs journalistes, leurs jeux, leurs rendez-vous\u00a0\u00bb.<\/p>\n\n\n\n<p class=\"\">Mais cette \u00ab\u00a0nouvelle identit\u00e9\u00a0\u00bb marque aussi \u00ab\u00a0un nouvel \u00e9lan\u00a0\u00bb pour le r\u00e9seau. Ici va miser sur \u00ab\u00a0l&rsquo;actualit\u00e9 locale, la musique et la bonne humeur\u00a0\u00bb, avait d\u00e9taill\u00e9 Mme Pigalle fin novembre lors d&rsquo;une conf\u00e9rence de presse \u00e0 Paris, en mettant l&rsquo;accent sur \u00ab\u00a0la proximit\u00e9\u00a0\u00bb et \u00ab\u00a0le service\u00a0\u00bb. Ce changement de nom intervient alors que France Bleu a progress\u00e9 en audience, avec 2,59 millions d&rsquo;auditeurs quotidiens (+87.000 en un an), selon les derniers chiffres de M\u00e9diam\u00e9trie, publi\u00e9s mi-novembre.<\/p>\n\n\n\n<p class=\"\">La pr\u00e9sidente de France T\u00e9l\u00e9visions, Delphine Ernotte Cunci, et son homologue de Radio France, Sibyle Veil, avaient annonc\u00e9 en octobre 2023 l&rsquo;union \u00e0 terme de France 3 et France Bleu sous la marque Ici, afin de renforcer les coop\u00e9rations illustr\u00e9es par les matinales communes lanc\u00e9es en 2019.<\/p>\n\n\n\n<p class=\"\">Mais l&rsquo;installation du label Ici a suscit\u00e9 des oppositions syndicales \u00e0 Radio France comme \u00e0 France T\u00e9l\u00e9visions, ses adversaires y voyant les pr\u00e9mices d&rsquo;une fusion pure et simple.<\/p>\n\n\n\n<p class=\"\">D&rsquo;autant qu&rsquo;il intervient alors qu&rsquo;une r\u00e9forme de l&rsquo;audiovisuel public est en suspens. Pouss\u00e9 par la ministre de la Culture Rachida Dati, le projet de holding commune puis de fusion des entreprises de l&rsquo;audiovisuel public a \u00e9t\u00e9 suspendu par la dissolution de l&rsquo;Assembl\u00e9e nationale cet \u00e9t\u00e9. Maintenue au gouvernement, Mme Dati souhaite relancer le rapprochement, avec a minima le projet de holding.<\/p>\n\n\n\n<p class=\"\">Le changement de nom d&rsquo;Ici s&rsquo;accompagne d&rsquo;une campagne presse, digitale et t\u00e9l\u00e9, ainsi que d&rsquo;une vague d&rsquo;affichage.<\/p>\n","protected":false},"excerpt":{"rendered":"<p>Une nouvelle habitude \u00e0 prendre pour les auditeurs des radios locales publiques: le r\u00e9seau des 44 antennes de Radio France, France Bleu, change de nom demain \u00e0 05h00 du matin et va d\u00e9sormais s&rsquo;appeler Ici. Ce passage \u00e0 un nouveau nom se fait dans le cadre d&rsquo;un rapprochement initi\u00e9 de longue date avec France 3. [&hellip;]<\/p>\n","protected":false},"author":2,"featured_media":32342,"comment_status":"open","ping_status":"open","sticky":false,"template":"","format":"standard","meta":{"_jetpack_memberships_contains_paid_content":false,"footnotes":"","jetpack_publicize_message":"","jetpack_publicize_feature_enabled":true,"jetpack_social_post_already_shared":true,"jetpack_social_options":{"image_generator_settings":{"template":"highway","enabled":true,"token":"eyJpbWciOiJodHRwczpcL1wvd3d3LmljZWFnZXR2LmNvbVwvcmFkaW9zaXRlXC93cC1jb250ZW50XC91cGxvYWRzXC8yMDI1XC8wMVwvVkhHaWFlSEsuanBnIiwidHh0IjoiRGFucyBsZSBjYWRyZSBkZSBzb24gcmFwcHJvY2hlbWVudCBhdmVjIEZyYW5jZSAzLCBsZXMgNDQgcmFkaW9zIHB1YmxpcXVlcyAmIzgyMjA7RnJhbmNlIEJsZXUmIzgyMjE7IGNoYW5nZW50IGRlIG5vbSBkZW1haW4gXHUwMGUwIDA1aDAwIGR1IG1hdGluIGV0IHZvbnQgZFx1MDBlOXNvcm1haXMgcyYjODIxNzthcHBlbGVyJiM4MjMwOyAmIzgyMjA7SWNpIiwidGVtcGxhdGUiOiJoaWdod2F5IiwiYmxvZ19pZCI6MTExMDE2NDYxfQ.NCOPNZS8PVd2urRn29ugKORcVikPgtzLxlbAxLvdoWsMQ"},"version":2},"_wpas_customize_per_network":false},"categories":[68],"tags":[],"class_list":["post-32341","post","type-post","status-publish","format-standard","has-post-thumbnail","hentry","category-actu-culturelle"],"jetpack_publicize_connections":[],"jetpack_featured_media_url":"https:\/\/i0.wp.com\/www.iceagetv.com\/radiosite\/wp-content\/uploads\/2025\/01\/VHGiaeHK.jpg?fit=679%2C293&ssl=1","jetpack_sharing_enabled":true,"_links":{"self":[{"href":"https:\/\/www.iceagetv.com\/radiosite\/wp-json\/wp\/v2\/posts\/32341","targetHints":{"allow":["GET"]}}],"collection":[{"href":"https:\/\/www.iceagetv.com\/radiosite\/wp-json\/wp\/v2\/posts"}],"about":[{"href":"https:\/\/www.iceagetv.com\/radiosite\/wp-json\/wp\/v2\/types\/post"}],"author":[{"embeddable":true,"href":"https:\/\/www.iceagetv.com\/radiosite\/wp-json\/wp\/v2\/users\/2"}],"replies":[{"embeddable":true,"href":"https:\/\/www.iceagetv.com\/radiosite\/wp-json\/wp\/v2\/comments?post=32341"}],"version-history":[{"count":1,"href":"https:\/\/www.iceagetv.com\/radiosite\/wp-json\/wp\/v2\/posts\/32341\/revisions"}],"predecessor-version":[{"id":32343,"href":"https:\/\/www.iceagetv.com\/radiosite\/wp-json\/wp\/v2\/posts\/32341\/revisions\/32343"}],"wp:featuredmedia":[{"embeddable":true,"href":"https:\/\/www.iceagetv.com\/radiosite\/wp-json\/wp\/v2\/media\/32342"}],"wp:attachment":[{"href":"https:\/\/www.iceagetv.com\/radiosite\/wp-json\/wp\/v2\/media?parent=32341"}],"wp:term":[{"taxonomy":"category","embeddable":true,"href":"https:\/\/www.iceagetv.com\/radiosite\/wp-json\/wp\/v2\/categories?post=32341"},{"taxonomy":"post_tag","embeddable":true,"href":"https:\/\/www.iceagetv.com\/radiosite\/wp-json\/wp\/v2\/tags?post=32341"}],"curies":[{"name":"wp","href":"https:\/\/api.w.org\/{rel}","templated":true}]}}