{"id":32345,"date":"2025-01-06T14:18:23","date_gmt":"2025-01-06T13:18:23","guid":{"rendered":"https:\/\/www.iceagetv.com\/radiosite\/?p=32345"},"modified":"2025-01-06T14:18:27","modified_gmt":"2025-01-06T13:18:27","slug":"emmanuel-macron-accuse-elon-musk-de-soutenir-une-nouvelle-internationale-reactionnaire","status":"publish","type":"post","link":"https:\/\/www.iceagetv.com\/radiosite\/emmanuel-macron-accuse-elon-musk-de-soutenir-une-nouvelle-internationale-reactionnaire\/","title":{"rendered":"Emmanuel Macron accuse Elon Musk de soutenir une \u00abnouvelle internationale r\u00e9actionnaire\u00bb"},"content":{"rendered":"\n<p class=\"\">Le pr\u00e9sident de la R\u00e9publique reproche \u00e0 Elon Musk son engagement en faveur d\u2019une \u00ab\u00a0internationale r\u00e9actionnaire\u00a0\u00bb. Ces derni\u00e8res semaines, le milliardaire et futur membre de l\u2019administration Trump a multipli\u00e9 les prises de position sur la vie politique de pays europ\u00e9ens<a href=\"https:\/\/www.lejdd.fr\/Emmanuel-Macron\" target=\"_blank\" rel=\"noreferrer noopener\">Emmanuel Macron<\/a>&nbsp;se joint aux nombreuses voix qui, en Europe, accusent&nbsp;<a href=\"https:\/\/www.lejdd.fr\/bio\/elon-musk\" target=\"_blank\" rel=\"noreferrer noopener\">Elon Musk<\/a>&nbsp;de s\u2019immiscer dans la vie politique europ\u00e9enne.&nbsp;<em>\u00ab&nbsp;Voil\u00e0 dix ans, si on nous avait dit que le propri\u00e9taire d\u2019un des plus grands r\u00e9seaux sociaux du monde soutiendrait une nouvelle internationale r\u00e9actionnaire et interviendrait directement dans les \u00e9lections, y compris en Allemagne&nbsp;? Qui l\u2019aurait imagin\u00e9&nbsp;?&nbsp;\u00bb<\/em>, a lanc\u00e9 le pr\u00e9sident de la R\u00e9publique, lors d\u2019une allocution devant les ambassadeurs fran\u00e7ais, selon des propos rapport\u00e9s par l\u2019AFP ce lundi&nbsp;6&nbsp;janvier.<\/p>\n\n\n\n<p class=\"\">En cause\u00a0: les multiples tweets du\u00a0milliardaire et\u00a0<a href=\"https:\/\/www.lejdd.fr\/international\/musk-kennedy-vance-les-figures-qui-entourent-trump-pour-son-grand-retour-la-maison-blanche-151425\" target=\"_blank\" rel=\"noreferrer noopener\">futur membre de l\u2019administration Trump<\/a>, d\u00e9non\u00e7ant\u00a0le gouvernement travailliste\u00a0de Keir Starmer et\u00a0<a href=\"https:\/\/www.lejdd.fr\/international\/free-tommy-robinson-elon-musk-demande-la-liberation-du-militant-identitaire-britannique-153456\" target=\"_blank\" rel=\"noreferrer noopener\">soutenant le militant identitaire Tommy Robinson<\/a>\u00a0au Royaume-Uni, louant le parti populiste de droite allemand AfD et, plus largement, d\u00e9non\u00e7ant les forces politiques pro-immigration en Europe. Des prises de position qui ont soulev\u00e9 l\u2019indignation de nombreuses personnalit\u00e9s politiques fran\u00e7aises, parmi lesquelles les centristes\u00a0<a href=\"https:\/\/x.com\/ThierryBreton\/status\/1870395581291479420\" target=\"_blank\" rel=\"noreferrer noopener\">Thierry Breton<\/a>\u00a0et\u00a0<a href=\"https:\/\/x.com\/NathalieLoiseau\/status\/1870015746236915723\" target=\"_blank\" rel=\"noreferrer noopener\">Nathalie Loiseau<\/a>\u00a0et les sociaux-d\u00e9mocrates\u00a0<a href=\"https:\/\/x.com\/faureolivier\/status\/1870137322915913792?ref_src=twsrc%5Etfw%7Ctwcamp%5Etweetembed%7Ctwterm%5E1870137322915913792%7Ctwgr%5Ed05768951c07cc752ed27a1834d51af86c25a839%7Ctwcon%5Es1_&amp;ref_url=https%3A%2F%2Fbo-cms.lejdd.fr%2Fnode%2F153135%2Fedit\" target=\"_blank\" rel=\"noreferrer noopener\">Olivier Faure<\/a>\u00a0et\u00a0<a href=\"https:\/\/x.com\/rglucks1\/status\/1870530459740061947?ref_src=twsrc%5Etfw%7Ctwcamp%5Etweetembed%7Ctwterm%5E1870530459740061947%7Ctwgr%5Ed05768951c07cc752ed27a1834d51af86c25a839%7Ctwcon%5Es1_&amp;ref_url=https%3A%2F%2Fbo-cms.lejdd.fr%2Fnode%2F153135%2Fedit\" target=\"_blank\" rel=\"noreferrer noopener\">Rapha\u00ebl Glucksmann<\/a>\u00a0&#8211; certains d\u2019entre eux allant jusqu\u2019\u00e0 d\u00e9noncer\u00a0<a href=\"https:\/\/www.lejdd.fr\/politique\/linternationale-fasciste-se-met-en-place-lintervention-delon-musk-en-europe-fait-trembler-la-gauche-francaise-153135\" target=\"_blank\" rel=\"noreferrer noopener\">une tentative de former une\u00a0<em>\u00ab\u00a0internationale fasciste\u00a0\u00bb<\/em><\/a>. En outre, les gouvernements allemand et britannique ont exprim\u00e9 leurs vives inqui\u00e9tudes face \u00e0 ce qu\u2019ils consid\u00e8rent \u00eatre une ing\u00e9rence dans leur syst\u00e8me d\u00e9mocratique.Devant ces critiques, Elon Musk&nbsp;<a href=\"https:\/\/x.com\/elonmusk\/status\/1870720671254565361?t=Jp8KgL3s3Sy0-lzrFVDF3g&amp;s=19\" target=\"_blank\" rel=\"noreferrer noopener\">a r\u00e9cemment lanc\u00e9<\/a>&nbsp;\u00e0 l\u2019adresse des Fran\u00e7ais, sur le r\u00e9seau social X dont il est le patron&nbsp;:&nbsp;<em>\u00ab&nbsp;\u00ab\u00a0L\u2019ing\u00e9rence am\u00e9ricaine\u00a0\u00bb est la seule&nbsp;raison pour laquelle&nbsp;vous ne parlez pas allemand ou russe&nbsp;aujourd\u2019hui.&nbsp;\u00bb<\/em><\/p>\n\n\n\n<p class=\"\">Ces tensions ne compromettent pas pour autant, aux yeux d\u2019Emmanuel Macron, l\u2019importance de la relation transatlantique&nbsp;: lors de la r\u00e9union des ambassadeurs de ce lundi, le chef de l\u2019\u00c9tat a soulign\u00e9 que le pr\u00e9sident \u00e9lu des \u00c9tats-Unis&nbsp;<a href=\"https:\/\/www.lejdd.fr\/Donald-Trump\" target=\"_blank\" rel=\"noreferrer noopener\">Donald Trump<\/a>&nbsp;<em>\u00ab&nbsp;a en France un alli\u00e9 solide, un alli\u00e9 qu\u2019il ne m\u00e9sestime pas&nbsp;\u00bb. \u00ab&nbsp;De 2016 \u00e0 2020, la France a su travailler avec le pr\u00e9sident&nbsp;\u00bb<\/em>, a \u00e9galement relev\u00e9 le locataire de l\u2019\u00c9lys\u00e9e. Une complicit\u00e9 que pourrait mettre \u00e0 mal la participation de Musk \u00e0 l&rsquo;administration am\u00e9ricaine ?<\/p>\n","protected":false},"excerpt":{"rendered":"<p>Le pr\u00e9sident de la R\u00e9publique reproche \u00e0 Elon Musk son engagement en faveur d\u2019une \u00ab\u00a0internationale r\u00e9actionnaire\u00a0\u00bb. Ces derni\u00e8res semaines, le milliardaire et futur membre de l\u2019administration Trump a multipli\u00e9 les prises de position sur la vie politique de pays europ\u00e9ensEmmanuel Macron&nbsp;se joint aux nombreuses voix qui, en Europe, accusent&nbsp;Elon Musk&nbsp;de s\u2019immiscer dans la vie politique [&hellip;]<\/p>\n","protected":false},"author":2,"featured_media":32347,"comment_status":"open","ping_status":"open","sticky":false,"template":"","format":"standard","meta":{"_jetpack_memberships_contains_paid_content":false,"footnotes":"","jetpack_publicize_message":"","jetpack_publicize_feature_enabled":true,"jetpack_social_post_already_shared":true,"jetpack_social_options":{"image_generator_settings":{"template":"highway","enabled":true,"token":"eyJpbWciOiJodHRwczpcL1wvd3d3LmljZWFnZXR2LmNvbVwvcmFkaW9zaXRlXC93cC1jb250ZW50XC91cGxvYWRzXC8yMDI1XC8wMVwvb1BtTFhjbUcuanBnIiwidHh0IjoiRW1tYW51ZWwgTWFjcm9uIGFjY3VzZSBFbG9uIE11c2sgZGUgc291dGVuaXIgdW5lIFx1MDBhYm5vdXZlbGxlIGludGVybmF0aW9uYWxlIHJcdTAwZTlhY3Rpb25uYWlyZVx1MDBiYiIsInRlbXBsYXRlIjoiaGlnaHdheSIsImJsb2dfaWQiOjExMTAxNjQ2MX0.RMT7liwEnSGeGsAzJR_UcuUw4oDXHa_2JyzFCRtcP6MMQ"},"version":2},"_wpas_customize_per_network":false},"categories":[405],"tags":[],"class_list":["post-32345","post","type-post","status-publish","format-standard","has-post-thumbnail","hentry","category-actu-france-monde"],"jetpack_publicize_connections":[],"jetpack_featured_media_url":"https:\/\/i0.wp.com\/www.iceagetv.com\/radiosite\/wp-content\/uploads\/2025\/01\/oPmLXcmG.jpg?fit=680%2C383&ssl=1","jetpack_sharing_enabled":true,"_links":{"self":[{"href":"https:\/\/www.iceagetv.com\/radiosite\/wp-json\/wp\/v2\/posts\/32345","targetHints":{"allow":["GET"]}}],"collection":[{"href":"https:\/\/www.iceagetv.com\/radiosite\/wp-json\/wp\/v2\/posts"}],"about":[{"href":"https:\/\/www.iceagetv.com\/radiosite\/wp-json\/wp\/v2\/types\/post"}],"author":[{"embeddable":true,"href":"https:\/\/www.iceagetv.com\/radiosite\/wp-json\/wp\/v2\/users\/2"}],"replies":[{"embeddable":true,"href":"https:\/\/www.iceagetv.com\/radiosite\/wp-json\/wp\/v2\/comments?post=32345"}],"version-history":[{"count":1,"href":"https:\/\/www.iceagetv.com\/radiosite\/wp-json\/wp\/v2\/posts\/32345\/revisions"}],"predecessor-version":[{"id":32348,"href":"https:\/\/www.iceagetv.com\/radiosite\/wp-json\/wp\/v2\/posts\/32345\/revisions\/32348"}],"wp:featuredmedia":[{"embeddable":true,"href":"https:\/\/www.iceagetv.com\/radiosite\/wp-json\/wp\/v2\/media\/32347"}],"wp:attachment":[{"href":"https:\/\/www.iceagetv.com\/radiosite\/wp-json\/wp\/v2\/media?parent=32345"}],"wp:term":[{"taxonomy":"category","embeddable":true,"href":"https:\/\/www.iceagetv.com\/radiosite\/wp-json\/wp\/v2\/categories?post=32345"},{"taxonomy":"post_tag","embeddable":true,"href":"https:\/\/www.iceagetv.com\/radiosite\/wp-json\/wp\/v2\/tags?post=32345"}],"curies":[{"name":"wp","href":"https:\/\/api.w.org\/{rel}","templated":true}]}}