{"id":32349,"date":"2025-01-06T17:22:50","date_gmt":"2025-01-06T16:22:50","guid":{"rendered":"https:\/\/www.iceagetv.com\/radiosite\/?p=32349"},"modified":"2025-01-06T17:22:54","modified_gmt":"2025-01-06T16:22:54","slug":"en-pleine-crise-politique-le-premier-ministre-canadien-justin-trudeau-en-poste-depuis-2015-annonce-sa-demission-malgre-tous-les-efforts-le-parlement-est-paralyse-depuis-des-mois-cest","status":"publish","type":"post","link":"https:\/\/www.iceagetv.com\/radiosite\/en-pleine-crise-politique-le-premier-ministre-canadien-justin-trudeau-en-poste-depuis-2015-annonce-sa-demission-malgre-tous-les-efforts-le-parlement-est-paralyse-depuis-des-mois-cest\/","title":{"rendered":"En pleine crise politique, le Premier ministre canadien Justin Trudeau, en poste depuis 2015, annonce sa d\u00e9mission: \u00ab\u00a0Malgr\u00e9 tous les efforts, le Parlement est paralys\u00e9 depuis des mois, c\u2019est pourquoi j\u2019ai l\u2019intention de d\u00e9missionner"},"content":{"rendered":"\n<p class=\"\">Sous pression au sein de son parti lib\u00e9ral, le Premier ministre canadien Justin Trudeau a annonc\u00e9 sa d\u00e9mission, alors qu\u2019il est confront\u00e9 \u00e0 la plus grave crise politique depuis son arriv\u00e9e au pouvoir il y a neuf ans.<\/p>\n\n\n\n<p class=\"\">\u00ab\u00a0J&rsquo;ai eu l&rsquo;occasion de r\u00e9fl\u00e9chir et d&rsquo;avoir de longues conversations avec ma famille\u00a0\u00bb, a-t-il d\u00e9clar\u00e9.<\/p>\n\n\n\n<p class=\"\">Et d&rsquo;ajouter:&nbsp;\u00ab\u00a0Au souper&nbsp;(hier),&nbsp;j&rsquo;ai partag\u00e9 avec mes enfants la d\u00e9cision que je partage avec vous aujourd&rsquo;hui : j&rsquo;ai l&rsquo;intention de d\u00e9missionner de mon poste de chef du Parti lib\u00e9ral canadien et comme Premier ministre, une fois que le parti aura choisi son prochain chef,&nbsp;\u00e0 l&rsquo;issue d&rsquo;un processus rigoureux et comp\u00e9titif\u00a0\u00bb.<\/p>\n\n\n\n<p class=\"\">\u00ab\u00a0Malgr\u00e9 tous les efforts, le Parlement est paralys\u00e9 depuis des mois\u00a0\u00bb, a-t-il regrett\u00e9.<\/p>\n\n\n\n<p class=\"\">&nbsp;Il a \u00e9galement pr\u00e9cis\u00e9 que&nbsp;\u00ab\u00a0le Parlement va \u00eatre prorog\u00e9 jusqu&rsquo;au 24 mars\u00a0\u00bb.<\/p>\n\n\n\n<p class=\"\">Et de poursuivre:&nbsp;&nbsp;\u00ab\u00a0Il est devenu \u00e9vident que si je dois me concentrer sur des batailles internes, je ne peux pas \u00eatre la meilleure option.\u00a0\u00bb.<\/p>\n\n\n\n<p class=\"\">Une telle annonce intervient \u00e0 quelques mois des prochaines l\u00e9gislatives qui doivent se tenir d\u2019ici la fin du mois d\u2019octobre. Mais il n\u2019est pas clair si M. Trudeau, 53 ans, restera le chef int\u00e9rimaire de son parti ou s\u2019il quittera imm\u00e9diatement ce poste s\u2019il d\u00e9missionne de ses fonctions de Premier ministre.<\/p>\n\n\n\n<p class=\"\">Jusqu\u2019ici Justin Trudeau, qui avait annonc\u00e9 son intention de se repr\u00e9senter, est cr\u00e9dit\u00e9 dans les sondages de plus de 20 points derri\u00e8re son rival conservateur, Pierre Poilievre. Minoritaire au Parlement, il est fragilis\u00e9 par le retrait de son alli\u00e9 de gauche et le m\u00e9contentement croissant au sein de son propre parti.<\/p>\n\n\n\n<p class=\"\">La popularit\u00e9 de M. Trudeau s\u2019est affaiblie ces derniers mois, son gouvernement ayant surv\u00e9cu de justesse \u00e0 une s\u00e9rie de votes de d\u00e9fiance et ses d\u00e9tracteurs ayant appel\u00e9 \u00e0 sa d\u00e9mission. Le chaos r\u00e8gne dans la capitale Ottawa depuis la d\u00e9mission surprise de la vice-Premi\u00e8re ministre, Chrystia Freeland, qui \u00e9tait en d\u00e9saccord avec Justin Trudeau sur la fa\u00e7on de g\u00e9rer la guerre \u00e9conomique qui se profile avec les Etats-Unis.<\/p>\n\n\n\n<p class=\"\">Les d\u00e9clarations de Donald Trump ces derni\u00e8res semaines ont aggrav\u00e9 la crise politique canadienne et provoqu\u00e9 une onde de choc. Le pays cherche une parade aux menaces de Donald Trump, qui a promis d\u2019imposer des droits de douane de 25% au Canada et au Mexique d\u00e8s son retour au pouvoir en janvier. M. Trudeau s\u2019est rendu en Floride en novembre pour le rencontrer dans sa propri\u00e9t\u00e9 de Mar-a-Lago afin d\u2019\u00e9viter une guerre commerciale.<\/p>\n\n\n\n<p class=\"\">Mais depuis, Donald Trump, qui prendra ses fonctions des pr\u00e9sident des Etats-Unis le 20 janvier, a port\u00e9 des coups humiliants \u00e0 M. Trudeau sur les r\u00e9seaux sociaux, l\u2019appelant \u00e0 plusieurs reprises \u00ab&nbsp;gouverneur&nbsp;\u00bb du Canada.<\/p>\n\n\n\n<p class=\"\">Apr\u00e8s pr\u00e8s d\u2019une d\u00e9cennie au pouvoir, Justin Trudeau souffre aujourd\u2019hui d\u2019une faible cote de popularit\u00e9, \u00e9tant vu comme responsable de la forte inflation qui frappe le pays tout comme de la crise du logement et des services publics. A son arriv\u00e9e en 2015, le monde entier observe pourtant avec int\u00e9r\u00eat, voire admiration, les premiers pas au pouvoir du jeune dirigeant multilat\u00e9raliste qui proclame que \u00ab&nbsp;le Canada est de retour&nbsp;\u00bb sur la sc\u00e8ne internationale.<\/p>\n\n\n\n<p class=\"\">Fils a\u00een\u00e9 du charismatique Pierre Elliott Trudeau, ex-Premier ministre mort en 2000, Justin Trudeau a longtemps cherch\u00e9 sa voie: boxeur amateur, moniteur de snowboard, professeur d\u2019anglais et de fran\u00e7ais&#8230; Il se lance finalement sur les traces de son p\u00e8re et entre en politique tardivement en 2007, se fait \u00e9lire d\u00e9put\u00e9 de Montr\u00e9al en 2008 puis chef d\u2019un parti lib\u00e9ral en lambeaux en 2013.<\/p>\n\n\n\n<p class=\"\">Premier ministre, il a fait du Canada le deuxi\u00e8me pays au monde \u00e0 l\u00e9galiser le cannabis, a instaur\u00e9 l\u2019aide m\u00e9dicale \u00e0 mourir, une taxe carbone, a lanc\u00e9 une enqu\u00eate publique sur les femmes autochtones disparues et assassin\u00e9es et signera une version modernis\u00e9e de l\u2019accord de libre-\u00e9change nord-am\u00e9ricain (Al\u00e9na).<\/p>\n","protected":false},"excerpt":{"rendered":"<p>Sous pression au sein de son parti lib\u00e9ral, le Premier ministre canadien Justin Trudeau a annonc\u00e9 sa d\u00e9mission, alors qu\u2019il est confront\u00e9 \u00e0 la plus grave crise politique depuis son arriv\u00e9e au pouvoir il y a neuf ans. \u00ab\u00a0J&rsquo;ai eu l&rsquo;occasion de r\u00e9fl\u00e9chir et d&rsquo;avoir de longues conversations avec ma famille\u00a0\u00bb, a-t-il d\u00e9clar\u00e9. Et d&rsquo;ajouter:&nbsp;\u00ab\u00a0Au [&hellip;]<\/p>\n","protected":false},"author":2,"featured_media":32351,"comment_status":"open","ping_status":"open","sticky":false,"template":"","format":"standard","meta":{"_jetpack_memberships_contains_paid_content":false,"footnotes":"","jetpack_publicize_message":"","jetpack_publicize_feature_enabled":true,"jetpack_social_post_already_shared":true,"jetpack_social_options":{"image_generator_settings":{"template":"highway","enabled":true,"token":"eyJpbWciOiJodHRwczpcL1wvd3d3LmljZWFnZXR2LmNvbVwvcmFkaW9zaXRlXC93cC1jb250ZW50XC91cGxvYWRzXC8yMDI1XC8wMVwvVlNtQ19aTzkuanBnIiwidHh0IjoiRW4gcGxlaW5lIGNyaXNlIHBvbGl0aXF1ZSwgbGUgUHJlbWllciBtaW5pc3RyZSBjYW5hZGllbiBKdXN0aW4gVHJ1ZGVhdSwgZW4gcG9zdGUgZGVwdWlzIDIwMTUsIGFubm9uY2Ugc2EgZFx1MDBlOW1pc3Npb246ICYjODIyMDtNYWxnclx1MDBlOSB0b3VzIGxlcyBlZmZvcnRzLCBsZSBQYXJsZW1lbnQgZXN0IHBhcmFseXNcdTAwZTkgZGVwdWlzIGRlcyBtb2lzLCBjXHUyMDE5ZXN0IHBvdXJxdW9pIGpcdTIwMTlhaSBsXHUyMDE5aW50ZW50aW9uIGRlIGRcdTAwZTltaXNzaW9ubmVyIiwidGVtcGxhdGUiOiJoaWdod2F5IiwiYmxvZ19pZCI6MTExMDE2NDYxfQ.Kq525OH26hyxjXFjuqq6U_h8DxPw2u3oOf4QyDZGTo0MQ"},"version":2},"_wpas_customize_per_network":false},"categories":[405],"tags":[],"class_list":["post-32349","post","type-post","status-publish","format-standard","has-post-thumbnail","hentry","category-actu-france-monde"],"jetpack_publicize_connections":[],"jetpack_featured_media_url":"https:\/\/i0.wp.com\/www.iceagetv.com\/radiosite\/wp-content\/uploads\/2025\/01\/VSmC_ZO9.jpg?fit=679%2C293&ssl=1","jetpack_sharing_enabled":true,"_links":{"self":[{"href":"https:\/\/www.iceagetv.com\/radiosite\/wp-json\/wp\/v2\/posts\/32349","targetHints":{"allow":["GET"]}}],"collection":[{"href":"https:\/\/www.iceagetv.com\/radiosite\/wp-json\/wp\/v2\/posts"}],"about":[{"href":"https:\/\/www.iceagetv.com\/radiosite\/wp-json\/wp\/v2\/types\/post"}],"author":[{"embeddable":true,"href":"https:\/\/www.iceagetv.com\/radiosite\/wp-json\/wp\/v2\/users\/2"}],"replies":[{"embeddable":true,"href":"https:\/\/www.iceagetv.com\/radiosite\/wp-json\/wp\/v2\/comments?post=32349"}],"version-history":[{"count":1,"href":"https:\/\/www.iceagetv.com\/radiosite\/wp-json\/wp\/v2\/posts\/32349\/revisions"}],"predecessor-version":[{"id":32352,"href":"https:\/\/www.iceagetv.com\/radiosite\/wp-json\/wp\/v2\/posts\/32349\/revisions\/32352"}],"wp:featuredmedia":[{"embeddable":true,"href":"https:\/\/www.iceagetv.com\/radiosite\/wp-json\/wp\/v2\/media\/32351"}],"wp:attachment":[{"href":"https:\/\/www.iceagetv.com\/radiosite\/wp-json\/wp\/v2\/media?parent=32349"}],"wp:term":[{"taxonomy":"category","embeddable":true,"href":"https:\/\/www.iceagetv.com\/radiosite\/wp-json\/wp\/v2\/categories?post=32349"},{"taxonomy":"post_tag","embeddable":true,"href":"https:\/\/www.iceagetv.com\/radiosite\/wp-json\/wp\/v2\/tags?post=32349"}],"curies":[{"name":"wp","href":"https:\/\/api.w.org\/{rel}","templated":true}]}}