{"id":3238,"date":"2015-11-01T09:12:29","date_gmt":"2015-11-01T09:12:29","guid":{"rendered":"http:\/\/www.iceagetv.com\/radiosite\/?p=3238"},"modified":"2015-11-01T09:12:29","modified_gmt":"2015-11-01T09:12:29","slug":"le-mr-meteo-de-france-2-philippe-verdier-annonce-son-licenciement-dans-une-video-sur-internet","status":"publish","type":"post","link":"https:\/\/www.iceagetv.com\/radiosite\/le-mr-meteo-de-france-2-philippe-verdier-annonce-son-licenciement-dans-une-video-sur-internet\/","title":{"rendered":"Le Mr M\u00e9t\u00e9o de France 2, Philippe Verdier, annonce son licenciement dans une vid\u00e9o sur internet"},"content":{"rendered":"<p>\n\tLe Mr M&eacute;t&eacute;o de France 2, Philippe Verdier, annonce son licenciement dans une vid&eacute;o sur internet\n<\/p>\n<p>\n\tLe chef du service m&eacute;t&eacute;o de France 2 avait &eacute;t&eacute; convoqu&eacute; par la direction des ressources humaines de la cha&icirc;ne pour un entretien pr&eacute;alable en vue de son licenciement.\n<\/p>\n<p>\n\tC&#39;est son livre, intitul&eacute; Climat Investigation, qui lui vaut aujourd&#39;hui cette &eacute;viction.\n<\/p>\n<p>\n\tDans cet ouvrage paru au d&eacute;but du mois d&#39;octobre, le journaliste-pr&eacute;sentateur partageait son scepticisme sur les r&eacute;sultats de la conf&eacute;rence des Nations unies organis&eacute;e autour des changements climatiques.\n<\/p>\n<p>\n\tPar ailleurs, ce climato-sceptique avait adress&eacute; une lettre ouverte &agrave; Fran&ccedil;ois Hollande dans laquelle il d&eacute;non&ccedil;ait le manque d&#39;int&eacute;r&ecirc;t du gouvernement pour cette cause.\n<\/p>\n<p>\n\tAvec l&#39;approche de la COP 21, cette prise de position est mal tomb&eacute;e.\n<\/p>\n<p>\n\tDans les colonnes de Paris Match la semaine derni&egrave;re, la nouvelle pr&eacute;sidente de France T&eacute;l&eacute;visions avait comment&eacute; cette affaire:\n<\/p>\n<p>\n\t&laquo;Lorsqu&#39;on est salari&eacute; d&#39;une maison comme France T&eacute;l&eacute;visions, il faut faire une distinction entre ses avis personnels et ce que l&#39;on fait porter &agrave; l&#39;entreprise.\n<\/p>\n<p>\n\tL&agrave;, il y a eu confusion, et &ccedil;a me pose probl&egrave;me&raquo;, indique celle qui reconna&icirc;t avoir seulement &laquo;parcouru le livre&raquo; en question.\n<\/p>\n<p>\n\tCe matin, dans une vid&eacute;o post&eacute;e sur internet, le pr&eacute;sentateur &quot;ouvre sa lettre de licenciement&quot; devant les cam&eacute;ras et ne fait aucun commentaire se contentant de prendre connaissance du courrier qui lui a &eacute;t&eacute; adress&eacute;.\n<\/p>\n<p>\n\t<iframe loading=\"lazy\" title=\"Philippe Verdier ouvre sa lettre de licenciement \/ Philippe Verdier opens his letter of dismissal\" frameborder=\"0\" width=\"1170\" height=\"658\" src=\"https:\/\/geo.dailymotion.com\/player.html?video=x3btmnt&#038;\" allowfullscreen allow=\"autoplay; fullscreen; picture-in-picture; web-share\"><\/iframe><\/p>\n","protected":false},"excerpt":{"rendered":"<p>Le Mr M&eacute;t&eacute;o de France 2, Philippe Verdier, annonce son licenciement dans une vid&eacute;o sur internet Le chef du service m&eacute;t&eacute;o de France 2 avait &eacute;t&eacute; convoqu&eacute; par la direction des ressources humaines de la cha&icirc;ne pour un entretien pr&eacute;alable en vue de son licenciement. C&#39;est son livre, intitul&eacute; Climat Investigation, qui lui vaut aujourd&#39;hui [&hellip;]<\/p>\n","protected":false},"author":2,"featured_media":3239,"comment_status":"open","ping_status":"open","sticky":false,"template":"","format":"standard","meta":{"_jetpack_memberships_contains_paid_content":false,"footnotes":"","jetpack_publicize_message":"","jetpack_publicize_feature_enabled":true,"jetpack_social_post_already_shared":false,"jetpack_social_options":{"image_generator_settings":{"template":"highway","default_image_id":0,"font":"","enabled":false},"version":2},"_wpas_customize_per_network":false},"categories":[68],"tags":[731],"class_list":["post-3238","post","type-post","status-publish","format-standard","has-post-thumbnail","hentry","category-actu-culturelle","tag-philippe-verdier"],"jetpack_publicize_connections":[],"jetpack_featured_media_url":"https:\/\/i0.wp.com\/www.iceagetv.com\/radiosite\/wp-content\/uploads\/2015\/11\/phillipe-verdier-vire-de-France-2.jpg?fit=628%2C287&ssl=1","jetpack_sharing_enabled":true,"_links":{"self":[{"href":"https:\/\/www.iceagetv.com\/radiosite\/wp-json\/wp\/v2\/posts\/3238","targetHints":{"allow":["GET"]}}],"collection":[{"href":"https:\/\/www.iceagetv.com\/radiosite\/wp-json\/wp\/v2\/posts"}],"about":[{"href":"https:\/\/www.iceagetv.com\/radiosite\/wp-json\/wp\/v2\/types\/post"}],"author":[{"embeddable":true,"href":"https:\/\/www.iceagetv.com\/radiosite\/wp-json\/wp\/v2\/users\/2"}],"replies":[{"embeddable":true,"href":"https:\/\/www.iceagetv.com\/radiosite\/wp-json\/wp\/v2\/comments?post=3238"}],"version-history":[{"count":1,"href":"https:\/\/www.iceagetv.com\/radiosite\/wp-json\/wp\/v2\/posts\/3238\/revisions"}],"predecessor-version":[{"id":3240,"href":"https:\/\/www.iceagetv.com\/radiosite\/wp-json\/wp\/v2\/posts\/3238\/revisions\/3240"}],"wp:featuredmedia":[{"embeddable":true,"href":"https:\/\/www.iceagetv.com\/radiosite\/wp-json\/wp\/v2\/media\/3239"}],"wp:attachment":[{"href":"https:\/\/www.iceagetv.com\/radiosite\/wp-json\/wp\/v2\/media?parent=3238"}],"wp:term":[{"taxonomy":"category","embeddable":true,"href":"https:\/\/www.iceagetv.com\/radiosite\/wp-json\/wp\/v2\/categories?post=3238"},{"taxonomy":"post_tag","embeddable":true,"href":"https:\/\/www.iceagetv.com\/radiosite\/wp-json\/wp\/v2\/tags?post=3238"}],"curies":[{"name":"wp","href":"https:\/\/api.w.org\/{rel}","templated":true}]}}