{"id":32396,"date":"2025-01-08T13:09:56","date_gmt":"2025-01-08T12:09:56","guid":{"rendered":"https:\/\/www.iceagetv.com\/radiosite\/?p=32396"},"modified":"2025-01-08T13:10:00","modified_gmt":"2025-01-08T12:10:00","slug":"jusqua-30h-dattente-aux-urgences-debordes-par-la-grippe-des-dizaines-hopitaux-declenchent-le-plan-blanc","status":"publish","type":"post","link":"https:\/\/www.iceagetv.com\/radiosite\/jusqua-30h-dattente-aux-urgences-debordes-par-la-grippe-des-dizaines-hopitaux-declenchent-le-plan-blanc\/","title":{"rendered":"Jusqu&rsquo;\u00e0 30h d&rsquo;attente aux urgences : d\u00e9bord\u00e9s par la grippe, des dizaines h\u00f4pitaux d\u00e9clenchent le plan blanc"},"content":{"rendered":"\n<p class=\"\">Le dynamisme cet hiver de la<a href=\"https:\/\/actu.fr\/tag\/grippe\">&nbsp;grippe saisonni\u00e8re<\/a>&nbsp;et les autres affections respiratoires mettent les&nbsp;<a href=\"https:\/\/actu.fr\/tag\/hopital\">h\u00f4pitaux<\/a>&nbsp;en tension un peu partout en France m<strong>\u00eame si l\u2019ampleur de l\u2019\u00e9pid\u00e9mie reste encore \u00e0 d\u00e9terminer.<\/strong><\/p>\n\n\n\n<p class=\"\">Si le minist\u00e8re de la Sant\u00e9 n\u2019est pas en mesure de donner une estimation du nombre d\u2019h\u00f4pitaux en\u00a0<strong>\u00ab\u00a0plan blanc\u00a0\u00bb<\/strong>, au moins\u00a0<strong>une vingtaine d\u2019\u00e9tablissements hospitaliers en France<\/strong>\u00a0l\u2019ont d\u00e9clench\u00e9 face \u00e0 l\u2019afflux de malades dans leurs services d\u2019urgence, selon un d\u00e9compte fait par l\u2019<em>AFP<\/em>\u00a0\u00e0 partir d\u2019informations publi\u00e9es en ligne par les \u00e9tablissements ou l\u2019administration.Chiffre sous-estim\u00e9 ?<\/p>\n\n\n\n<p class=\"\">Ces plans permettent aux h\u00f4pitaux de prendre des mesures exceptionnelles pour faire face \u00e0 un afflux de patients, comme la d\u00e9programmation de certaines op\u00e9rations, la r\u00e9-affectation ou le rappel de personnels en cong\u00e9s.<\/p>\n\n\n\n<p class=\"\">Selon plusieurs sources, ce d\u00e9compte est probablement sous-estim\u00e9. \u00ab\u00a0Rien que dans les Pays-de-la-Loire, on a six plans blancs\u00a0\u00bb, indique \u00e0 l\u2019AFP Dominique Savary, le chef des Urgences d\u2019Angers.On a le sentiment que c\u2019est plus fort qu\u2019habituellement&nbsp;\u00bb, commente de son c\u00f4t\u00e9 Agn\u00e8s Ricard-Hibon, porte-parole du syndicat Samu-Urgences de France (SUDF), qui va lancer une enqu\u00eate pour quantifier le ph\u00e9nom\u00e8ne.&nbsp;<\/p>\n\n\n\n<p class=\"\">\u00ab\u00a0Le probl\u00e8me majoritaire, c\u2019est le manque de lits d\u2019hospitalisation, comme toujours\u00a0\u00bb, poursuit-elle, appelant \u00e0 \u00ab\u00a0anticiper\u00a0\u00bb ces \u00ab\u00a0crises hivernales pr\u00e9visibles\u00a0\u00bb. \u00ab\u00a0Il faut r\u00e9server un nombre de lits dans les services pour l\u2019activit\u00e9 des urgences\u00a0\u00bb, une solution \u00ab\u00a0connue\u00a0\u00bb qui tarde \u00e0 se mettre en place, regrette-t-elle.Temps d\u2019attente de 20 \u00e0 30h \u00e0 Nantes<\/p>\n\n\n\n<p class=\"\">La situation met en souffrance les personnels, comme au CHU de Nantes, qui a d\u00e9clench\u00e9 un<a href=\"https:\/\/actu.fr\/societe\/c-est-quoi-le-plan-blanc-que-peuvent-declencher-les-hopitaux_54780875.html\">&nbsp;plan blanc<\/a>&nbsp;lundi. Dans une lettre ouverte \u00e0 la direction, le syndicat FO d\u00e9nonce des temps d\u2019attente atteignant d\u00e9sormais 20 \u00e0 30 heures et un \u00ab&nbsp;contexte de tensions inhumaines o\u00f9 plusieurs patients \u00e2g\u00e9s attendent d\u00e9sesp\u00e9r\u00e9ment un lit&nbsp;\u00bb.<\/p>\n\n\n\n<p class=\"\">Dans les Samu et services d\u2019acc\u00e8s aux soins (SAS) qui r\u00e9pondent aux appels au \u00ab&nbsp;15&nbsp;\u00bb, \u00ab&nbsp;l\u2019activit\u00e9 est en hausse de 10 \u00e0 15%&nbsp;\u00bb, et dans \u00ab&nbsp;beaucoup d\u2019endroits&nbsp;\u00bb, le temps moyen de d\u00e9crochage des appels d\u00e9passe la minute, d\u00e9plore Jean-Fran\u00e7ois Cibien, urgentiste \u00e0 Agen et vice-pr\u00e9sident de SUDF.<\/p>\n\n\n\n<p class=\"\">Le nouveau ministre de la Sant\u00e9&nbsp;<a href=\"https:\/\/actu.fr\/bretagne\/rennes_35238\/video-virus-mpox-en-bretagne-mon-role-est-de-rassurer-reagit-le-ministre-de-la-sante-en-visite-a-rennes_62084789.html\">Yannick Neuder, interrog\u00e9 \u00e0 Rennes<\/a>&nbsp;en marge d\u2019un d\u00e9placement, a reconnu que cette multiplication de plans blancs \u00ab&nbsp;traduit bien l\u2019\u00e9tat de tension dans lequel se retrouve notre syst\u00e8me de&nbsp;<a href=\"https:\/\/actu.fr\/tag\/sante\">sant\u00e9<\/a>\u00ab&nbsp;.<\/p>\n\n\n\n<p class=\"\">Une de mes priorit\u00e9s sera de favoriser tout ce qui peut produire du soin sur le territoire (pour) \u00e9viter le recours syst\u00e9matique aux urgences.<strong>Yannick Neuder<\/strong>Ministre de la Sant\u00e9Le virus H1N1, \u00e7a tape&nbsp;\u00bb<\/p>\n\n\n\n<p class=\"\">L\u2019\u00e9pid\u00e9mie de grippe appara\u00eet dynamique, mais son ampleur exacte reste \u00e0 d\u00e9terminer. \u00ab&nbsp;A voir les chiffres, ce n\u2019est pas monstrueux, mais on est dans une taille d\u2019\u00e9pid\u00e9mie qui sera probablement dans la fourchette haute cette saison&nbsp;\u00bb, indique \u00e0 l\u2019AFP le virologue Bruno Lina, membre du Covars (comit\u00e9 de veille et d\u2019anticipation des risques sanitaires).&nbsp;<\/p>\n\n\n\n<p class=\"\">\u00ab&nbsp;Chez les adultes jeunes, le virus H1N1, \u00e7a tape, avec des formes cliniques assez marqu\u00e9es&nbsp;\u00bb, notamment des gens qui \u00ab&nbsp;sont parfois 48h ou 72h au lit, avec l\u2019impression d\u2019\u00eatre \u00e9puis\u00e9s au point de ne pas arriver \u00e0 se lever&nbsp;\u00bb, ajoute-t-il.<\/p>\n\n\n\n<p class=\"\">Il observe qu\u2019apr\u00e8s les enfants et les moins de 50 ans, les personnes \u00e2g\u00e9es, plus \u00e0 risque d\u2019hospitalisation, sont de plus en plus touch\u00e9es.<\/p>\n\n\n\n<p class=\"\">Pour Marie-Anne Rameix-Welti, responsable du Centre national de r\u00e9f\u00e9rence des infections respiratoires (Institut Pasteur), l\u2019intensit\u00e9 de l\u2019\u00e9pid\u00e9mie est \u00ab&nbsp;comparable aux ann\u00e9es pr\u00e9c\u00e9dentes&nbsp;\u00bb, mais \u00ab&nbsp;on ne sait pas encore si l\u2019on a atteint le pic. Il faut voir ce qui se passe dans les deux semaines \u00e0 venir&nbsp;\u00bb.<\/p>\n\n\n\n<p class=\"\">En revanche, \u00ab&nbsp;cette ann\u00e9e, il n\u2019y a pas de superposition avec d\u2019autres virus comme le VRS (principal virus \u00e0 l\u2019origine de la bronchiolite), qui a baiss\u00e9, et le Covid, qui est bas&nbsp;\u00bb, ajoute-t-elle.<\/p>\n","protected":false},"excerpt":{"rendered":"<p>Le dynamisme cet hiver de la&nbsp;grippe saisonni\u00e8re&nbsp;et les autres affections respiratoires mettent les&nbsp;h\u00f4pitaux&nbsp;en tension un peu partout en France m\u00eame si l\u2019ampleur de l\u2019\u00e9pid\u00e9mie reste encore \u00e0 d\u00e9terminer. Si le minist\u00e8re de la Sant\u00e9 n\u2019est pas en mesure de donner une estimation du nombre d\u2019h\u00f4pitaux en\u00a0\u00ab\u00a0plan blanc\u00a0\u00bb, au moins\u00a0une vingtaine d\u2019\u00e9tablissements hospitaliers en France\u00a0l\u2019ont d\u00e9clench\u00e9 [&hellip;]<\/p>\n","protected":false},"author":2,"featured_media":32397,"comment_status":"open","ping_status":"open","sticky":false,"template":"","format":"standard","meta":{"_jetpack_memberships_contains_paid_content":false,"footnotes":"","jetpack_publicize_message":"","jetpack_publicize_feature_enabled":true,"jetpack_social_post_already_shared":true,"jetpack_social_options":{"image_generator_settings":{"template":"highway","enabled":true,"token":"eyJpbWciOiJodHRwczpcL1wvd3d3LmljZWFnZXR2LmNvbVwvcmFkaW9zaXRlXC93cC1jb250ZW50XC91cGxvYWRzXC8yMDI1XC8wMVwvaG9waXRhbC1jb3JvbmEtODU0eDU2OS04NTR4NTU3LTk2MHg2NDAtMS5qcGciLCJ0eHQiOiJKdXNxdSYjODIxNztcdTAwZTAgMzBoIGQmIzgyMTc7YXR0ZW50ZSBhdXggdXJnZW5jZXMgOiBkXHUwMGU5Ym9yZFx1MDBlOXMgcGFyIGxhIGdyaXBwZSwgZGVzIGRpemFpbmVzIGhcdTAwZjRwaXRhdXggZFx1MDBlOWNsZW5jaGVudCBsZSBwbGFuIGJsYW5jIiwidGVtcGxhdGUiOiJoaWdod2F5IiwiYmxvZ19pZCI6MTExMDE2NDYxfQ.Rxiyw58Or4F3AbIz9uxd0KCeAchEcZhDcy0enK19FIgMQ"},"version":2},"_wpas_customize_per_network":false},"categories":[405],"tags":[],"class_list":["post-32396","post","type-post","status-publish","format-standard","has-post-thumbnail","hentry","category-actu-france-monde"],"jetpack_publicize_connections":[],"jetpack_featured_media_url":"https:\/\/i0.wp.com\/www.iceagetv.com\/radiosite\/wp-content\/uploads\/2025\/01\/hopital-corona-854x569-854x557-960x640-1.jpg?fit=960%2C640&ssl=1","jetpack_sharing_enabled":true,"_links":{"self":[{"href":"https:\/\/www.iceagetv.com\/radiosite\/wp-json\/wp\/v2\/posts\/32396","targetHints":{"allow":["GET"]}}],"collection":[{"href":"https:\/\/www.iceagetv.com\/radiosite\/wp-json\/wp\/v2\/posts"}],"about":[{"href":"https:\/\/www.iceagetv.com\/radiosite\/wp-json\/wp\/v2\/types\/post"}],"author":[{"embeddable":true,"href":"https:\/\/www.iceagetv.com\/radiosite\/wp-json\/wp\/v2\/users\/2"}],"replies":[{"embeddable":true,"href":"https:\/\/www.iceagetv.com\/radiosite\/wp-json\/wp\/v2\/comments?post=32396"}],"version-history":[{"count":1,"href":"https:\/\/www.iceagetv.com\/radiosite\/wp-json\/wp\/v2\/posts\/32396\/revisions"}],"predecessor-version":[{"id":32398,"href":"https:\/\/www.iceagetv.com\/radiosite\/wp-json\/wp\/v2\/posts\/32396\/revisions\/32398"}],"wp:featuredmedia":[{"embeddable":true,"href":"https:\/\/www.iceagetv.com\/radiosite\/wp-json\/wp\/v2\/media\/32397"}],"wp:attachment":[{"href":"https:\/\/www.iceagetv.com\/radiosite\/wp-json\/wp\/v2\/media?parent=32396"}],"wp:term":[{"taxonomy":"category","embeddable":true,"href":"https:\/\/www.iceagetv.com\/radiosite\/wp-json\/wp\/v2\/categories?post=32396"},{"taxonomy":"post_tag","embeddable":true,"href":"https:\/\/www.iceagetv.com\/radiosite\/wp-json\/wp\/v2\/tags?post=32396"}],"curies":[{"name":"wp","href":"https:\/\/api.w.org\/{rel}","templated":true}]}}