{"id":32401,"date":"2025-01-08T16:27:00","date_gmt":"2025-01-08T15:27:00","guid":{"rendered":"https:\/\/www.iceagetv.com\/radiosite\/?p=32401"},"modified":"2025-01-08T16:27:05","modified_gmt":"2025-01-08T15:27:05","slug":"sncf-letat-des-rames-ouigo-inquiete-les-syndicats-qui-denoncent-une-logique-low-cost-poussee-a-lextreme-au-detriment-de-la-qualite-de-service","status":"publish","type":"post","link":"https:\/\/www.iceagetv.com\/radiosite\/sncf-letat-des-rames-ouigo-inquiete-les-syndicats-qui-denoncent-une-logique-low-cost-poussee-a-lextreme-au-detriment-de-la-qualite-de-service\/","title":{"rendered":"SNCF : L\u2019\u00e9tat des rames Ouigo inqui\u00e8te les syndicats qui d\u00e9noncent une logique low-cost pouss\u00e9e \u00e0 l\u2019extr\u00eame au d\u00e9triment de la qualit\u00e9 de service\u00a0"},"content":{"rendered":"\n<p class=\"\">L\u2019\u00e9tat des rames Ouigo inqui\u00e8te les syndicats, qui d\u00e9noncent une logique low-cost pouss\u00e9e \u00e0 l\u2019extr\u00eame au d\u00e9triment de la qualit\u00e9 de service, alors que la SNCF souhaite voir cette filiale monter en puissance dans les deux prochaines ann\u00e9es.<\/p>\n\n\n\n<p class=\"\">\u00ab Pour en finir avec les +\u00e9paves+ Ouigo \u00bb: un communiqu\u00e9 de la CGT-Cheminots, l\u2019Unsa-Ferroviaire et Sud-Rail publi\u00e9 vendredi a frapp\u00e9 fort pour d\u00e9noncer un service d\u00e9grad\u00e9 et une propret\u00e9 douteuse dans les trains \u00e0 bas co\u00fbt de la SNCF. Les organisations appellent les agents Ouigo \u00e0 se mettre en gr\u00e8ve \u00e0 partir de vendredi et pour tout le week-end.&nbsp; \u00ab Le taux annonc\u00e9 de mobilisation est tr\u00e8s important \u00bb, a indiqu\u00e9 \u00e0 l\u2019AFP la CGT-Cheminots.<\/p>\n\n\n\n<p class=\"\">Du c\u00f4t\u00e9 de la direction de SNCF Voyageurs, on assure que le dialogue social est toujours en cours. \u00ab Ces trois derniers mois, les TGV Ouigo ont accumul\u00e9 plus d\u2019incidents (&#8230;) et de suppressions de trains que sur les deux derni\u00e8res ann\u00e9es, tous axes confondus \u00bb, d\u00e9noncent les syndicats.<\/p>\n\n\n\n<p class=\"\">\u00ab Ce n\u2019est pas le probl\u00e8me du Ouigo, c\u2019est le probl\u00e8me du low-cost \u00bb, a d\u00e9plor\u00e9 aupr\u00e8s de l\u2019AFP la CGT-Cheminots.&nbsp;\u00ab On tire de plus en plus sur la [corde] et on se retrouve avec du mat\u00e9riel surexploit\u00e9 \u00bb, s\u2019indigne la f\u00e9d\u00e9ration. \u00ab Dans les ateliers, les temps de visite sont raccourcis et les coll\u00e8gues qui sont charg\u00e9s de la maintenance n\u2019ont pas le temps pour d\u00e9tecter un certain nombre d\u2019anomalies \u00bb, souligne le syndicat.<\/p>\n\n\n\n<p class=\"\">\u00ab Les r\u00e8gles de maintenance et d\u2019entretien (pour les trains Ouigo) sont les m\u00eames que pour l\u2019ensemble du parc TGV \u00bb, a r\u00e9pondu mardi lors d\u2019un point presse le directeur g\u00e9n\u00e9ral de Ouigo J\u00e9r\u00f4me Laffon. Il a d\u00e9plor\u00e9 les propos&nbsp;\u00ab irresponsables \u00bb&nbsp;de certains syndicats qui sous-entendent que la s\u00fbret\u00e9 des personnels et des voyageurs pouvait \u00eatre n\u00e9glig\u00e9e.<\/p>\n","protected":false},"excerpt":{"rendered":"<p>L\u2019\u00e9tat des rames Ouigo inqui\u00e8te les syndicats, qui d\u00e9noncent une logique low-cost pouss\u00e9e \u00e0 l\u2019extr\u00eame au d\u00e9triment de la qualit\u00e9 de service, alors que la SNCF souhaite voir cette filiale monter en puissance dans les deux prochaines ann\u00e9es. \u00ab Pour en finir avec les +\u00e9paves+ Ouigo \u00bb: un communiqu\u00e9 de la CGT-Cheminots, l\u2019Unsa-Ferroviaire et Sud-Rail [&hellip;]<\/p>\n","protected":false},"author":2,"featured_media":32402,"comment_status":"open","ping_status":"open","sticky":false,"template":"","format":"standard","meta":{"_jetpack_memberships_contains_paid_content":false,"footnotes":"","jetpack_publicize_message":"","jetpack_publicize_feature_enabled":true,"jetpack_social_post_already_shared":true,"jetpack_social_options":{"image_generator_settings":{"template":"highway","enabled":true,"token":"eyJpbWciOiJodHRwczpcL1wvd3d3LmljZWFnZXR2LmNvbVwvcmFkaW9zaXRlXC93cC1jb250ZW50XC91cGxvYWRzXC8yMDI1XC8wMVwvTGV0YXQtZGVzLXJhbWVzLU91aWdvLmpwZyIsInR4dCI6IlNOQ0YgOiBMXHUyMDE5XHUwMGU5dGF0IGRlcyByYW1lcyBPdWlnbyBpbnF1aVx1MDBlOHRlIGxlcyBzeW5kaWNhdHMgcXVpIGRcdTAwZTlub25jZW50IHVuZSBsb2dpcXVlIGxvdy1jb3N0IHBvdXNzXHUwMGU5ZSBcdTAwZTAgbFx1MjAxOWV4dHJcdTAwZWFtZSBhdSBkXHUwMGU5dHJpbWVudCBkZSBsYSBxdWFsaXRcdTAwZTkgZGUgc2VydmljZVx1MDBhMCIsInRlbXBsYXRlIjoiaGlnaHdheSIsImJsb2dfaWQiOjExMTAxNjQ2MX0.IxGzRTsMeH2RUas6VSO6TxfGuYePOpn3cxoTH74xba0MQ"},"version":2},"_wpas_customize_per_network":false},"categories":[405],"tags":[],"class_list":["post-32401","post","type-post","status-publish","format-standard","has-post-thumbnail","hentry","category-actu-france-monde"],"jetpack_publicize_connections":[],"jetpack_featured_media_url":"https:\/\/i0.wp.com\/www.iceagetv.com\/radiosite\/wp-content\/uploads\/2025\/01\/Letat-des-rames-Ouigo.jpg?fit=679%2C293&ssl=1","jetpack_sharing_enabled":true,"_links":{"self":[{"href":"https:\/\/www.iceagetv.com\/radiosite\/wp-json\/wp\/v2\/posts\/32401","targetHints":{"allow":["GET"]}}],"collection":[{"href":"https:\/\/www.iceagetv.com\/radiosite\/wp-json\/wp\/v2\/posts"}],"about":[{"href":"https:\/\/www.iceagetv.com\/radiosite\/wp-json\/wp\/v2\/types\/post"}],"author":[{"embeddable":true,"href":"https:\/\/www.iceagetv.com\/radiosite\/wp-json\/wp\/v2\/users\/2"}],"replies":[{"embeddable":true,"href":"https:\/\/www.iceagetv.com\/radiosite\/wp-json\/wp\/v2\/comments?post=32401"}],"version-history":[{"count":1,"href":"https:\/\/www.iceagetv.com\/radiosite\/wp-json\/wp\/v2\/posts\/32401\/revisions"}],"predecessor-version":[{"id":32403,"href":"https:\/\/www.iceagetv.com\/radiosite\/wp-json\/wp\/v2\/posts\/32401\/revisions\/32403"}],"wp:featuredmedia":[{"embeddable":true,"href":"https:\/\/www.iceagetv.com\/radiosite\/wp-json\/wp\/v2\/media\/32402"}],"wp:attachment":[{"href":"https:\/\/www.iceagetv.com\/radiosite\/wp-json\/wp\/v2\/media?parent=32401"}],"wp:term":[{"taxonomy":"category","embeddable":true,"href":"https:\/\/www.iceagetv.com\/radiosite\/wp-json\/wp\/v2\/categories?post=32401"},{"taxonomy":"post_tag","embeddable":true,"href":"https:\/\/www.iceagetv.com\/radiosite\/wp-json\/wp\/v2\/tags?post=32401"}],"curies":[{"name":"wp","href":"https:\/\/api.w.org\/{rel}","templated":true}]}}