{"id":32408,"date":"2025-01-08T20:14:29","date_gmt":"2025-01-08T19:14:29","guid":{"rendered":"https:\/\/www.iceagetv.com\/radiosite\/?p=32408"},"modified":"2025-01-08T20:14:34","modified_gmt":"2025-01-08T19:14:34","slug":"maxime-saada-president-du-groupe-canal-plus-sexprime-sur-lavenir-de-cyril-hanouna-et-confirme-que-rien-nest-fait-a-ce-stade-meme-si-le-groupe-souhaite-le-garder","status":"publish","type":"post","link":"https:\/\/www.iceagetv.com\/radiosite\/maxime-saada-president-du-groupe-canal-plus-sexprime-sur-lavenir-de-cyril-hanouna-et-confirme-que-rien-nest-fait-a-ce-stade-meme-si-le-groupe-souhaite-le-garder\/","title":{"rendered":"Maxime Saada, Pr\u00e9sident du Groupe Canal Plus, s&rsquo;exprime sur l&rsquo;avenir de Cyril Hanouna et confirme que \u00ab\u00a0rien n&rsquo;est fait \u00e0 ce stade\u00a0\u00bb m\u00eame si \u00ab\u00a0le groupe souhaite le garder\u00a0\u00bb"},"content":{"rendered":"\n<p class=\"\">Apr\u00e8s Cyril Hanouna, c&rsquo;est Maxime Saada, Pr\u00e9sident du Groupe qui s&rsquo;est exprim\u00e9 aujourd&rsquo;hui sur l&rsquo;avenir de \u00ab\u00a0Touche pas \u00e0 mon poste\u00a0\u00bb et de l&rsquo;animateur vedette. Il a confirm\u00e9 ce qu&rsquo;avait affirm\u00e9 Cyril Hanouna lui-m\u00eame, lundi en direct dans TPMP. Pour Maxime Saada, \u00ab\u00a0le maintien de Cyril Hanouna dans le groupe Canal+ apr\u00e8s l&rsquo;arr\u00eat annonc\u00e9 de la chaine C8 n&rsquo;est pas act\u00e9 \u00e0 ce stade, m\u00eame si c&rsquo;est ce que souhaite l&rsquo;entreprise\u00a0\u00bb, a-t-il dit \u00e0 Strat\u00e9gies.<\/p>\n\n\n\n<p class=\"\">Bien que le Conseil d&rsquo;Etat doive encore examiner un recours de C8 contre le non-renouvellement de sa fr\u00e9quence, \u00ab\u00a0nous avons \u00e9t\u00e9 contraints d&rsquo;acter\u00a0\u00bb l&rsquo;arr\u00eat de la cha\u00eene le 28 f\u00e9vrier, a d\u00e9clar\u00e9 M. Saada dans une interview \u00e0 Strat\u00e9gie.<\/p>\n\n\n\n<p class=\"\">Apr\u00e8s une pr\u00e9s\u00e9lection annonc\u00e9e en juillet, l&rsquo;Arcom, le r\u00e9gulateur de l&rsquo;audiovisuel, a \u00e9cart\u00e9 le 12 d\u00e9cembre les cha\u00eenes C8 et NRJ 12 de la proc\u00e9dure de r\u00e9attribution de onze fr\u00e9quences de la TNT (t\u00e9l\u00e9vision num\u00e9rique terrestre).<\/p>\n\n\n\n<p class=\"\">\u00ab\u00a0J&rsquo;ai sous-estim\u00e9 le risque de retrait (de la fr\u00e9quence) jusqu&rsquo;\u00e0 la fin\u00a0\u00bb, a avou\u00e9 M. Saada, selon qui \u00ab\u00a0cette d\u00e9cision de l&rsquo;Arcom est (&#8230;) totalement incompr\u00e9hensible\u00a0\u00bb. Lundi soir, pour la rentr\u00e9e de son \u00e9mission, Cyril&nbsp; Hanouna a assur\u00e9 qu&rsquo;il n&rsquo;y avait \u00ab\u00a0rien de fait\u00a0\u00bb sur son avenir.&nbsp;Selon lui, une \u00ab\u00a0piste s\u00e9rieuse\u00a0\u00bb serait qu&rsquo;il bascule sur CStar, autre cha\u00eene du groupe Canal+, pour \u00ab\u00a0un talk show de type TPMP de 18h00 \u00e0 21h30\u00a0\u00bb :<\/p>\n\n\n\n<p class=\"\">\u00ab\u00a0Le groupe Canal Plus a n\u00e9goci\u00e9 sa convention, une charte qui dit ce que peut faire la cha\u00eene. C8 s&rsquo;arr\u00eatera le 27 f\u00e9vrier puisque le Conseil d&rsquo;Etat a confirm\u00e9 la d\u00e9cision de l&rsquo;Arcom. On voulait donc savoir s&rsquo;il \u00e9tait possible dans la convention de CStar de faire un talk-show de type TPMP dans les horaires auxquelles on est\u00a0\u00bb, a-t-il d\u00e9but\u00e9.<\/p>\n\n\n\n<p class=\"\">Et d&rsquo;ajouter : \u00ab\u00a0Oui, c&rsquo;est possible. La convention le permet. On va travailler l\u00e0-dessus. Il y a d&rsquo;autres pistes. Cette piste l\u00e0 existe. On est en train de l&rsquo;\u00e9tudier. Je vous dirai ce qu&rsquo;il va se passer dans les prochains jours\u00a0\u00bb. \u00ab\u00a0Pour l&rsquo;instant, il n&rsquo;y a rien de fait. Il n&rsquo;y a rien de s\u00fbr\u00a0\u00bb, assure Cyril Hanouna.<\/p>\n","protected":false},"excerpt":{"rendered":"<p>Apr\u00e8s Cyril Hanouna, c&rsquo;est Maxime Saada, Pr\u00e9sident du Groupe qui s&rsquo;est exprim\u00e9 aujourd&rsquo;hui sur l&rsquo;avenir de \u00ab\u00a0Touche pas \u00e0 mon poste\u00a0\u00bb et de l&rsquo;animateur vedette. Il a confirm\u00e9 ce qu&rsquo;avait affirm\u00e9 Cyril Hanouna lui-m\u00eame, lundi en direct dans TPMP. Pour Maxime Saada, \u00ab\u00a0le maintien de Cyril Hanouna dans le groupe Canal+ apr\u00e8s l&rsquo;arr\u00eat annonc\u00e9 de [&hellip;]<\/p>\n","protected":false},"author":2,"featured_media":32409,"comment_status":"open","ping_status":"open","sticky":false,"template":"","format":"standard","meta":{"_jetpack_memberships_contains_paid_content":false,"footnotes":"","jetpack_publicize_message":"","jetpack_publicize_feature_enabled":true,"jetpack_social_post_already_shared":true,"jetpack_social_options":{"image_generator_settings":{"template":"highway","enabled":true,"token":"eyJpbWciOiJodHRwczpcL1wvd3d3LmljZWFnZXR2LmNvbVwvcmFkaW9zaXRlXC93cC1jb250ZW50XC91cGxvYWRzXC8yMDI1XC8wMVwvQ3hiUTNKM3kuanBnIiwidHh0IjoiTWF4aW1lIFNhYWRhLCBQclx1MDBlOXNpZGVudCBkdSBHcm91cGUgQ2FuYWwgUGx1cywgcyYjODIxNztleHByaW1lIHN1ciBsJiM4MjE3O2F2ZW5pciBkZSBDeXJpbCBIYW5vdW5hIGV0IGNvbmZpcm1lIHF1ZSAmIzgyMjA7cmllbiBuJiM4MjE3O2VzdCBmYWl0IFx1MDBlMCBjZSBzdGFkZSYjODIyMTsgbVx1MDBlYW1lIHNpICYjODIyMDtsZSBncm91cGUgc291aGFpdGUgbGUgZ2FyZGVyJiM4MjIxOyIsInRlbXBsYXRlIjoiaGlnaHdheSIsImJsb2dfaWQiOjExMTAxNjQ2MX0.Y7k04COWYOOJrRR7mZ61mF9Zul1KnDZLeDWY3Lw2PDMMQ"},"version":2},"_wpas_customize_per_network":false},"categories":[68],"tags":[],"class_list":["post-32408","post","type-post","status-publish","format-standard","has-post-thumbnail","hentry","category-actu-culturelle"],"jetpack_publicize_connections":[],"jetpack_featured_media_url":"https:\/\/i0.wp.com\/www.iceagetv.com\/radiosite\/wp-content\/uploads\/2025\/01\/CxbQ3J3y.jpg?fit=679%2C293&ssl=1","jetpack_sharing_enabled":true,"_links":{"self":[{"href":"https:\/\/www.iceagetv.com\/radiosite\/wp-json\/wp\/v2\/posts\/32408","targetHints":{"allow":["GET"]}}],"collection":[{"href":"https:\/\/www.iceagetv.com\/radiosite\/wp-json\/wp\/v2\/posts"}],"about":[{"href":"https:\/\/www.iceagetv.com\/radiosite\/wp-json\/wp\/v2\/types\/post"}],"author":[{"embeddable":true,"href":"https:\/\/www.iceagetv.com\/radiosite\/wp-json\/wp\/v2\/users\/2"}],"replies":[{"embeddable":true,"href":"https:\/\/www.iceagetv.com\/radiosite\/wp-json\/wp\/v2\/comments?post=32408"}],"version-history":[{"count":1,"href":"https:\/\/www.iceagetv.com\/radiosite\/wp-json\/wp\/v2\/posts\/32408\/revisions"}],"predecessor-version":[{"id":32410,"href":"https:\/\/www.iceagetv.com\/radiosite\/wp-json\/wp\/v2\/posts\/32408\/revisions\/32410"}],"wp:featuredmedia":[{"embeddable":true,"href":"https:\/\/www.iceagetv.com\/radiosite\/wp-json\/wp\/v2\/media\/32409"}],"wp:attachment":[{"href":"https:\/\/www.iceagetv.com\/radiosite\/wp-json\/wp\/v2\/media?parent=32408"}],"wp:term":[{"taxonomy":"category","embeddable":true,"href":"https:\/\/www.iceagetv.com\/radiosite\/wp-json\/wp\/v2\/categories?post=32408"},{"taxonomy":"post_tag","embeddable":true,"href":"https:\/\/www.iceagetv.com\/radiosite\/wp-json\/wp\/v2\/tags?post=32408"}],"curies":[{"name":"wp","href":"https:\/\/api.w.org\/{rel}","templated":true}]}}