{"id":32411,"date":"2025-01-09T11:38:50","date_gmt":"2025-01-09T10:38:50","guid":{"rendered":"https:\/\/www.iceagetv.com\/radiosite\/?p=32411"},"modified":"2025-01-09T11:38:55","modified_gmt":"2025-01-09T10:38:55","slug":"un-sans-abri-mort-dhypothermie-a-valenciennes-une-personne-decede-en-glissant-suite-aux-chutes-de-neige-pres-de-lille","status":"publish","type":"post","link":"https:\/\/www.iceagetv.com\/radiosite\/un-sans-abri-mort-dhypothermie-a-valenciennes-une-personne-decede-en-glissant-suite-aux-chutes-de-neige-pres-de-lille\/","title":{"rendered":"Un sans-abri mort d&rsquo;hypothermie \u00e0 Valenciennes, une personne d\u00e9c\u00e8de en glissant suite aux chutes de neige pr\u00e8s de Lille"},"content":{"rendered":"\n<p class=\"\"><strong>Alors que le Nord et le Pas-de-Calais sont plac\u00e9s en vigilance orange neige et verglas par M\u00e9t\u00e9o France depuis mercredi 8 janvier 2025, le pr\u00e9fet du Nord annonce deux d\u00e9c\u00e8s en lien avec les intemp\u00e9ries : un sans-abri de 37 ans mort d&rsquo;hypothermie \u00e0 Valenciennes et une personne qui a mortellement heurt\u00e9 le sol en glissant sur un trottoir \u00e0 Croix.<\/strong>Le pr\u00e9fet de la zone de d\u00e9fense et de s\u00e9curit\u00e9 Nord a annonc\u00e9 ce jeudi 9 janvier 2025 la mort de deux personnes li\u00e9e aux intemp\u00e9ries.<\/p>\n\n\n\n<p class=\"\">Selon Bertrand Gaume, une personne a chut\u00e9 mortellement sur un trottoir glissant de la commune de Croix pr\u00e8s de Lille et un sans-abri est mort d&rsquo;hypothermie dans le Valenciennois, selon le pr\u00e9fet.Le Nord et le Pas-de-Calais sont plac\u00e9s en vigilance orange \u00e0 la neige et au verglas par M\u00e9t\u00e9o France depuis l&rsquo;apr\u00e8s-midi du mercredi 8 janvier 2025. Une vigilance orange qui va \u00eatre lev\u00e9e ce jeudi 9 janvier midi mais sera de nouveau activ\u00e9e \u00e0 22 heures.<\/p>\n\n\n\n<h2 class=\"wp-block-heading\">Un mort \u00e0 Croix en heurtant un trottoir<\/h2>\n\n\n\n<p class=\"\"><em>\u00ab\u00a0Une personne a chut\u00e9 sans doute en raison d&rsquo;un sol glissant et de la neige. La personne a heurt\u00e9 sa t\u00eate violemment sur un trottoir et malheureusement n&rsquo;a pas pu \u00eatre r\u00e9anim\u00e9e par les secours\u00a0\u00bb,<\/em>&nbsp;explique le pr\u00e9fet.&nbsp;<\/p>\n\n\n\n<p class=\"\">Appel\u00e9s pour un arr\u00eat cardiaque, les pompiers de Roubaix n&rsquo;ont pu que constater le d\u00e9c\u00e8s de la victime.&nbsp;<em>\u00ab\u00a0Les pompiers et le SAMU ont pu rattacher \u00e0 l&rsquo;\u00e9pisode neigeux que nous traversons\u00a0\u00bb<\/em>, a ajout\u00e9 Bertrand Gaume sur Franceinfo.<\/p>\n\n\n\n<h2 class=\"wp-block-heading\">Un sans-abri mort d&rsquo;hypothermie dans le Valenciennois<\/h2>\n\n\n\n<p class=\"\">Dans la nuit du mercredi 8 au jeudi 9 janvier 2025, une personne sans-abri a \u00e9galement perdu la vie. Cette personne dormait dans&nbsp;<em>\u00ab\u00a0un abri de fortune qui n&rsquo;\u00e9tait gu\u00e8re chauff\u00e9\u00a0\u00bb<\/em>, indique le pr\u00e9fet. Il s&rsquo;agit d&rsquo;un homme de 37 ans, selon nos informations.<\/p>\n","protected":false},"excerpt":{"rendered":"<p>Alors que le Nord et le Pas-de-Calais sont plac\u00e9s en vigilance orange neige et verglas par M\u00e9t\u00e9o France depuis mercredi 8 janvier 2025, le pr\u00e9fet du Nord annonce deux d\u00e9c\u00e8s en lien avec les intemp\u00e9ries : un sans-abri de 37 ans mort d&rsquo;hypothermie \u00e0 Valenciennes et une personne qui a mortellement heurt\u00e9 le sol en [&hellip;]<\/p>\n","protected":false},"author":2,"featured_media":32412,"comment_status":"open","ping_status":"open","sticky":false,"template":"","format":"standard","meta":{"_jetpack_memberships_contains_paid_content":false,"footnotes":"","jetpack_publicize_message":"","jetpack_publicize_feature_enabled":true,"jetpack_social_post_already_shared":true,"jetpack_social_options":{"image_generator_settings":{"template":"highway","enabled":true,"token":"eyJpbWciOiJodHRwczpcL1wvd3d3LmljZWFnZXR2LmNvbVwvcmFkaW9zaXRlXC93cC1jb250ZW50XC91cGxvYWRzXC8yMDI1XC8wMVwvVW4tc2Fucy1hYnJpLW1vcnQtZGh5cG90aGVybWllLmpwZyIsInR4dCI6IlVuIHNhbnMtYWJyaSBtb3J0IGQmIzgyMTc7aHlwb3RoZXJtaWUgXHUwMGUwIFZhbGVuY2llbm5lcywgdW5lIHBlcnNvbm5lIGRcdTAwZTljXHUwMGU4ZGUgZW4gZ2xpc3NhbnQgc3VpdGUgYXV4IGNodXRlcyBkZSBuZWlnZSBwclx1MDBlOHMgZGUgTGlsbGUiLCJ0ZW1wbGF0ZSI6ImhpZ2h3YXkiLCJibG9nX2lkIjoxMTEwMTY0NjF9.AQBsUeiqTWfedDdMkNk__RPVfw700WtOukInYD7JdCcMQ"},"version":2},"_wpas_customize_per_network":false},"categories":[14],"tags":[],"class_list":["post-32411","post","type-post","status-publish","format-standard","has-post-thumbnail","hentry","category-actu-meteo"],"jetpack_publicize_connections":[],"jetpack_featured_media_url":"https:\/\/i0.wp.com\/www.iceagetv.com\/radiosite\/wp-content\/uploads\/2025\/01\/Un-sans-abri-mort-dhypothermie.jpg?fit=552%2C414&ssl=1","jetpack_sharing_enabled":true,"_links":{"self":[{"href":"https:\/\/www.iceagetv.com\/radiosite\/wp-json\/wp\/v2\/posts\/32411","targetHints":{"allow":["GET"]}}],"collection":[{"href":"https:\/\/www.iceagetv.com\/radiosite\/wp-json\/wp\/v2\/posts"}],"about":[{"href":"https:\/\/www.iceagetv.com\/radiosite\/wp-json\/wp\/v2\/types\/post"}],"author":[{"embeddable":true,"href":"https:\/\/www.iceagetv.com\/radiosite\/wp-json\/wp\/v2\/users\/2"}],"replies":[{"embeddable":true,"href":"https:\/\/www.iceagetv.com\/radiosite\/wp-json\/wp\/v2\/comments?post=32411"}],"version-history":[{"count":1,"href":"https:\/\/www.iceagetv.com\/radiosite\/wp-json\/wp\/v2\/posts\/32411\/revisions"}],"predecessor-version":[{"id":32413,"href":"https:\/\/www.iceagetv.com\/radiosite\/wp-json\/wp\/v2\/posts\/32411\/revisions\/32413"}],"wp:featuredmedia":[{"embeddable":true,"href":"https:\/\/www.iceagetv.com\/radiosite\/wp-json\/wp\/v2\/media\/32412"}],"wp:attachment":[{"href":"https:\/\/www.iceagetv.com\/radiosite\/wp-json\/wp\/v2\/media?parent=32411"}],"wp:term":[{"taxonomy":"category","embeddable":true,"href":"https:\/\/www.iceagetv.com\/radiosite\/wp-json\/wp\/v2\/categories?post=32411"},{"taxonomy":"post_tag","embeddable":true,"href":"https:\/\/www.iceagetv.com\/radiosite\/wp-json\/wp\/v2\/tags?post=32411"}],"curies":[{"name":"wp","href":"https:\/\/api.w.org\/{rel}","templated":true}]}}