{"id":32450,"date":"2025-01-10T14:24:20","date_gmt":"2025-01-10T13:24:20","guid":{"rendered":"https:\/\/www.iceagetv.com\/radiosite\/?p=32450"},"modified":"2025-01-10T14:24:24","modified_gmt":"2025-01-10T13:24:24","slug":"lancien-president-uruguayen-jose-pepe-mujica-89-ans-revele-la-propagation-du-cancer-dont-il-souffre-et-dit-arreter-tout-traitement-je-suis-en-train-de-mourir","status":"publish","type":"post","link":"https:\/\/www.iceagetv.com\/radiosite\/lancien-president-uruguayen-jose-pepe-mujica-89-ans-revele-la-propagation-du-cancer-dont-il-souffre-et-dit-arreter-tout-traitement-je-suis-en-train-de-mourir\/","title":{"rendered":"L&rsquo;ancien pr\u00e9sident uruguayen Jos\u00e9 \u00ab\u00a0Pepe\u00a0\u00bb Mujica, 89 ans, r\u00e9v\u00e8le la propagation du cancer dont il souffre et dit arr\u00eater tout traitement : \u00ab\u00a0Je suis en train de mourir"},"content":{"rendered":"\n<p class=\"\">L&rsquo;ancien pr\u00e9sident uruguayen Jos\u00e9 \u00ab\u00a0Pepe\u00a0\u00bb Mujica, 89 ans, ic\u00f4ne de la gauche en Am\u00e9rique latine, a r\u00e9v\u00e9l\u00e9 la propagation du cancer dont il souffre et dit arr\u00eater tout traitement : \u00ab\u00a0Je suis en train de mourir\u00a0\u00bb, a-t-il d\u00e9clar\u00e9 \u00e0 un journal local.<\/p>\n\n\n\n<p class=\"\">\u00ab\u00a0Le cancer de l&rsquo;\u0153sophage est en train de coloniser mon foie. Je ne peux l&rsquo;arr\u00eater. Pourquoi ? Parce que je suis un vieil homme et que j&rsquo;ai deux maladies chroniques. Aucun traitement ni aucune chirurgie ne me conviennent car mon corps ne peut les supporter\u00a0\u00bb, a d\u00e9clar\u00e9 M. Mujica dans une interview jeudi par l&rsquo;hebdomadaire Busqueda.<\/p>\n\n\n\n<p class=\"\">\u00ab\u00a0Mon cycle est termin\u00e9. Clairement, je suis en train de mourir. Le guerrier a droit \u00e0 son repos. Qu&rsquo;on me laisse tranquille. Qu&rsquo;on ne me demande plus d&rsquo;interviews ni quoi que ce soit d&rsquo;autre\u00a0\u00bb, a ajout\u00e9 l&rsquo;ex-pr\u00e9sident de 2010 \u00e0 2015.<\/p>\n\n\n\n<p class=\"\">M. Mujica a indiqu\u00e9 qu&rsquo;il avait entam\u00e9 des d\u00e9marches pour \u00eatre enterr\u00e9 dans le jardin de sa modeste ferme aux abords de Montevideo, sous un arbre qu&rsquo;il a lui-m\u00eame plant\u00e9, au c\u00f4t\u00e9 de sa chienne Manuela.<\/p>\n\n\n\n<p class=\"\">\u00ab\u00a0Je vais mourir ici. Dehors, il y a un grand s\u00e9quoia. Manuela est enterr\u00e9e l\u00e0. Je fais les papiers pour qu&rsquo;on m&rsquo;enterre l\u00e0 aussi. Et c&rsquo;est tout\u00a0\u00bb, a-t-il d\u00e9clar\u00e9.<\/p>\n\n\n\n<p class=\"\">Malgr\u00e9 la maladie, M. Mujica s&rsquo;\u00e9tait pleinement engag\u00e9 dans la campagne pr\u00e9sidentielle remport\u00e9e d\u00e9but d\u00e9cembre par le candidat de la coalition de gauche du Frente Amplio, Yamandu Orsi.<\/p>\n\n\n\n<p class=\"\">\u00ab\u00a0Je veux dire au revoir \u00e0 mes compatriotes\u00a0\u00bb, a-t-il ajout\u00e9. \u00ab\u00a0Il est facile d&rsquo;avoir du respect pour ceux qui pensent comme vous, mais il faut apprendre que le fondement de la d\u00e9mocratie est le respect de ceux qui pensent diff\u00e9remment (&#8230;) Je vous embrasse tous\u00a0\u00bb, a-t-il conclu.<\/p>\n\n\n\n<p class=\"\">Surnomm\u00e9 le \u00ab\u00a0pr\u00e9sident le plus pauvre du monde\u00a0\u00bb pour avoir revers\u00e9 la quasi-totalit\u00e9 de ses revenus de chef d&rsquo;Etat \u00e0 un programme de logement social, Jos\u00e9 Mujica a fait de l&rsquo;Uruguay un pays pionnier dans l&rsquo;adoption de mesures progressistes telles l&rsquo;avortement, le mariage homosexuel ou la l\u00e9galisation du cannabis, une premi\u00e8re mondiale en 2013.<\/p>\n\n\n\n<p class=\"\">Ancien gu\u00e9rillero, il a pass\u00e9 treize ans derri\u00e8re les barreaux, la plupart du temps sous la dictature militaire (1973-1985), a \u00e9t\u00e9 tortur\u00e9 avant de devenir d\u00e9put\u00e9, s\u00e9nateur, ministre, et enfin pr\u00e9sident du pays \u00e0 la d\u00e9mocratie retrouv\u00e9e.<\/p>\n","protected":false},"excerpt":{"rendered":"<p>L&rsquo;ancien pr\u00e9sident uruguayen Jos\u00e9 \u00ab\u00a0Pepe\u00a0\u00bb Mujica, 89 ans, ic\u00f4ne de la gauche en Am\u00e9rique latine, a r\u00e9v\u00e9l\u00e9 la propagation du cancer dont il souffre et dit arr\u00eater tout traitement : \u00ab\u00a0Je suis en train de mourir\u00a0\u00bb, a-t-il d\u00e9clar\u00e9 \u00e0 un journal local. \u00ab\u00a0Le cancer de l&rsquo;\u0153sophage est en train de coloniser mon foie. Je ne [&hellip;]<\/p>\n","protected":false},"author":2,"featured_media":32451,"comment_status":"open","ping_status":"open","sticky":false,"template":"","format":"standard","meta":{"_jetpack_memberships_contains_paid_content":false,"footnotes":"","jetpack_publicize_message":"","jetpack_publicize_feature_enabled":true,"jetpack_social_post_already_shared":true,"jetpack_social_options":{"image_generator_settings":{"template":"highway","enabled":true,"token":"eyJpbWciOiJodHRwczpcL1wvd3d3LmljZWFnZXR2LmNvbVwvcmFkaW9zaXRlXC93cC1jb250ZW50XC91cGxvYWRzXC8yMDI1XC8wMVwvSllhZUNXSUwuanBnIiwidHh0IjoiTCYjODIxNzthbmNpZW4gcHJcdTAwZTlzaWRlbnQgdXJ1Z3VheWVuIEpvc1x1MDBlOSAmIzgyMjA7UGVwZSYjODIyMTsgTXVqaWNhLCA4OSBhbnMsIHJcdTAwZTl2XHUwMGU4bGUgbGEgcHJvcGFnYXRpb24gZHUgY2FuY2VyIGRvbnQgaWwgc291ZmZyZSBldCBkaXQgYXJyXHUwMGVhdGVyIHRvdXQgdHJhaXRlbWVudCA6ICYjODIyMDtKZSBzdWlzIGVuIHRyYWluIGRlIG1vdXJpciIsInRlbXBsYXRlIjoiaGlnaHdheSIsImJsb2dfaWQiOjExMTAxNjQ2MX0.6nQbUrwByNdx245npQGXMnszNXNA1MqNiINfwc516ogMQ"},"version":2},"_wpas_customize_per_network":false},"categories":[405],"tags":[],"class_list":["post-32450","post","type-post","status-publish","format-standard","has-post-thumbnail","hentry","category-actu-france-monde"],"jetpack_publicize_connections":[],"jetpack_featured_media_url":"https:\/\/i0.wp.com\/www.iceagetv.com\/radiosite\/wp-content\/uploads\/2025\/01\/JYaeCWIL.jpg?fit=679%2C293&ssl=1","jetpack_sharing_enabled":true,"_links":{"self":[{"href":"https:\/\/www.iceagetv.com\/radiosite\/wp-json\/wp\/v2\/posts\/32450","targetHints":{"allow":["GET"]}}],"collection":[{"href":"https:\/\/www.iceagetv.com\/radiosite\/wp-json\/wp\/v2\/posts"}],"about":[{"href":"https:\/\/www.iceagetv.com\/radiosite\/wp-json\/wp\/v2\/types\/post"}],"author":[{"embeddable":true,"href":"https:\/\/www.iceagetv.com\/radiosite\/wp-json\/wp\/v2\/users\/2"}],"replies":[{"embeddable":true,"href":"https:\/\/www.iceagetv.com\/radiosite\/wp-json\/wp\/v2\/comments?post=32450"}],"version-history":[{"count":1,"href":"https:\/\/www.iceagetv.com\/radiosite\/wp-json\/wp\/v2\/posts\/32450\/revisions"}],"predecessor-version":[{"id":32452,"href":"https:\/\/www.iceagetv.com\/radiosite\/wp-json\/wp\/v2\/posts\/32450\/revisions\/32452"}],"wp:featuredmedia":[{"embeddable":true,"href":"https:\/\/www.iceagetv.com\/radiosite\/wp-json\/wp\/v2\/media\/32451"}],"wp:attachment":[{"href":"https:\/\/www.iceagetv.com\/radiosite\/wp-json\/wp\/v2\/media?parent=32450"}],"wp:term":[{"taxonomy":"category","embeddable":true,"href":"https:\/\/www.iceagetv.com\/radiosite\/wp-json\/wp\/v2\/categories?post=32450"},{"taxonomy":"post_tag","embeddable":true,"href":"https:\/\/www.iceagetv.com\/radiosite\/wp-json\/wp\/v2\/tags?post=32450"}],"curies":[{"name":"wp","href":"https:\/\/api.w.org\/{rel}","templated":true}]}}