{"id":32463,"date":"2025-01-12T10:00:53","date_gmt":"2025-01-12T09:00:53","guid":{"rendered":"https:\/\/www.iceagetv.com\/radiosite\/?p=32463"},"modified":"2025-01-12T10:00:57","modified_gmt":"2025-01-12T09:00:57","slug":"accident-entre-deux-trams-a-strasbourg-lhypothese-dun-acte-volontaire-ecartee","status":"publish","type":"post","link":"https:\/\/www.iceagetv.com\/radiosite\/accident-entre-deux-trams-a-strasbourg-lhypothese-dun-acte-volontaire-ecartee\/","title":{"rendered":"Accident entre deux trams \u00e0 Strasbourg : l&rsquo;hypoth\u00e8se d&rsquo;un acte volontaire \u00e9cart\u00e9e"},"content":{"rendered":"\n<p class=\"\">Dans un communiqu\u00e9, le parquet de Strasbourg exclue l&rsquo;hypoth\u00e8se d&rsquo;un acte volontaire concernant l&rsquo;accident entre deux trams qui s&rsquo;est produit samedi \u00e0 Strasbourg.Dans un communiqu\u00e9 publi\u00e9 samedi, le parquet de Strasbourg, qui a ouvert une enqu\u00eate concernant&nbsp;<a href=\"https:\/\/actu.fr\/grand-est\/strasbourg_67482\/video-accident-de-tram-a-strasbourg-au-moins-20-blesses-ce-que-l-on-sait_62105908.html\">l\u2019accident entre deux trams<\/a>&nbsp;dans le tunnel sous la gare qui a fait au moins&nbsp;<strong>50 bless\u00e9s l\u00e9gers<\/strong>, explique que \u00ab&nbsp;les premi\u00e8res investigations ont permis&nbsp;<strong>d\u2019\u00e9carter l\u2019hypoth\u00e8se d\u2019un acte volontaire<\/strong>\u00ab&nbsp;.<\/p>\n\n\n\n<p class=\"\">Dans un autre communiqu\u00e9, la\u00a0<a href=\"https:\/\/actu.fr\/tag\/compagnie-des-transports-strasbourgeois-cts\">CTS<\/a>\u00a0ajoute que \u00ab\u00a0<strong>la th\u00e8se de l\u2019accident est confirm\u00e9e<\/strong>\u00ab\u00a0.Les circonstances de l\u2019accident de tram demeurent floues<\/p>\n\n\n\n<p class=\"\">Pour l\u2019heure, les circonstances de l\u2019<a href=\"https:\/\/actu.fr\/tag\/accident\">accident<\/a>&nbsp;demeurent&nbsp;<strong>floues<\/strong>. Tout au plus sait-on qu\u2019une rame s\u2019est retrouv\u00e9e bloqu\u00e9e dans une tr\u00e9mie, avant de reculer sans que l\u2019on sache pourquoi.<\/p>\n\n\n\n<p class=\"\">Les conducteurs des trams, choqu\u00e9s,&nbsp;<strong>n\u2019ont pas \u00e9t\u00e9 bless\u00e9s<\/strong>.<\/p>\n\n\n\n<h2 class=\"wp-block-heading\">Les investigations confi\u00e9es au commissariat de police de Strasbourg<\/h2>\n\n\n\n<p class=\"\">Les investigations ont \u00e9t\u00e9 confi\u00e9es au\u00a0<strong>commissariat de police de Strasbourg<\/strong>.Elles visent \u00e0 \u00ab\u00a0<strong>d\u00e9terminer les causes de l\u2019accident<\/strong>\u00a0et \u00e0\u00a0<strong>mettre en \u00e9vidence d\u2019\u00e9ventuelles responsabilit\u00e9s sur le plan p\u00e9nal<\/strong>\u00ab\u00a0, explique le parquet.<\/p>\n","protected":false},"excerpt":{"rendered":"<p>Dans un communiqu\u00e9, le parquet de Strasbourg exclue l&rsquo;hypoth\u00e8se d&rsquo;un acte volontaire concernant l&rsquo;accident entre deux trams qui s&rsquo;est produit samedi \u00e0 Strasbourg.Dans un communiqu\u00e9 publi\u00e9 samedi, le parquet de Strasbourg, qui a ouvert une enqu\u00eate concernant&nbsp;l\u2019accident entre deux trams&nbsp;dans le tunnel sous la gare qui a fait au moins&nbsp;50 bless\u00e9s l\u00e9gers, explique que \u00ab&nbsp;les [&hellip;]<\/p>\n","protected":false},"author":2,"featured_media":32465,"comment_status":"open","ping_status":"open","sticky":false,"template":"","format":"standard","meta":{"_jetpack_memberships_contains_paid_content":false,"footnotes":"","jetpack_publicize_message":"","jetpack_publicize_feature_enabled":true,"jetpack_social_post_already_shared":true,"jetpack_social_options":{"image_generator_settings":{"template":"highway","enabled":true,"token":"eyJpbWciOiJodHRwczpcL1wvd3d3LmljZWFnZXR2LmNvbVwvcmFkaW9zaXRlXC93cC1jb250ZW50XC91cGxvYWRzXC8yMDI1XC8wMVwvYWNjaWRlbnQtdHJhbS1zdHJhc2JvdXJnLXNhbWVkaS05NjB4NjQwLTEuanBnIiwidHh0IjoiQWNjaWRlbnQgZW50cmUgZGV1eCB0cmFtcyBcdTAwZTAgU3RyYXNib3VyZyA6IGwmIzgyMTc7aHlwb3RoXHUwMGU4c2UgZCYjODIxNzt1biBhY3RlIHZvbG9udGFpcmUgXHUwMGU5Y2FydFx1MDBlOWUiLCJ0ZW1wbGF0ZSI6ImhpZ2h3YXkiLCJibG9nX2lkIjoxMTEwMTY0NjF9.W9Y0_s28u2Exjwu4ExChbuT0RAiWSTKePMrNq-LrcFEMQ"},"version":2},"_wpas_customize_per_network":false},"categories":[405],"tags":[],"class_list":["post-32463","post","type-post","status-publish","format-standard","has-post-thumbnail","hentry","category-actu-france-monde"],"jetpack_publicize_connections":[],"jetpack_featured_media_url":"https:\/\/i0.wp.com\/www.iceagetv.com\/radiosite\/wp-content\/uploads\/2025\/01\/accident-tram-strasbourg-samedi-960x640-1.jpg?fit=960%2C640&ssl=1","jetpack_sharing_enabled":true,"_links":{"self":[{"href":"https:\/\/www.iceagetv.com\/radiosite\/wp-json\/wp\/v2\/posts\/32463","targetHints":{"allow":["GET"]}}],"collection":[{"href":"https:\/\/www.iceagetv.com\/radiosite\/wp-json\/wp\/v2\/posts"}],"about":[{"href":"https:\/\/www.iceagetv.com\/radiosite\/wp-json\/wp\/v2\/types\/post"}],"author":[{"embeddable":true,"href":"https:\/\/www.iceagetv.com\/radiosite\/wp-json\/wp\/v2\/users\/2"}],"replies":[{"embeddable":true,"href":"https:\/\/www.iceagetv.com\/radiosite\/wp-json\/wp\/v2\/comments?post=32463"}],"version-history":[{"count":1,"href":"https:\/\/www.iceagetv.com\/radiosite\/wp-json\/wp\/v2\/posts\/32463\/revisions"}],"predecessor-version":[{"id":32466,"href":"https:\/\/www.iceagetv.com\/radiosite\/wp-json\/wp\/v2\/posts\/32463\/revisions\/32466"}],"wp:featuredmedia":[{"embeddable":true,"href":"https:\/\/www.iceagetv.com\/radiosite\/wp-json\/wp\/v2\/media\/32465"}],"wp:attachment":[{"href":"https:\/\/www.iceagetv.com\/radiosite\/wp-json\/wp\/v2\/media?parent=32463"}],"wp:term":[{"taxonomy":"category","embeddable":true,"href":"https:\/\/www.iceagetv.com\/radiosite\/wp-json\/wp\/v2\/categories?post=32463"},{"taxonomy":"post_tag","embeddable":true,"href":"https:\/\/www.iceagetv.com\/radiosite\/wp-json\/wp\/v2\/tags?post=32463"}],"curies":[{"name":"wp","href":"https:\/\/api.w.org\/{rel}","templated":true}]}}