{"id":32489,"date":"2025-01-13T10:23:48","date_gmt":"2025-01-13T09:23:48","guid":{"rendered":"https:\/\/www.iceagetv.com\/radiosite\/?p=32489"},"modified":"2025-01-13T10:23:53","modified_gmt":"2025-01-13T09:23:53","slug":"ni-suspension-ni-abrogation-comment-les-republicains-mettent-la-pression-sur-la-reforme-des-retraites","status":"publish","type":"post","link":"https:\/\/www.iceagetv.com\/radiosite\/ni-suspension-ni-abrogation-comment-les-republicains-mettent-la-pression-sur-la-reforme-des-retraites\/","title":{"rendered":"Ni suspension, ni abrogation\u00a0\u00bb: comment Les R\u00e9publicains mettent la pression sur la r\u00e9forme des retraites"},"content":{"rendered":"\n<p class=\"\">La droite met en garde le gouvernement face \u00e0 la perspective d&rsquo;une suspension de la r\u00e9forme des retraites, condition des socialistes pour ne pas censurer. \u00ab\u00a0La suspendre sans sc\u00e9nario alternatif revient \u00e0 sauter dans le vide sans parachute\u00a0\u00bb, alerte notamment Laurent Wauquiez \u00e0 deux jours de la d\u00e9claration de politique g\u00e9n\u00e9rale de Fran\u00e7ois Bayrou.<\/p>\n\n\n\n<p class=\"\">Faire \u00ab\u00a0travailler la poutre\u00a0\u00bb, comme le pr\u00e9conisait l&rsquo;ancien Premier ministre \u00c9douard Philippe en 2017, est un art bien difficile. Il l&rsquo;est d&rsquo;autant plus pour son lointain successeur \u00e0 Matignon, Fran\u00e7ois Bayrou, priv\u00e9 de majorit\u00e9 \u00e0 l&rsquo;Assembl\u00e9e nationale et contraint de trouver des compromis de part et d&rsquo;autre pour \u00e9viter la censure.<\/p>\n\n\n\n<p class=\"\">En cherchant les bonnes gr\u00e2ces de la gauche \u00e0 l&rsquo;approche de la pr\u00e9sentation des projets de budget et de sa d\u00e9claration de poltique g\u00e9n\u00e9rale, pr\u00e9vue mardi, ce dernier prend le risque de s&rsquo;alli\u00e9ner le soutien d&rsquo;un partie du \u00ab\u00a0socle commun\u00a0\u00bb qui soutenait son pr\u00e9d\u00e9cesseur, Michel Barnier. Preuve en est le message pass\u00e9 par le parti Les R\u00e9publicains ce week-end.Deux hommes sont sortis du bois: G\u00e9rard Larcher, pr\u00e9sident LR du S\u00e9nat et Laurent Wauquiez, patron des d\u00e9put\u00e9s du parti. Tous deux mettent la pression au moment o\u00f9 la gauche, hors LFI, n\u00e9gocie pied \u00e0 pied avec le gouvernement, notamment sur la r\u00e9forme des retraites, dont les socialistes demandent une \u00ab\u00a0suspension\u00a0\u00bb, leur condition pour une \u00ab\u00a0non-censure\u00a0\u00bb.<\/p>\n\n\n\n<h2 class=\"wp-block-heading\" id=\"2731g\">\u00ab\u00a0Sauter dans le vide sans parachute\u00a0\u00bb<\/h2>\n\n\n\n<p class=\"\">\u00ab\u00a0Ni suspension, ni abrogation\u00a0\u00bb de cette loi, enjoint le premier dans une interview publi\u00e9e par&nbsp;<a href=\"https:\/\/www.leparisien.fr\/politique\/gerard-larcher-ni-suspension-ni-abrogation-de-la-reforme-des-retraites-11-01-2025-XRVBIWS6JFCKXHCYHMRVZ5XEMA.php\" target=\"_blank\" rel=\"noreferrer noopener\">Le Parisien<\/a>&nbsp;ce samedi, pr\u00e9venant qu&rsquo;une \u00ab\u00a0participation\u00a0\u00bb au gouvernement \u00ab\u00a0ne veut pas dire renoncement\u00a0\u00bb. \u00ab\u00a0Si nous abrogions la r\u00e9forme des retraites, le co\u00fbt serait de 3,4 milliards d&rsquo;euros en 2025, et pr\u00e8s de 16 milliards en 2032\u00a0\u00bb, assure-t-il, en se fondant sur les estimations de l&rsquo;Assurance retraite.<\/p>\n\n\n\n<p class=\"\">Le pr\u00e9sident du groupe PS au S\u00e9nat, Patrick Kanner, a lui estim\u00e9 que le gel de la r\u00e9forme pendant six mois co\u00fbterait \u00ab\u00a0entre 2 et 3 milliards d&rsquo;euros\u00a0\u00bb, qui pourraient \u00eatre puis\u00e9s dans le fonds de r\u00e9serve pour les retraites.Dimanche, Laurent Wauquiez, dont le soutien \u00e0 la pr\u00e9c\u00e9dente r\u00e9forme n&rsquo;a jamais \u00e9t\u00e9 \u00e9vident &#8211;&nbsp;<a href=\"https:\/\/www.bfmtv.com\/politique\/les-republicains\/retraites-ces-deputes-lr-qui-ont-vote-pour-la-motion-de-censure_AN-202303210450.html\">certains de ses proches avaient vot\u00e9 la censure sur ce texte<\/a>&nbsp;&#8211; chante la m\u00eame chanson que G\u00e9rard Larcher, \u00e9galement dans&nbsp;<a href=\"https:\/\/www.leparisien.fr\/politique\/laurent-wauquiez-je-ne-voterai-pas-un-budget-avec-de-nouvelles-hausses-dimpot-12-01-2025-QI7HHMAOHFF25KPZN65M6GD63M.php\" target=\"_blank\" rel=\"noreferrer noopener\">Le Parisien<\/a>.<\/p>\n\n\n\n<blockquote class=\"wp-block-quote is-layout-flow wp-block-quote-is-layout-flow\">\n<p class=\"\">\u00ab\u00a0J\u2019ai toujours dit que cette r\u00e9forme \u00e9tait perfectible, mais pas s\u2019il s\u2019agit de creuser encore plus de d\u00e9ficits. La suspendre sans sc\u00e9nario alternatif revient \u00e0 sauter dans le vide sans parachute. Ce sera sans la Droite r\u00e9publicaine!\u00a0\u00bb, pr\u00e9vient-il.<\/p>\n<\/blockquote>\n\n\n\n<p class=\"\">Et l&rsquo;ex-patron de la r\u00e9gion Auvergne-Rh\u00f4ne-Alpes de persifler: \u00ab\u00a0Ce qui me g\u00eane, ce n\u2019est pas de discuter avec la gauche, c\u2019est de tout leur c\u00e9der. J\u2019ai le sentiment que la priorit\u00e9 du gouvernement est de n\u00e9gocier une assurance vie aupr\u00e8s du Parti socialiste, quelles qu\u2019en soient les cons\u00e9quences pour le pays. Ce que demande le PS est irresponsable.\u00a0\u00bb<\/p>\n\n\n\n<p class=\"\">Une bonne mise en garde, m\u00eame si Laurent Wauquiez dit ne pas faire \u00ab\u00a0partie de ceux qui agitent la menace d&rsquo;une motion de censure\u00a0\u00bb, d\u00e9non\u00e7ant \u00ab\u00a0les artisans du chaos\u00a0\u00bb.<\/p>\n\n\n\n<h2 class=\"wp-block-heading\" id=\"7kn7q\">\u00ab\u00a0Arr\u00eater de s&rsquo;enrhumer quand G\u00e9rard Larcher tousse\u00a0\u00bb<\/h2>\n\n\n\n<p class=\"\">D\u00e9termin\u00e9e \u00e0 peser, la droite profite de ces interviews pour rappeler ses priorit\u00e9s. G\u00e9rard Larcher attend \u00ab\u00a0que l&rsquo;on poursuive la r\u00e9duction du d\u00e9ficit et de la d\u00e9pense publique avec des actes concrets, notamment sur les agences de l&rsquo;\u00c9tat et la simplification\u00a0\u00bb.<\/p>\n\n\n\n<p class=\"\">Laurent Wauquiez appelle \u00e9galement \u00e0 \u00ab\u00a0cr\u00e9er une allocation sociale unique avec des heures de travail en contrepartie\u00a0\u00bb et \u00e0 s&rsquo;attaquer au \u00ab\u00a0titre de s\u00e9jour pour soins\u00a0\u00bb, qui \u00ab\u00a0co\u00fbte tr\u00e8s cher\u00a0\u00bb, d&rsquo;apr\u00e8s lui.<\/p>\n\n\n\n<p class=\"\">Chacun pousse ses pions. Olivier Faure, Premier secr\u00e9taire du PS, \u00e9tait sur BFMTV ce dimanche. La droite? Aux \u00e9lections l\u00e9gislatives, \u00ab\u00a0ils sont arriv\u00e9s bons derniers, ils ne vont pas maintenant faire la le\u00e7on \u00e0 tout le monde\u00a0\u00bb, a-t-il r\u00e9pliqu\u00e9. Tout en minimisant l&rsquo;influence de LR, qui ne dispose que de 47 d\u00e9put\u00e9s: \u00ab\u00a0Cela suppose qu&rsquo;\u00e0 un moment on arr\u00eate de tous s&rsquo;enrhumer quand G\u00e9rard Larcher tousse.\u00a0\u00bb<\/p>\n\n\n\n<p class=\"\">La balle est dans le camp de Fran\u00e7ois Bayrou, alors que le PS estime toujours que \u00ab\u00a0le compte n&rsquo;y est pas\u00a0\u00bb. Les ministres \u00c9ric Lombard (\u00c9conomie), Am\u00e9lie de Montchalin (Comptes publics) et Catherine Vautrin (Sant\u00e9 et Travail), ont \u00e9t\u00e9 re\u00e7us samedi soir \u00e0 Matignon pour pr\u00e9senter la synth\u00e8se de leurs travaux, apr\u00e8s une semaine d&rsquo;intenses discussion \u00e0 Bercy avec les responsables politiques d&rsquo;opposition.<\/p>\n\n\n\n<p class=\"\">Ce lundi, le Premier ministre doit notamment recevoir \u00e0 17h30 les pr\u00e9sidents des deux chambres du Parlement, G\u00e9rard Larcher et Ya\u00ebl Braun-Pivet. Fera-t-il un geste significatif envers la gauche lors de sa d\u00e9claration de politique g\u00e9n\u00e9tale le lendemain? Avec quelles cons\u00e9quences dans le \u00ab\u00a0socle commun\u00a0\u00bb? La r\u00e9ponse n&rsquo;est plus qu&rsquo;une question d&rsquo;heures.<\/p>\n","protected":false},"excerpt":{"rendered":"<p>La droite met en garde le gouvernement face \u00e0 la perspective d&rsquo;une suspension de la r\u00e9forme des retraites, condition des socialistes pour ne pas censurer. \u00ab\u00a0La suspendre sans sc\u00e9nario alternatif revient \u00e0 sauter dans le vide sans parachute\u00a0\u00bb, alerte notamment Laurent Wauquiez \u00e0 deux jours de la d\u00e9claration de politique g\u00e9n\u00e9rale de Fran\u00e7ois Bayrou. Faire [&hellip;]<\/p>\n","protected":false},"author":2,"featured_media":32490,"comment_status":"open","ping_status":"open","sticky":false,"template":"","format":"standard","meta":{"_jetpack_memberships_contains_paid_content":false,"footnotes":"","jetpack_publicize_message":"","jetpack_publicize_feature_enabled":true,"jetpack_social_post_already_shared":true,"jetpack_social_options":{"image_generator_settings":{"template":"highway","enabled":true,"token":"eyJpbWciOiJodHRwczpcL1wvd3d3LmljZWFnZXR2LmNvbVwvcmFkaW9zaXRlXC93cC1jb250ZW50XC91cGxvYWRzXC8yMDI1XC8wMVwvY29tbWVudC1MZXMtUmVwdWJsaWNhaW5zLW1ldHRlbnQtbGEtcHJlc3Npb24tc3VyLWxhLXJlZm9ybWUtZGVzLXJldHJhaXRlcy5qcGciLCJ0eHQiOiJOaSBzdXNwZW5zaW9uLCBuaSBhYnJvZ2F0aW9uJiM4MjIxOzogY29tbWVudCBMZXMgUlx1MDBlOXB1YmxpY2FpbnMgbWV0dGVudCBsYSBwcmVzc2lvbiBzdXIgbGEgclx1MDBlOWZvcm1lIGRlcyByZXRyYWl0ZXMiLCJ0ZW1wbGF0ZSI6ImhpZ2h3YXkiLCJibG9nX2lkIjoxMTEwMTY0NjF9.1SbjoHbVr3Xbvmvv_R2k4SBDRB8D9Zr3Ft5eAeEWHgkMQ"},"version":2},"_wpas_customize_per_network":false},"categories":[405],"tags":[],"class_list":["post-32489","post","type-post","status-publish","format-standard","has-post-thumbnail","hentry","category-actu-france-monde"],"jetpack_publicize_connections":[],"jetpack_featured_media_url":"https:\/\/i0.wp.com\/www.iceagetv.com\/radiosite\/wp-content\/uploads\/2025\/01\/comment-Les-Republicains-mettent-la-pression-sur-la-reforme-des-retraites.jpg?fit=787%2C435&ssl=1","jetpack_sharing_enabled":true,"_links":{"self":[{"href":"https:\/\/www.iceagetv.com\/radiosite\/wp-json\/wp\/v2\/posts\/32489","targetHints":{"allow":["GET"]}}],"collection":[{"href":"https:\/\/www.iceagetv.com\/radiosite\/wp-json\/wp\/v2\/posts"}],"about":[{"href":"https:\/\/www.iceagetv.com\/radiosite\/wp-json\/wp\/v2\/types\/post"}],"author":[{"embeddable":true,"href":"https:\/\/www.iceagetv.com\/radiosite\/wp-json\/wp\/v2\/users\/2"}],"replies":[{"embeddable":true,"href":"https:\/\/www.iceagetv.com\/radiosite\/wp-json\/wp\/v2\/comments?post=32489"}],"version-history":[{"count":1,"href":"https:\/\/www.iceagetv.com\/radiosite\/wp-json\/wp\/v2\/posts\/32489\/revisions"}],"predecessor-version":[{"id":32491,"href":"https:\/\/www.iceagetv.com\/radiosite\/wp-json\/wp\/v2\/posts\/32489\/revisions\/32491"}],"wp:featuredmedia":[{"embeddable":true,"href":"https:\/\/www.iceagetv.com\/radiosite\/wp-json\/wp\/v2\/media\/32490"}],"wp:attachment":[{"href":"https:\/\/www.iceagetv.com\/radiosite\/wp-json\/wp\/v2\/media?parent=32489"}],"wp:term":[{"taxonomy":"category","embeddable":true,"href":"https:\/\/www.iceagetv.com\/radiosite\/wp-json\/wp\/v2\/categories?post=32489"},{"taxonomy":"post_tag","embeddable":true,"href":"https:\/\/www.iceagetv.com\/radiosite\/wp-json\/wp\/v2\/tags?post=32489"}],"curies":[{"name":"wp","href":"https:\/\/api.w.org\/{rel}","templated":true}]}}