{"id":32503,"date":"2025-01-13T13:04:28","date_gmt":"2025-01-13T12:04:28","guid":{"rendered":"https:\/\/www.iceagetv.com\/radiosite\/?p=32503"},"modified":"2025-01-13T13:04:33","modified_gmt":"2025-01-13T12:04:33","slug":"strasbourg-5-choses-a-savoir-sur-laccident-de-tram-qui-a-fait-68-blesses","status":"publish","type":"post","link":"https:\/\/www.iceagetv.com\/radiosite\/strasbourg-5-choses-a-savoir-sur-laccident-de-tram-qui-a-fait-68-blesses\/","title":{"rendered":"Strasbourg : 5 choses \u00e0 savoir sur l&rsquo;accident de tram qui a fait 68 bless\u00e9s"},"content":{"rendered":"\n<p class=\"\">Nombre de bless\u00e9s, circonstances de l&rsquo;incident, perturbations de circulation&#8230; voici 5 choses \u00e0 savoir sur l&rsquo;accident entre deux trams qui s&rsquo;est produit samedi \u00e0 Strasbourg.Samedi,&nbsp;<strong>deux trams sont entr\u00e9s en collision<\/strong>&nbsp;dans le tunnel sous la&nbsp;<strong>gare de Strasbourg<\/strong>. Voici 5 choses \u00e0 savoir sur cet&nbsp;<a href=\"https:\/\/actu.fr\/tag\/accident\">accident<\/a>.<\/p>\n\n\n\n<h2 class=\"wp-block-heading\">68 bless\u00e9s l\u00e9gers au total<\/h2>\n\n\n\n<p class=\"\">Le&nbsp;<a href=\"https:\/\/actu.fr\/grand-est\/strasbourg_67482\/accident-entre-deux-trams-a-strasbourg-on-connait-le-bilan-definitif-des-victimes_62106752.html\">bilan d\u00e9finitif<\/a>&nbsp;des victimes fait \u00e9tat de&nbsp;<strong>68 bless\u00e9s en urgence relative<\/strong>.<\/p>\n\n\n\n<p class=\"\">Une&nbsp;centaine de personnes sont sorties indemnes&nbsp;de cette collision.<\/p>\n\n\n\n<h2 class=\"wp-block-heading\">La piste d\u2019un acte volontaire \u00e9cart\u00e9e<\/h2>\n\n\n\n<p class=\"\">Le parquet de Strasbourg a indiqu\u00e9 que la&nbsp;<a href=\"https:\/\/actu.fr\/grand-est\/strasbourg_67482\/accident-entre-deux-trams-a-strasbourg-la-these-de-l-accident-est-confirmee_62106322.html\">piste d\u2019un acte volontaire<\/a>&nbsp;\u00e9tait \u00e9cart\u00e9e. Pour le dire autrement, il s\u2019agissait bien d\u2019un accident.<\/p>\n\n\n\n<p class=\"\">Reste \u00e0 savoir s\u2019il y a eu une&nbsp;<strong>erreur technique ou humaine<\/strong>. \u00c0 ce stade des investigations, impossible de le savoir.<\/p>\n\n\n\n<h2 class=\"wp-block-heading\">Les circonstances de l\u2019accident encore floues<\/h2>\n\n\n\n<p class=\"\">Pour l\u2019heure, les circonstances pr\u00e9cises de l\u2019accident doivent encore \u00eatre \u00e9tablies. Voici ce que l\u2019on peut en dire \u00e0 ce stade :\u00a0Le r\u00e9seau \u00e9tait extr\u00eamement perturb\u00e9 \u00e0 cause de la tenue d&rsquo;une manifestation en plein centre-ville. Un tramway, qui \u00e9tait en route pour la station Ancienne synagogue &#8211; Les Halles, a d\u00fb s&rsquo;arr\u00eater parce qu&rsquo;il y avait d\u00e9j\u00e0 un tramway \u00e0 cet endroit-l\u00e0. Le tramway s&rsquo;est arr\u00eat\u00e9 dans la tr\u00e9mie, c&rsquo;est-\u00e0-dire la pente, ce qui est tout \u00e0 fait normal quand il y a un tramway en face, et devait repartir, faire une sorte de d\u00e9marrage en c\u00f4te, ce qu&rsquo;il n&rsquo;a pas r\u00e9ussi \u00e0 faire.\u00a0Une rame pas \u00e9quip\u00e9e du syst\u00e8me l\u2019emp\u00eachant de repartir en arri\u00e8re<\/p>\n\n\n\n<p class=\"\">Ce que l\u2019on sait cependant, c\u2019est que la rame qui est repartie en arri\u00e8re n\u2019\u00e9tait&nbsp;<a href=\"https:\/\/actu.fr\/grand-est\/strasbourg_67482\/accident-de-tram-a-strasbourg-la-rame-n-etait-pas-equipee-d-un-systeme-l-empechant-de-repartir-en-arriere_62107637.html\">pas \u00e9quip\u00e9e d\u2019un syst\u00e8me l\u2019en emp\u00eachant<\/a>. Ce qui est le cas d\u2019autres rames plus r\u00e9centes.<\/p>\n\n\n\n<p class=\"\">Cela dit, la rame \u00e9tait \u00ab&nbsp;<strong>tout \u00e0 fait homologu\u00e9e<\/strong>&nbsp;pour circuler dans le tunnel&nbsp;\u00bb, a indiqu\u00e9 Emmanuel Auneau, le directeur g\u00e9n\u00e9ral de la CTS, aupr\u00e8s de nos confr\u00e8res d\u2019<a href=\"https:\/\/www.francebleu.fr\/emissions\/les-invites-de-la-redaction-de-ici-alsace\/accident-de-tramway-a-strasbourg-il-n-y-a-pas-eu-de-probleme-d-aiguillage-confirme-le-directeur-de-la-cts-9043502\"><em>Ici Alsace<\/em><\/a>.<\/p>\n\n\n\n<h2 class=\"wp-block-heading\">CTS : le trafic perturb\u00e9 au niveau de la gare centrale jusqu\u2019\u00e0 nouvel ordre<\/h2>\n\n\n\n<p class=\"\">Ce lundi matin,&nbsp;<strong>les deux rames sont toujours&nbsp;bloqu\u00e9es dans le tunnel<\/strong>.<\/p>\n\n\n\n<p class=\"\">Aussi,&nbsp;<a href=\"https:\/\/actu.fr\/grand-est\/strasbourg_67482\/strasbourg-les-lignes-de-tram-a-c-et-d-empechees-de-desservir-l-arret-gare-centrale-jusqu-a-nouvel-ordre_62106098.html\">les lignes A et D<\/a>, qui empruntent ce tunnel sur une partie de leur trac\u00e9, sont perturb\u00e9es et devraient l\u2019\u00eatre&nbsp;<a href=\"https:\/\/actu.fr\/grand-est\/strasbourg_67482\/accident-de-tram-a-strasbourg-les-lignes-a-et-d-perturbees-toute-cette-semaine-au-moins_62108176.html\">au moins pour toute cette semaine<\/a>.<\/p>\n","protected":false},"excerpt":{"rendered":"<p>Nombre de bless\u00e9s, circonstances de l&rsquo;incident, perturbations de circulation&#8230; voici 5 choses \u00e0 savoir sur l&rsquo;accident entre deux trams qui s&rsquo;est produit samedi \u00e0 Strasbourg.Samedi,&nbsp;deux trams sont entr\u00e9s en collision&nbsp;dans le tunnel sous la&nbsp;gare de Strasbourg. Voici 5 choses \u00e0 savoir sur cet&nbsp;accident. 68 bless\u00e9s l\u00e9gers au total Le&nbsp;bilan d\u00e9finitif&nbsp;des victimes fait \u00e9tat de&nbsp;68 bless\u00e9s [&hellip;]<\/p>\n","protected":false},"author":2,"featured_media":32504,"comment_status":"open","ping_status":"open","sticky":false,"template":"","format":"standard","meta":{"_jetpack_memberships_contains_paid_content":false,"footnotes":"","jetpack_publicize_message":"","jetpack_publicize_feature_enabled":true,"jetpack_social_post_already_shared":true,"jetpack_social_options":{"image_generator_settings":{"template":"highway","enabled":true,"token":"eyJpbWciOiJodHRwczpcL1wvd3d3LmljZWFnZXR2LmNvbVwvcmFkaW9zaXRlXC93cC1jb250ZW50XC91cGxvYWRzXC8yMDI1XC8wMVwvYWNjaWRlbnQtdHJhbS05NjB4NjQwLTEuanBnIiwidHh0IjoiU3RyYXNib3VyZyA6IDUgY2hvc2VzIFx1MDBlMCBzYXZvaXIgc3VyIGwmIzgyMTc7YWNjaWRlbnQgZGUgdHJhbSBxdWkgYSBmYWl0IDY4IGJsZXNzXHUwMGU5cyIsInRlbXBsYXRlIjoiaGlnaHdheSIsImJsb2dfaWQiOjExMTAxNjQ2MX0.SaSF4fAlPpOh7gi3TI1DgYZdu7ugmgqPqElRJ6DXW2UMQ"},"version":2},"_wpas_customize_per_network":false},"categories":[405],"tags":[],"class_list":["post-32503","post","type-post","status-publish","format-standard","has-post-thumbnail","hentry","category-actu-france-monde"],"jetpack_publicize_connections":[],"jetpack_featured_media_url":"https:\/\/i0.wp.com\/www.iceagetv.com\/radiosite\/wp-content\/uploads\/2025\/01\/accident-tram-960x640-1.jpg?fit=960%2C640&ssl=1","jetpack_sharing_enabled":true,"_links":{"self":[{"href":"https:\/\/www.iceagetv.com\/radiosite\/wp-json\/wp\/v2\/posts\/32503","targetHints":{"allow":["GET"]}}],"collection":[{"href":"https:\/\/www.iceagetv.com\/radiosite\/wp-json\/wp\/v2\/posts"}],"about":[{"href":"https:\/\/www.iceagetv.com\/radiosite\/wp-json\/wp\/v2\/types\/post"}],"author":[{"embeddable":true,"href":"https:\/\/www.iceagetv.com\/radiosite\/wp-json\/wp\/v2\/users\/2"}],"replies":[{"embeddable":true,"href":"https:\/\/www.iceagetv.com\/radiosite\/wp-json\/wp\/v2\/comments?post=32503"}],"version-history":[{"count":1,"href":"https:\/\/www.iceagetv.com\/radiosite\/wp-json\/wp\/v2\/posts\/32503\/revisions"}],"predecessor-version":[{"id":32505,"href":"https:\/\/www.iceagetv.com\/radiosite\/wp-json\/wp\/v2\/posts\/32503\/revisions\/32505"}],"wp:featuredmedia":[{"embeddable":true,"href":"https:\/\/www.iceagetv.com\/radiosite\/wp-json\/wp\/v2\/media\/32504"}],"wp:attachment":[{"href":"https:\/\/www.iceagetv.com\/radiosite\/wp-json\/wp\/v2\/media?parent=32503"}],"wp:term":[{"taxonomy":"category","embeddable":true,"href":"https:\/\/www.iceagetv.com\/radiosite\/wp-json\/wp\/v2\/categories?post=32503"},{"taxonomy":"post_tag","embeddable":true,"href":"https:\/\/www.iceagetv.com\/radiosite\/wp-json\/wp\/v2\/tags?post=32503"}],"curies":[{"name":"wp","href":"https:\/\/api.w.org\/{rel}","templated":true}]}}