{"id":32511,"date":"2025-01-13T20:23:23","date_gmt":"2025-01-13T19:23:23","guid":{"rendered":"https:\/\/www.iceagetv.com\/radiosite\/?p=32511"},"modified":"2025-01-13T20:23:28","modified_gmt":"2025-01-13T19:23:28","slug":"revelations-aucune-des-2-nouvelles-chaines-entrantes-ne-sera-prete-en-mars-pour-prendre-la-suite-de-c8-les-telespectateurs-auront-donc-plusieurs-mois-decrans-noirs-voici-leurs-dates-de-lanceme","status":"publish","type":"post","link":"https:\/\/www.iceagetv.com\/radiosite\/revelations-aucune-des-2-nouvelles-chaines-entrantes-ne-sera-prete-en-mars-pour-prendre-la-suite-de-c8-les-telespectateurs-auront-donc-plusieurs-mois-decrans-noirs-voici-leurs-dates-de-lanceme\/","title":{"rendered":"R\u00e9v\u00e9lations : Aucune des 2 nouvelles cha\u00eenes entrantes ne sera pr\u00eate en mars pour prendre la suite de C8 &#8211; Les t\u00e9l\u00e9spectateurs auront donc plusieurs mois d&rsquo;\u00e9crans noirs &#8211; Voici leurs dates de lancement"},"content":{"rendered":"\n<p class=\"\">Aucune des 2 nouvelles cha\u00eenes entrantes ne sera pr\u00eate en mars pour prendre la suite de C8. Ce qui signifie que c&rsquo;est un \u00e9cran noir qui va occuper la fr\u00e9quence pendant plusieurs semaines.&nbsp;<\/p>\n\n\n\n<p class=\"\">Les 2 projets qui doivent appara\u00eetre sur la TNT sont la cha\u00eene de Ouest-France et celle du milliardaire tch\u00e8que Daniel Kretinsky (R\u00e9els TV).<\/p>\n\n\n\n<p class=\"\"><strong>Ouest-France se veut \u00ab\u00a0la cha\u00eene de la vraie vie\u00a0\u00bb&nbsp;ne commencera \u00e0 \u00e9mettre que le 1er septembre 2025.<\/strong>&nbsp;Elle se veut&nbsp;la premi\u00e8re antenne nationale g\u00e9n\u00e9raliste \u00ab\u00a0install\u00e9e ailleurs qu&rsquo;\u00e0 Paris\u00a0\u00bb, \u00e0 Rennes.&nbsp;L\u2019id\u00e9e sera de proposer \u00ab&nbsp;une information compl\u00e8te, mais aussi du divertissement, des magazines, de la fiction et du cin\u00e9ma&nbsp;\u00bb, expliquait, aupr\u00e8s d\u2019actu.fr, Edouard Reis Carona, directeur du p\u00f4le audiovisuel chez Ouest-France.<\/p>\n\n\n\n<p class=\"\">Tout sera r\u00e9solument ancr\u00e9 vers les territoires, avec des journaux d\u2019information qui mettront en avant de nombreuses actualit\u00e9s locales aux films, par exemple. \u00ab&nbsp;On ne va pas diffuser des gros&nbsp;blockbusters. Mais plut\u00f4t des films du genre&nbsp;Bienvenue chez les Ch\u2019tis, ou au&nbsp;Nom de la Terre.&nbsp;Mais ce ne sont que des exemples&nbsp;\u00bb.&nbsp;&nbsp;<\/p>\n\n\n\n<p class=\"\"><strong>La deuxi\u00e8me cha\u00eene, \u00ab\u00a0R\u00e9elsTV\u00a0\u00bb \u00e9mettra \u00e0 partir du 6 juin 2025,&nbsp;<\/strong>lors de la nouvelle num\u00e9rotation des cha\u00eenes. Elle promet de \u00ab\u00a0restaurer le concept original du d\u00e9bat public\u00a0\u00bb, en s&rsquo;appuyant sur le \u00ab\u00a0savoir-faire\u00a0\u00bb des autres m\u00e9dias de CMI France.&nbsp;CMI France compte puiser dans ses m\u00e9dias \u2013 et notamment ses nombreux titres de presse : Elle, T\u00e9l\u00e9 7 Jours, Franc-Tireur, Ici Paris, France Dimanche\u2026 \u2013 pour alimenter les \u00e9missions en intervenants et contenus.&nbsp;<\/p>\n\n\n\n<p class=\"\">Cette cha\u00eene \u00ab est d\u00e9termin\u00e9e \u00e0 favoriser (\u2026) un d\u00e9bat et un esprit publics pluralistes et raisonnables\u00ab , a d\u00e9clar\u00e9 l\u2019homme d\u2019affaires dans un communiqu\u00e9 ce mercredi 24 juillet.<\/p>\n\n\n\n<p class=\"\">\u00ab On va faire une TV sans \u00e9gale, originale, lib\u00e9rale, ouverte sur le monde et ferme sur ses principes \u00bb, a r\u00e9agi sur X le philosophe Rapha\u00ebl Enthoven, plume de Franc-Tireur, qui \u00e9tait pr\u00e9sent \u00e0 l\u2019audition mi-juillet.<\/p>\n\n\n\n<p class=\"\">Principalement des documentaires R\u00e9elsTV s\u2019appuiera sur 50 % de documentaires principalement fran\u00e7ais et europ\u00e9ens, 25 % de d\u00e9bats, notamment dans une \u00e9mission quotidienne d\u2019actualit\u00e9 de 19h \u00e0 21h, et 25% de divertissement dans des \u00e9missions culturelles chaque soir.<\/p>\n","protected":false},"excerpt":{"rendered":"<p>Aucune des 2 nouvelles cha\u00eenes entrantes ne sera pr\u00eate en mars pour prendre la suite de C8. Ce qui signifie que c&rsquo;est un \u00e9cran noir qui va occuper la fr\u00e9quence pendant plusieurs semaines.&nbsp; Les 2 projets qui doivent appara\u00eetre sur la TNT sont la cha\u00eene de Ouest-France et celle du milliardaire tch\u00e8que Daniel Kretinsky (R\u00e9els [&hellip;]<\/p>\n","protected":false},"author":2,"featured_media":32513,"comment_status":"open","ping_status":"open","sticky":false,"template":"","format":"standard","meta":{"_jetpack_memberships_contains_paid_content":false,"footnotes":"","jetpack_publicize_message":"","jetpack_publicize_feature_enabled":true,"jetpack_social_post_already_shared":true,"jetpack_social_options":{"image_generator_settings":{"template":"highway","enabled":true,"token":"eyJpbWciOiJodHRwczpcL1wvd3d3LmljZWFnZXR2LmNvbVwvcmFkaW9zaXRlXC93cC1jb250ZW50XC91cGxvYWRzXC8yMDI1XC8wMVwvWnp2TlBieEwuanBnIiwidHh0IjoiUlx1MDBlOXZcdTAwZTlsYXRpb25zIDogQXVjdW5lIGRlcyAyIG5vdXZlbGxlcyBjaGFcdTAwZWVuZXMgZW50cmFudGVzIG5lIHNlcmEgcHJcdTAwZWF0ZSBlbiBtYXJzIHBvdXIgcHJlbmRyZSBsYSBzdWl0ZSBkZSBDOCAmIzgyMTE7IExlcyB0XHUwMGU5bFx1MDBlOXNwZWN0YXRldXJzIGF1cm9udCBkb25jIHBsdXNpZXVycyBtb2lzIGQmIzgyMTc7XHUwMGU5Y3JhbnMgbm9pcnMgJiM4MjExOyBWb2ljaSBsZXVycyBkYXRlcyBkZSBsYW5jZW1lbnQiLCJ0ZW1wbGF0ZSI6ImhpZ2h3YXkiLCJibG9nX2lkIjoxMTEwMTY0NjF9.cC5HG9qT1H_eA2ujQJQqUrVQVwzdFhu3jnN3STjI4DIMQ"},"version":2},"_wpas_customize_per_network":false},"categories":[68],"tags":[],"class_list":["post-32511","post","type-post","status-publish","format-standard","has-post-thumbnail","hentry","category-actu-culturelle"],"jetpack_publicize_connections":[],"jetpack_featured_media_url":"https:\/\/i0.wp.com\/www.iceagetv.com\/radiosite\/wp-content\/uploads\/2025\/01\/ZzvNPbxL.jpg?fit=679%2C293&ssl=1","jetpack_sharing_enabled":true,"_links":{"self":[{"href":"https:\/\/www.iceagetv.com\/radiosite\/wp-json\/wp\/v2\/posts\/32511","targetHints":{"allow":["GET"]}}],"collection":[{"href":"https:\/\/www.iceagetv.com\/radiosite\/wp-json\/wp\/v2\/posts"}],"about":[{"href":"https:\/\/www.iceagetv.com\/radiosite\/wp-json\/wp\/v2\/types\/post"}],"author":[{"embeddable":true,"href":"https:\/\/www.iceagetv.com\/radiosite\/wp-json\/wp\/v2\/users\/2"}],"replies":[{"embeddable":true,"href":"https:\/\/www.iceagetv.com\/radiosite\/wp-json\/wp\/v2\/comments?post=32511"}],"version-history":[{"count":1,"href":"https:\/\/www.iceagetv.com\/radiosite\/wp-json\/wp\/v2\/posts\/32511\/revisions"}],"predecessor-version":[{"id":32514,"href":"https:\/\/www.iceagetv.com\/radiosite\/wp-json\/wp\/v2\/posts\/32511\/revisions\/32514"}],"wp:featuredmedia":[{"embeddable":true,"href":"https:\/\/www.iceagetv.com\/radiosite\/wp-json\/wp\/v2\/media\/32513"}],"wp:attachment":[{"href":"https:\/\/www.iceagetv.com\/radiosite\/wp-json\/wp\/v2\/media?parent=32511"}],"wp:term":[{"taxonomy":"category","embeddable":true,"href":"https:\/\/www.iceagetv.com\/radiosite\/wp-json\/wp\/v2\/categories?post=32511"},{"taxonomy":"post_tag","embeddable":true,"href":"https:\/\/www.iceagetv.com\/radiosite\/wp-json\/wp\/v2\/tags?post=32511"}],"curies":[{"name":"wp","href":"https:\/\/api.w.org\/{rel}","templated":true}]}}