{"id":32527,"date":"2025-01-15T13:17:43","date_gmt":"2025-01-15T12:17:43","guid":{"rendered":"https:\/\/www.iceagetv.com\/radiosite\/?p=32527"},"modified":"2025-01-15T13:17:47","modified_gmt":"2025-01-15T12:17:47","slug":"la-reunion-des-partenaires-sociaux-sur-les-retraites-aura-bien-lieu-vendredi-a-11h-en-presence-du-premier-ministre-francois-bayrou-indique-matignon","status":"publish","type":"post","link":"https:\/\/www.iceagetv.com\/radiosite\/la-reunion-des-partenaires-sociaux-sur-les-retraites-aura-bien-lieu-vendredi-a-11h-en-presence-du-premier-ministre-francois-bayrou-indique-matignon\/","title":{"rendered":"La r\u00e9union des partenaires sociaux sur les retraites aura bien lieu vendredi \u00e0 11h, en pr\u00e9sence du Premier ministre Fran\u00e7ois Bayrou, indique Matignon"},"content":{"rendered":"\n<p class=\"\">La r\u00e9union des partenaires sociaux sur les retraites aura bien lieu vendredi \u00e0 11H, en pr\u00e9sence du Premier ministre Fran\u00e7ois Bayrou, a indiqu\u00e9 Matignon mercredi, sans pr\u00e9ciser le lieu ou si d\u2019autres ministres seraient pr\u00e9sents. Elle se tiendra au minist\u00e8re du Travail, selon une source gouvernementale.<\/p>\n\n\n\n<p class=\"\">A l\u2019instar d\u2019autres syndicats et de deux ministres, la patronne de la CGT, Sophie Binet avait pr\u00e9c\u00e9demment rapport\u00e9 que ce rendez-vous \u00ab&nbsp;n\u2019aurait pas lieu&nbsp;\u00bb vendredi. \u00ab&nbsp;La ministre du Travail (Astrid Panosyan-Bouvet) m\u2019a appel\u00e9 vers 08H00 pour me pr\u00e9venir et me dire qu\u2019on recevrait vendredi (seulement) un courrier d\u2019invitation&nbsp;\u00bb, avait affirm\u00e9 \u00e0 l\u2019AFP un autre leader syndical.<\/p>\n\n\n\n<p class=\"\">\u00ab&nbsp;On ne peut pas non plus convoquer les personnes en moins de 72 heures&nbsp;\u00bb, avait justifi\u00e9 Mme Panosyan-Bouvet sur franceinfo, soulignant que \u00ab&nbsp;les responsables syndicaux et patronaux de notre pays ont aussi des agendas charg\u00e9s&nbsp;\u00bb.<\/p>\n\n\n\n<p class=\"\">Elle avait assur\u00e9 que cette r\u00e9union aurait lieu \u00ab&nbsp;tr\u00e8s prochainement avec l\u2019ensemble des partenaires sociaux pour fixer pr\u00e9cis\u00e9ment les r\u00e8gles du jeu&nbsp;\u00bb.<\/p>\n\n\n\n<p class=\"\">La ministre du Travail et de la Sant\u00e9 Catherine Vautrin avait \u00e9voqu\u00e9 sur BFMTV une \u00ab&nbsp;question d\u2019agenda&nbsp;\u00bb. A Matignon, on explique que cette r\u00e9union vise \u00e0 \u00ab&nbsp;fixer le cadre et la m\u00e9thode&nbsp;\u00bb, et que les travaux \u00ab&nbsp;ne commenceront que lorsque la mission flash&nbsp;\u00bb confi\u00e9e \u00e0 la Cour des comptes pour faire un point sur le financement du syst\u00e8me de retraites sera rendue.<\/p>\n\n\n\n<p class=\"\">\u00ab&nbsp;Viendront ceux qui veulent venir&nbsp;\u00bb, a soulign\u00e9 Catherine Vautrin, tout en estimant que \u00ab&nbsp;l\u2019int\u00e9r\u00eat c\u2019est que chacun vienne (&#8230;) parce que nous parlons de l\u2019avenir du pays&nbsp;\u00bb.<\/p>\n\n\n\n<p class=\"\">Le Premier ministre avait annonc\u00e9 mardi dans sa d\u00e9claration de politique g\u00e9n\u00e9rale avoir \u00ab&nbsp;choisi de remettre ce sujet (des retraites) en chantier avec les partenaires sociaux&nbsp;\u00bb et qu\u2019il r\u00e9unirait \u00ab&nbsp;d\u00e8s vendredi&nbsp;\u00bb les \u00ab&nbsp;repr\u00e9sentants de chaque organisation&nbsp;\u00bb.<\/p>\n","protected":false},"excerpt":{"rendered":"<p>La r\u00e9union des partenaires sociaux sur les retraites aura bien lieu vendredi \u00e0 11H, en pr\u00e9sence du Premier ministre Fran\u00e7ois Bayrou, a indiqu\u00e9 Matignon mercredi, sans pr\u00e9ciser le lieu ou si d\u2019autres ministres seraient pr\u00e9sents. Elle se tiendra au minist\u00e8re du Travail, selon une source gouvernementale. A l\u2019instar d\u2019autres syndicats et de deux ministres, la [&hellip;]<\/p>\n","protected":false},"author":2,"featured_media":32529,"comment_status":"open","ping_status":"open","sticky":false,"template":"","format":"standard","meta":{"_jetpack_memberships_contains_paid_content":false,"footnotes":"","jetpack_publicize_message":"","jetpack_publicize_feature_enabled":true,"jetpack_social_post_already_shared":true,"jetpack_social_options":{"image_generator_settings":{"template":"highway","enabled":true,"token":"eyJpbWciOiJodHRwczpcL1wvd3d3LmljZWFnZXR2LmNvbVwvcmFkaW9zaXRlXC93cC1jb250ZW50XC91cGxvYWRzXC8yMDI1XC8wMVwvdFFld1RqaWwuanBnIiwidHh0IjoiTGEgclx1MDBlOXVuaW9uIGRlcyBwYXJ0ZW5haXJlcyBzb2NpYXV4IHN1ciBsZXMgcmV0cmFpdGVzIGF1cmEgYmllbiBsaWV1IHZlbmRyZWRpIFx1MDBlMCAxMWgsIGVuIHByXHUwMGU5c2VuY2UgZHUgUHJlbWllciBtaW5pc3RyZSBGcmFuXHUwMGU3b2lzIEJheXJvdSwgaW5kaXF1ZSBNYXRpZ25vbiIsInRlbXBsYXRlIjoiaGlnaHdheSIsImJsb2dfaWQiOjExMTAxNjQ2MX0.WJUi5SEd7o7iFXW4RvD5NlgSH0qNKjNhHnxmUWxiFjMMQ"},"version":2},"_wpas_customize_per_network":false},"categories":[405],"tags":[],"class_list":["post-32527","post","type-post","status-publish","format-standard","has-post-thumbnail","hentry","category-actu-france-monde"],"jetpack_publicize_connections":[],"jetpack_featured_media_url":"https:\/\/i0.wp.com\/www.iceagetv.com\/radiosite\/wp-content\/uploads\/2025\/01\/tQewTjil.jpg?fit=679%2C293&ssl=1","jetpack_sharing_enabled":true,"_links":{"self":[{"href":"https:\/\/www.iceagetv.com\/radiosite\/wp-json\/wp\/v2\/posts\/32527","targetHints":{"allow":["GET"]}}],"collection":[{"href":"https:\/\/www.iceagetv.com\/radiosite\/wp-json\/wp\/v2\/posts"}],"about":[{"href":"https:\/\/www.iceagetv.com\/radiosite\/wp-json\/wp\/v2\/types\/post"}],"author":[{"embeddable":true,"href":"https:\/\/www.iceagetv.com\/radiosite\/wp-json\/wp\/v2\/users\/2"}],"replies":[{"embeddable":true,"href":"https:\/\/www.iceagetv.com\/radiosite\/wp-json\/wp\/v2\/comments?post=32527"}],"version-history":[{"count":1,"href":"https:\/\/www.iceagetv.com\/radiosite\/wp-json\/wp\/v2\/posts\/32527\/revisions"}],"predecessor-version":[{"id":32530,"href":"https:\/\/www.iceagetv.com\/radiosite\/wp-json\/wp\/v2\/posts\/32527\/revisions\/32530"}],"wp:featuredmedia":[{"embeddable":true,"href":"https:\/\/www.iceagetv.com\/radiosite\/wp-json\/wp\/v2\/media\/32529"}],"wp:attachment":[{"href":"https:\/\/www.iceagetv.com\/radiosite\/wp-json\/wp\/v2\/media?parent=32527"}],"wp:term":[{"taxonomy":"category","embeddable":true,"href":"https:\/\/www.iceagetv.com\/radiosite\/wp-json\/wp\/v2\/categories?post=32527"},{"taxonomy":"post_tag","embeddable":true,"href":"https:\/\/www.iceagetv.com\/radiosite\/wp-json\/wp\/v2\/tags?post=32527"}],"curies":[{"name":"wp","href":"https:\/\/api.w.org\/{rel}","templated":true}]}}