{"id":32540,"date":"2025-01-17T08:22:53","date_gmt":"2025-01-17T07:22:53","guid":{"rendered":"https:\/\/www.iceagetv.com\/radiosite\/?p=32540"},"modified":"2025-01-17T08:22:58","modified_gmt":"2025-01-17T07:22:58","slug":"decouvrez-le-nom-de-la-nouvelle-chaine-de-la-tnt-du-milliardaire-daniel-kretinsky-qui-va-etre-lancee-au-mois-de-juin-prochain-a-la-place-de-c8-et-nrj12-son-budget-sera-denviron-30-millions-deuros","status":"publish","type":"post","link":"https:\/\/www.iceagetv.com\/radiosite\/decouvrez-le-nom-de-la-nouvelle-chaine-de-la-tnt-du-milliardaire-daniel-kretinsky-qui-va-etre-lancee-au-mois-de-juin-prochain-a-la-place-de-c8-et-nrj12-son-budget-sera-denviron-30-millions-deuros\/","title":{"rendered":"D\u00e9couvrez le nom de la nouvelle cha\u00eene de la TNT du milliardaire Daniel Kretinsky qui va \u00eatre lanc\u00e9e au mois de juin prochain \u00e0 la place de C8 et NRJ12: Son budget sera d&rsquo;environ 30 millions d&rsquo;euros par an"},"content":{"rendered":"\n<p class=\"\">On connaissait sa position, puisqu&rsquo;elle sera sur le canal 18, selon le plan de fr\u00e9quence qui a \u00e9t\u00e9 r\u00e9v\u00e9l\u00e9 par l&rsquo;ARCOM en d\u00e9but de semaine. On sait d\u00e9sormais comment va s&rsquo;appeler une des deux nouvelles cha\u00eenes de la TNT qui va \u00eatre lanc\u00e9e au mois de juin prochain pour prendre la place de C8 et NRJ12 qui ont \u00e9t\u00e9 ray\u00e9 du PAF par l&rsquo;ARCOM.<\/p>\n\n\n\n<p class=\"\">La nouvelle cha\u00eene de t\u00e9l\u00e9vision que lancera en juin le groupe du milliardaire tch\u00e8que Daniel Kretinsky s&rsquo;appellera&#8230;.<\/p>\n\n\n\n<p class=\"\"><strong>.<\/strong><\/p>\n\n\n\n<p class=\"\"><strong>T18<\/strong><\/p>\n\n\n\n<p class=\"\"><strong>.<\/strong>&nbsp;<\/p>\n\n\n\n<p class=\"\">\u00ab\u00a0Nous avons fait le choix de la simplicit\u00e9. La cha\u00eene s&rsquo;appellera T18.&nbsp;T comme T\u00e9l\u00e9vision, car nous croyons en ce m\u00e9dia. Et 18, qui correspond \u00e0 notre num\u00e9rotation\u00a0\u00bb, a d\u00e9clar\u00e9 Christopher Baldelli, le patron de cette future cha\u00eene \u00e0 nos confr\u00e8res du Figaro. C&rsquo;est un nom \u00ab\u00a0distinctif, clair et facile \u00e0 retenir\u00a0\u00bb, a ajout\u00e9 Denis Olivennes, pr\u00e9sident de CMI France, le groupe qui la lance et est contr\u00f4l\u00e9 par M. Kretinsky.<\/p>\n\n\n\n<p class=\"\">Onze fr\u00e9quences de la TNT (t\u00e9l\u00e9vision num\u00e9rique terrestre) ont \u00e9t\u00e9 r\u00e9attribu\u00e9es en d\u00e9cembre par l&rsquo;Arcom. Le r\u00e9gulateur a s\u00e9lectionn\u00e9 deux nouvelles cha\u00eenes, celle lanc\u00e9e par CMI France et une autre par Ouest-France, et a \u00e9cart\u00e9 deux sortantes, C8 et NRJ12, dont les autorisations arrivent \u00e0 \u00e9ch\u00e9ance le 28 f\u00e9vrier.<\/p>\n\n\n\n<p class=\"\">Cons\u00e9quence de ces changements, l&rsquo;Arcom a modifi\u00e9 lundi la num\u00e9rotation de certaines cha\u00eenes. Parmi elles, celle de CMI France a h\u00e9rit\u00e9 du num\u00e9ro 18 et celle de Ouest-France du 19.<\/p>\n\n\n\n<p class=\"\">La nouvelle num\u00e9rotation sera mise en place en une seule fois le 6 juin, et non par s\u00e9quences \u00e0 partir de mars, date d&rsquo;\u00e9ch\u00e9ance des fr\u00e9quences actuelles. T18 devait initialement d\u00e9marrer le 1er mars mais commencera finalement \u00e0 \u00e9mettre le 6 juin. La cha\u00eene de Ouest-France, elle, fera ses d\u00e9buts le 1er septembre.<\/p>\n\n\n\n<p class=\"\"><strong>\u00ab\u00a0T18 disposera d&rsquo;un budget d&rsquo;un peu plus de trente millions d&rsquo;euros par an en vitesse de croisi\u00e8re\u00a0\u00bb<\/strong>, selon ses dirigeants. La grille des programmes s&rsquo;articulera autour de trois piliers: documentaires, divertissement et d\u00e9bats. La cha\u00eene s&rsquo;adressera \u00ab\u00a0au grand public, et plus particuli\u00e8rement aux 25-49 ans ainsi qu&rsquo;aux CSP+\u00a0\u00bb, a pr\u00e9cis\u00e9 M. Baldelli.<\/p>\n\n\n\n<p class=\"\">Ces deux cibles sont pris\u00e9es des annonceurs, alors que le march\u00e9 publicitaire de la t\u00e9l\u00e9vision est actuellement tendu. M\u00eame si T18 perdra de l&rsquo;argent dans un premier temps avant de se construire un public, elle \u00ab\u00a0n&rsquo;a pas vocation \u00e0 \u00eatre \u00e9ternellement d\u00e9ficitaire\u00a0\u00bb, ont indiqu\u00e9 ses dirigeants, qui esp\u00e8rent \u00ab\u00a0atteindre un petit \u00e9quilibre d&rsquo;ici quatre ans\u00a0\u00bb.<\/p>\n\n\n\n<p class=\"\">Sa cr\u00e9ation s&rsquo;inscrit \u00ab\u00a0dans un projet industriel, celui de cr\u00e9er un groupe plurim\u00e9dia\u00a0\u00bb, selon M. Baldelli.<\/p>\n\n\n\n<p class=\"\">Daniel Kretinsky d\u00e9tient d\u00e9j\u00e0 plusieurs m\u00e9dias, dont Elle, T\u00e9l\u00e9 7 jours, Franc-Tireur et Marianne, qu&rsquo;il a renonc\u00e9 \u00e0 vendre. Il a en outre rachet\u00e9 Editis, le deuxi\u00e8me groupe d&rsquo;\u00e9dition en France.<\/p>\n","protected":false},"excerpt":{"rendered":"<p>On connaissait sa position, puisqu&rsquo;elle sera sur le canal 18, selon le plan de fr\u00e9quence qui a \u00e9t\u00e9 r\u00e9v\u00e9l\u00e9 par l&rsquo;ARCOM en d\u00e9but de semaine. On sait d\u00e9sormais comment va s&rsquo;appeler une des deux nouvelles cha\u00eenes de la TNT qui va \u00eatre lanc\u00e9e au mois de juin prochain pour prendre la place de C8 et [&hellip;]<\/p>\n","protected":false},"author":2,"featured_media":32541,"comment_status":"open","ping_status":"open","sticky":false,"template":"","format":"standard","meta":{"_jetpack_memberships_contains_paid_content":false,"footnotes":"","jetpack_publicize_message":"","jetpack_publicize_feature_enabled":true,"jetpack_social_post_already_shared":true,"jetpack_social_options":{"image_generator_settings":{"template":"highway","enabled":true,"token":"eyJpbWciOiJodHRwczpcL1wvd3d3LmljZWFnZXR2LmNvbVwvcmFkaW9zaXRlXC93cC1jb250ZW50XC91cGxvYWRzXC8yMDI1XC8wMVwvcmZ0NmRnRUUuanBnIiwidHh0IjoiRFx1MDBlOWNvdXZyZXogbGUgbm9tIGRlIGxhIG5vdXZlbGxlIGNoYVx1MDBlZW5lIGRlIGxhIFROVCBkdSBtaWxsaWFyZGFpcmUgRGFuaWVsIEtyZXRpbnNreSBxdWkgdmEgXHUwMGVhdHJlIGxhbmNcdTAwZTllIGF1IG1vaXMgZGUganVpbiBwcm9jaGFpbiBcdTAwZTAgbGEgcGxhY2UgZGUgQzggZXQgTlJKMTI6IFNvbiBidWRnZXQgc2VyYSBkJiM4MjE3O2Vudmlyb24gMzAgbWlsbGlvbnMgZCYjODIxNztldXJvcyBwYXIgYW4iLCJ0ZW1wbGF0ZSI6ImhpZ2h3YXkiLCJibG9nX2lkIjoxMTEwMTY0NjF9.S2CNIWkmzcoSt8KAqIuHjHOozjZA7KiiFq1l9KP18A4MQ"},"version":2},"_wpas_customize_per_network":false},"categories":[68],"tags":[],"class_list":["post-32540","post","type-post","status-publish","format-standard","has-post-thumbnail","hentry","category-actu-culturelle"],"jetpack_publicize_connections":[],"jetpack_featured_media_url":"https:\/\/i0.wp.com\/www.iceagetv.com\/radiosite\/wp-content\/uploads\/2025\/01\/rft6dgEE.jpg?fit=679%2C293&ssl=1","jetpack_sharing_enabled":true,"_links":{"self":[{"href":"https:\/\/www.iceagetv.com\/radiosite\/wp-json\/wp\/v2\/posts\/32540","targetHints":{"allow":["GET"]}}],"collection":[{"href":"https:\/\/www.iceagetv.com\/radiosite\/wp-json\/wp\/v2\/posts"}],"about":[{"href":"https:\/\/www.iceagetv.com\/radiosite\/wp-json\/wp\/v2\/types\/post"}],"author":[{"embeddable":true,"href":"https:\/\/www.iceagetv.com\/radiosite\/wp-json\/wp\/v2\/users\/2"}],"replies":[{"embeddable":true,"href":"https:\/\/www.iceagetv.com\/radiosite\/wp-json\/wp\/v2\/comments?post=32540"}],"version-history":[{"count":1,"href":"https:\/\/www.iceagetv.com\/radiosite\/wp-json\/wp\/v2\/posts\/32540\/revisions"}],"predecessor-version":[{"id":32542,"href":"https:\/\/www.iceagetv.com\/radiosite\/wp-json\/wp\/v2\/posts\/32540\/revisions\/32542"}],"wp:featuredmedia":[{"embeddable":true,"href":"https:\/\/www.iceagetv.com\/radiosite\/wp-json\/wp\/v2\/media\/32541"}],"wp:attachment":[{"href":"https:\/\/www.iceagetv.com\/radiosite\/wp-json\/wp\/v2\/media?parent=32540"}],"wp:term":[{"taxonomy":"category","embeddable":true,"href":"https:\/\/www.iceagetv.com\/radiosite\/wp-json\/wp\/v2\/categories?post=32540"},{"taxonomy":"post_tag","embeddable":true,"href":"https:\/\/www.iceagetv.com\/radiosite\/wp-json\/wp\/v2\/tags?post=32540"}],"curies":[{"name":"wp","href":"https:\/\/api.w.org\/{rel}","templated":true}]}}