{"id":32555,"date":"2025-01-17T15:14:15","date_gmt":"2025-01-17T14:14:15","guid":{"rendered":"https:\/\/www.iceagetv.com\/radiosite\/?p=32555"},"modified":"2025-01-17T15:14:20","modified_gmt":"2025-01-17T14:14:20","slug":"les-victimes-ont-ete-piegees-dans-leur-appartement-quatre-personnes-dont-deux-enfants-de-5-ans-brulees-dans-un-incendie-a-miramas","status":"publish","type":"post","link":"https:\/\/www.iceagetv.com\/radiosite\/les-victimes-ont-ete-piegees-dans-leur-appartement-quatre-personnes-dont-deux-enfants-de-5-ans-brulees-dans-un-incendie-a-miramas\/","title":{"rendered":"Les victimes \u00ab\u00a0ont \u00e9t\u00e9 pi\u00e9g\u00e9es dans leur appartement\u00a0\u00bb : quatre personnes, dont deux enfants de 5 ans, br\u00fbl\u00e9es dans un incendie \u00e0 Miramas"},"content":{"rendered":"\n<p class=\"\"><strong>Un incendie a fait 4 bless\u00e9s, dont deux enfants de 5 ans, \u00e0 Miramas dans la nuit de jeudi \u00e0 vendredi. 46 pompiers sont intervenus pour faire face \u00e0 ce terrible \u00e9v\u00e9nement.<\/strong>Dans la nuit de jeudi \u00e0 vendredi, un incendie a eu lieu dans un immeuble\u00a0\u00e0 Miramas,\u00a0<a href=\"https:\/\/www.laprovence.com\/article\/region\/2697964026019315\/miramas-plusieurs-personnes-dont-un-enfant-gravement-brulees-dans-un-incendie-dimmeuble-qui-a-eu-lieu-cette-nuit\" target=\"_blank\" rel=\"noreferrer noopener\">d\u2019apr\u00e8s les informations de\u00a0<em>La Provence.<\/em><\/a>4 personnes ont \u00e9t\u00e9 br\u00fbl\u00e9es dont deux enfants de 5 ans. Un enfant et un homme de 41 ans ont \u00e9t\u00e9 gri\u00e8vement br\u00fbl\u00e9s. Ils ont \u00e9t\u00e9 transport\u00e9s inconscients \u00e0 l\u2019h\u00f4pital. Un autre\u00a0enfant et un homme de 69 ans ont \u00e9t\u00e9 br\u00fbl\u00e9s moins gravement, mais sont en \u00e9tat de choc.46 pompiers sont intervenus<\/p>\n\n\n\n<p class=\"\">Pour lutter contre l\u2019incendie, 46 pompiers et 16 engins du Sdis 13 ont \u00e9t\u00e9 mobilis\u00e9s sur les lieux.\u00a0Des pompiers sont toujours sur place pour \u00e9viter toute reprise de feu.11 locataires de l\u2019immeuble ont pu \u00eatre \u00e9vacu\u00e9s et pris en charge. La police scientifique est aussi sur place pour r\u00e9cup\u00e9rer des \u00e9l\u00e9ments et pour&nbsp;comprendre les causes de l\u2019incendie.<\/p>\n\n\n\n<p class=\"\">Le maire de Miramas \u00e9tait&nbsp;catastroph\u00e9 par ce terrible \u00e9v\u00e9nement.&nbsp;<em>\u00ab\u00a0Nous n\u2019avons pas encore les circonstances de cet incendie mais il semblerait que les personnes ont \u00e9t\u00e9 pi\u00e9g\u00e9es dans leur appartement au cours de la nuit\u00a0\u00bb,<\/em>&nbsp;d\u00e9clare-t-il \u00e0&nbsp;<em>La Provence<\/em>.<\/p>\n","protected":false},"excerpt":{"rendered":"<p>Un incendie a fait 4 bless\u00e9s, dont deux enfants de 5 ans, \u00e0 Miramas dans la nuit de jeudi \u00e0 vendredi. 46 pompiers sont intervenus pour faire face \u00e0 ce terrible \u00e9v\u00e9nement.Dans la nuit de jeudi \u00e0 vendredi, un incendie a eu lieu dans un immeuble\u00a0\u00e0 Miramas,\u00a0d\u2019apr\u00e8s les informations de\u00a0La Provence.4 personnes ont \u00e9t\u00e9 br\u00fbl\u00e9es [&hellip;]<\/p>\n","protected":false},"author":2,"featured_media":32557,"comment_status":"open","ping_status":"open","sticky":false,"template":"","format":"standard","meta":{"_jetpack_memberships_contains_paid_content":false,"footnotes":"","jetpack_publicize_message":"","jetpack_publicize_feature_enabled":true,"jetpack_social_post_already_shared":true,"jetpack_social_options":{"image_generator_settings":{"template":"highway","enabled":true,"token":"eyJpbWciOiJodHRwczpcL1wvd3d3LmljZWFnZXR2LmNvbVwvcmFkaW9zaXRlXC93cC1jb250ZW50XC91cGxvYWRzXC8yMDI1XC8wMVwvaW1hZ2UtMS5qcGciLCJ0eHQiOiJMZXMgdmljdGltZXMgJiM4MjIwO29udCBcdTAwZTl0XHUwMGU5IHBpXHUwMGU5Z1x1MDBlOWVzIGRhbnMgbGV1ciBhcHBhcnRlbWVudCYjODIyMTsgOiBxdWF0cmUgcGVyc29ubmVzLCBkb250IGRldXggZW5mYW50cyBkZSA1IGFucywgYnJcdTAwZmJsXHUwMGU5ZXMgZGFucyB1biBpbmNlbmRpZSBcdTAwZTAgTWlyYW1hcyIsInRlbXBsYXRlIjoiaGlnaHdheSIsImJsb2dfaWQiOjExMTAxNjQ2MX0.iXZH7r1EUoGyyrdb1JpG5IF6mfeYzTOngAXrs9g4PI8MQ"},"version":2},"_wpas_customize_per_network":false},"categories":[17],"tags":[],"class_list":["post-32555","post","type-post","status-publish","format-standard","has-post-thumbnail","hentry","category-actu-regions"],"jetpack_publicize_connections":[],"jetpack_featured_media_url":"https:\/\/i0.wp.com\/www.iceagetv.com\/radiosite\/wp-content\/uploads\/2025\/01\/image-1.jpg?fit=885%2C500&ssl=1","jetpack_sharing_enabled":true,"_links":{"self":[{"href":"https:\/\/www.iceagetv.com\/radiosite\/wp-json\/wp\/v2\/posts\/32555","targetHints":{"allow":["GET"]}}],"collection":[{"href":"https:\/\/www.iceagetv.com\/radiosite\/wp-json\/wp\/v2\/posts"}],"about":[{"href":"https:\/\/www.iceagetv.com\/radiosite\/wp-json\/wp\/v2\/types\/post"}],"author":[{"embeddable":true,"href":"https:\/\/www.iceagetv.com\/radiosite\/wp-json\/wp\/v2\/users\/2"}],"replies":[{"embeddable":true,"href":"https:\/\/www.iceagetv.com\/radiosite\/wp-json\/wp\/v2\/comments?post=32555"}],"version-history":[{"count":1,"href":"https:\/\/www.iceagetv.com\/radiosite\/wp-json\/wp\/v2\/posts\/32555\/revisions"}],"predecessor-version":[{"id":32558,"href":"https:\/\/www.iceagetv.com\/radiosite\/wp-json\/wp\/v2\/posts\/32555\/revisions\/32558"}],"wp:featuredmedia":[{"embeddable":true,"href":"https:\/\/www.iceagetv.com\/radiosite\/wp-json\/wp\/v2\/media\/32557"}],"wp:attachment":[{"href":"https:\/\/www.iceagetv.com\/radiosite\/wp-json\/wp\/v2\/media?parent=32555"}],"wp:term":[{"taxonomy":"category","embeddable":true,"href":"https:\/\/www.iceagetv.com\/radiosite\/wp-json\/wp\/v2\/categories?post=32555"},{"taxonomy":"post_tag","embeddable":true,"href":"https:\/\/www.iceagetv.com\/radiosite\/wp-json\/wp\/v2\/tags?post=32555"}],"curies":[{"name":"wp","href":"https:\/\/api.w.org\/{rel}","templated":true}]}}