{"id":32641,"date":"2025-01-21T17:14:03","date_gmt":"2025-01-21T16:14:03","guid":{"rendered":"https:\/\/www.iceagetv.com\/radiosite\/?p=32641"},"modified":"2025-01-21T17:14:08","modified_gmt":"2025-01-21T16:14:08","slug":"lacteur-francisco-san-martin-vu-dans-amour-gloire-et-beaute-et-des-jours-et-des-vies-sest-suicide-par-pendaison-a-lage-de-39-ans","status":"publish","type":"post","link":"https:\/\/www.iceagetv.com\/radiosite\/lacteur-francisco-san-martin-vu-dans-amour-gloire-et-beaute-et-des-jours-et-des-vies-sest-suicide-par-pendaison-a-lage-de-39-ans\/","title":{"rendered":"L\u2019acteur Francisco San Martin, vu dans \u00ab\u00a0Amour, gloire et beaut\u00e9\u00a0\u00bb et \u00ab\u00a0Des jours et des vies\u00a0\u00bb, s&rsquo;est suicid\u00e9 par pendaison \u00e0 l\u2019\u00e2ge de 39 ans"},"content":{"rendered":"\n<p class=\"\">L\u2019acteur espagnol Francisco San Martin, qui a notamment \u00e9t\u00e9 au casting des s\u00e9ries \u00ab\u00a0Des jours et des vies\u00a0\u00bb et \u00ab\u00a0Amour, gloire et beaut\u00e9\u00a0\u00bb, est d\u00e9c\u00e9d\u00e9 \u00e0 l&rsquo;\u00e2ge de 39 ans.<\/p>\n\n\n\n<p class=\"\">Le site&nbsp;<a href=\"https:\/\/deadline.com\/2025\/01\/francisco-san-martin-dead-days-of-our-lives-actor-1236262007\/\" target=\"_blank\" rel=\"noreferrer noopener\">Deadline<\/a>&nbsp;indique qu&rsquo;il a \u00e9t\u00e9 retrouv\u00e9 mort \u00e0 son domicile le 16 janvier dernier. Selon le rapport du m\u00e9decin l\u00e9giste, le com\u00e9dien s&rsquo;est suicid\u00e9 par pendaison.<\/p>\n\n\n\n<p class=\"\">N\u00e9 le 27 ao\u00fbt 1985, Francisco San Martin avait incarn\u00e9, dans \u00ab\u00a0Des jours et des vies\u00a0\u00bb, le personnage de Dario Hernandez. C&rsquo;est en 2017 qu&rsquo;il avait rejoint \u00ab\u00a0Amour, gloire et beaut\u00e9\u00a0\u00bb avec le r\u00f4le de Mateo, le gardien au manoir des Forrester.<\/p>\n\n\n\n<p class=\"\">Il avait \u00e9galement \u00e9t\u00e9 vu dans \u00ab\u00a0Jane the Virgin\u00a0\u00bb dans les saisons 3 et 4.<\/p>\n","protected":false},"excerpt":{"rendered":"<p>L\u2019acteur espagnol Francisco San Martin, qui a notamment \u00e9t\u00e9 au casting des s\u00e9ries \u00ab\u00a0Des jours et des vies\u00a0\u00bb et \u00ab\u00a0Amour, gloire et beaut\u00e9\u00a0\u00bb, est d\u00e9c\u00e9d\u00e9 \u00e0 l&rsquo;\u00e2ge de 39 ans. Le site&nbsp;Deadline&nbsp;indique qu&rsquo;il a \u00e9t\u00e9 retrouv\u00e9 mort \u00e0 son domicile le 16 janvier dernier. Selon le rapport du m\u00e9decin l\u00e9giste, le com\u00e9dien s&rsquo;est suicid\u00e9 par [&hellip;]<\/p>\n","protected":false},"author":2,"featured_media":32642,"comment_status":"open","ping_status":"open","sticky":false,"template":"","format":"standard","meta":{"_jetpack_memberships_contains_paid_content":false,"footnotes":"","jetpack_publicize_message":"","jetpack_publicize_feature_enabled":true,"jetpack_social_post_already_shared":true,"jetpack_social_options":{"image_generator_settings":{"template":"highway","enabled":true,"token":"eyJpbWciOiJodHRwczpcL1wvd3d3LmljZWFnZXR2LmNvbVwvcmFkaW9zaXRlXC93cC1jb250ZW50XC91cGxvYWRzXC8yMDI1XC8wMVwvTXc2aFlQVHMuanBnIiwidHh0IjoiTFx1MjAxOWFjdGV1ciBGcmFuY2lzY28gU2FuIE1hcnRpbiwgdnUgZGFucyAmIzgyMjA7QW1vdXIsIGdsb2lyZSBldCBiZWF1dFx1MDBlOSYjODIyMTsgZXQgJiM4MjIwO0RlcyBqb3VycyBldCBkZXMgdmllcyYjODIyMTssIHMmIzgyMTc7ZXN0IHN1aWNpZFx1MDBlOSBwYXIgcGVuZGFpc29uIFx1MDBlMCBsXHUyMDE5XHUwMGUyZ2UgZGUgMzkgYW5zIiwidGVtcGxhdGUiOiJoaWdod2F5IiwiYmxvZ19pZCI6MTExMDE2NDYxfQ.idR14UJADiEUQSrfuy1bDzzLSStfaSw-wWioZPLzw8wMQ"},"version":2},"_wpas_customize_per_network":false},"categories":[68],"tags":[],"class_list":["post-32641","post","type-post","status-publish","format-standard","has-post-thumbnail","hentry","category-actu-culturelle"],"jetpack_publicize_connections":[],"jetpack_featured_media_url":"https:\/\/i0.wp.com\/www.iceagetv.com\/radiosite\/wp-content\/uploads\/2025\/01\/Mw6hYPTs.jpg?fit=679%2C293&ssl=1","jetpack_sharing_enabled":true,"_links":{"self":[{"href":"https:\/\/www.iceagetv.com\/radiosite\/wp-json\/wp\/v2\/posts\/32641","targetHints":{"allow":["GET"]}}],"collection":[{"href":"https:\/\/www.iceagetv.com\/radiosite\/wp-json\/wp\/v2\/posts"}],"about":[{"href":"https:\/\/www.iceagetv.com\/radiosite\/wp-json\/wp\/v2\/types\/post"}],"author":[{"embeddable":true,"href":"https:\/\/www.iceagetv.com\/radiosite\/wp-json\/wp\/v2\/users\/2"}],"replies":[{"embeddable":true,"href":"https:\/\/www.iceagetv.com\/radiosite\/wp-json\/wp\/v2\/comments?post=32641"}],"version-history":[{"count":1,"href":"https:\/\/www.iceagetv.com\/radiosite\/wp-json\/wp\/v2\/posts\/32641\/revisions"}],"predecessor-version":[{"id":32643,"href":"https:\/\/www.iceagetv.com\/radiosite\/wp-json\/wp\/v2\/posts\/32641\/revisions\/32643"}],"wp:featuredmedia":[{"embeddable":true,"href":"https:\/\/www.iceagetv.com\/radiosite\/wp-json\/wp\/v2\/media\/32642"}],"wp:attachment":[{"href":"https:\/\/www.iceagetv.com\/radiosite\/wp-json\/wp\/v2\/media?parent=32641"}],"wp:term":[{"taxonomy":"category","embeddable":true,"href":"https:\/\/www.iceagetv.com\/radiosite\/wp-json\/wp\/v2\/categories?post=32641"},{"taxonomy":"post_tag","embeddable":true,"href":"https:\/\/www.iceagetv.com\/radiosite\/wp-json\/wp\/v2\/tags?post=32641"}],"curies":[{"name":"wp","href":"https:\/\/api.w.org\/{rel}","templated":true}]}}