{"id":32662,"date":"2025-01-23T13:45:48","date_gmt":"2025-01-23T12:45:48","guid":{"rendered":"https:\/\/www.iceagetv.com\/radiosite\/?p=32662"},"modified":"2025-01-23T13:45:52","modified_gmt":"2025-01-23T12:45:52","slug":"le-journaliste-et-essayiste-jean-francois-kahn-fondateur-de-levenement-du-jeudi-et-de-marianne-est-decede-a-lage-de-86-ans","status":"publish","type":"post","link":"https:\/\/www.iceagetv.com\/radiosite\/le-journaliste-et-essayiste-jean-francois-kahn-fondateur-de-levenement-du-jeudi-et-de-marianne-est-decede-a-lage-de-86-ans\/","title":{"rendered":"Le journaliste et essayiste Jean-Fran\u00e7ois Kahn, fondateur de \u00ab\u00a0L\u2019\u00c9v\u00e9nement du Jeudi\u00a0\u00bb et de \u00ab\u00a0Marianne\u00a0\u00bb, est d\u00e9c\u00e9d\u00e9 \u00e0 l&rsquo;\u00e2ge de 86 ans"},"content":{"rendered":"\n<p class=\"\">Fondateur de l\u2019Ev\u00e9nement du Jeudi et de Marianne, le journaliste Jean-Fran\u00e7ois Kahn est mort \u00e0 86 ans, a annonc\u00e9 jeudi \u00e0 l\u2019AFP son entourage, confirmant une information du Point. Fils du philosophe Jean Kahn, Jean-Fran\u00e7ois Kahn \u00e9tait \u00e9galement pol\u00e9miste, engag\u00e9 au centre. Il est d\u00e9c\u00e9d\u00e9 mercredi, a indiqu\u00e9 son \u00e9pouse Rachel Assouline-Kahn.<\/p>\n\n\n\n<p class=\"\">L\u2019homme de presse avait apport\u00e9 son soutien \u00e0 la candidature de Fran\u00e7ois Bayrou \u00e0 la pr\u00e9sidentielle en 2007 puis 2012, se disant \u00ab convaincu que c\u2019\u00e9tait l\u2019homme dont la France avait besoin \u00bb. Il s\u2019\u00e9tait pr\u00e9sent\u00e9 aux \u00e9lections europ\u00e9ennes de 2009 sur une liste MoDem mais sans prendre la carte du parti. Il d\u00e9missionnera sit\u00f4t \u00e9lu pour reprendre la plume et les d\u00e9bats qu\u2019il affectionne tant.<\/p>\n\n\n\n<p class=\"\">\u00ab Jean-Fran\u00e7ois Kahn \u00e9tait un g\u00e9ant et un homme rare. L\u2019incroyable cr\u00e9ativit\u00e9 qui l\u2019animait, son audace, lui ont fait fonder de v\u00e9ritables journaux-\u00e9poque, L\u2019Ev\u00e9nement du Jeudi, Marianne. Il incarnait le \u00ab\u00a0centrisme r\u00e9volutionnaire\u00a0\u00bb, l\u2019humanisme et la fid\u00e9lit\u00e9. Nous l\u2019aimions \u00bb, a r\u00e9agi sur le r\u00e9seau social X le Premier ministre, Fran\u00e7ois Bayrou. Jean-Fran\u00e7ois Kahn \u00e9tait en outre le fr\u00e8re du m\u00e9decin g\u00e9n\u00e9ticien Axel Kahn, mort en 2021.<\/p>\n\n\n\n<p class=\"\"><strong>Biographie (source :&nbsp;<a href=\"https:\/\/www.fayard.fr\/auteur\/jean-francois-kahn\/\" target=\"_blank\" rel=\"noreferrer noopener\">Editions Fayard<\/a>)<\/strong><\/p>\n\n\n\n<p class=\"\">N\u00e9 en 1938, Jean-Fran\u00e7ois Kahn est journaliste. Apr\u00e8s une licence d&rsquo;histoire, il travaille au tri postal, puis dans l&rsquo;imprimerie. Envoy\u00e9 couvrir la guerre d&rsquo;Alg\u00e9rie, il entame une grande carri\u00e8re de journaliste. Jean-Fran\u00e7ois Kahn m\u00e8ne, en particulier, l&rsquo;enqu\u00eate qui aboutit \u00e0 la r\u00e9v\u00e9lation de l&rsquo;affaire Ben Barka. Il travaille pour Paris-Presse, L&rsquo;Express, Europe 1 et Le Monde.<\/p>\n\n\n\n<p class=\"\">Nomm\u00e9 directeur de la r\u00e9daction des Nouvelles Litt\u00e9raires, en 1977, il devient directeur du Matin de Paris, en 1983. Jean-Fran\u00e7ois Kahn cr\u00e9e alors l&rsquo;\u00c9v\u00e9nement du Jeudi et, en 1997, l&rsquo;hebdomadaire d&rsquo;information Marianne, dont il est le directeur.<\/p>\n\n\n\n<p class=\"\">Esprit vif et pol\u00e9miste, Jean-Fran\u00e7ois Kahn a \u00e9crit de nombreux ouvrages, notamment, Tout change parce que rien ne change. Introduction \u00e0 une th\u00e9orie de l&rsquo;\u00e9volution sociale (Fayard, 1994\/2006), Le Retour sur Terre de Djid Andrew. Critique de la raison capitaliste (Fayard, 1997), Les Rebelles : Celles et ceux qui ont dit non (Plon, 2001), Moi, l&rsquo;autre et le loup (Fayard, 2001), Victor Hugo, un r\u00e9volutionnaire (Fayard, 2001), Ce que Marianne en pense (Mille et une nuits, 2002), Le Camp de la guerre (Fayard, 2004), Comme deux fr\u00e8res. M\u00e9moire et visions crois\u00e9es (Stock, 2006) et Les Bullocrates (Fayard, 2006).<\/p>\n","protected":false},"excerpt":{"rendered":"<p>Fondateur de l\u2019Ev\u00e9nement du Jeudi et de Marianne, le journaliste Jean-Fran\u00e7ois Kahn est mort \u00e0 86 ans, a annonc\u00e9 jeudi \u00e0 l\u2019AFP son entourage, confirmant une information du Point. Fils du philosophe Jean Kahn, Jean-Fran\u00e7ois Kahn \u00e9tait \u00e9galement pol\u00e9miste, engag\u00e9 au centre. Il est d\u00e9c\u00e9d\u00e9 mercredi, a indiqu\u00e9 son \u00e9pouse Rachel Assouline-Kahn. L\u2019homme de presse [&hellip;]<\/p>\n","protected":false},"author":2,"featured_media":32663,"comment_status":"open","ping_status":"open","sticky":false,"template":"","format":"standard","meta":{"_jetpack_memberships_contains_paid_content":false,"footnotes":"","jetpack_publicize_message":"","jetpack_publicize_feature_enabled":true,"jetpack_social_post_already_shared":true,"jetpack_social_options":{"image_generator_settings":{"template":"highway","enabled":true,"token":"eyJpbWciOiJodHRwczpcL1wvd3d3LmljZWFnZXR2LmNvbVwvcmFkaW9zaXRlXC93cC1jb250ZW50XC91cGxvYWRzXC8yMDI1XC8wMVwvamVhbl9mcmFuY29pc2thaG5fMC5qcGciLCJ0eHQiOiJMZSBqb3VybmFsaXN0ZSBldCBlc3NheWlzdGUgSmVhbi1GcmFuXHUwMGU3b2lzIEthaG4sIGZvbmRhdGV1ciBkZSAmIzgyMjA7TFx1MjAxOVx1MDBjOXZcdTAwZTluZW1lbnQgZHUgSmV1ZGkmIzgyMjE7IGV0IGRlICYjODIyMDtNYXJpYW5uZSYjODIyMTssIGVzdCBkXHUwMGU5Y1x1MDBlOWRcdTAwZTkgXHUwMGUwIGwmIzgyMTc7XHUwMGUyZ2UgZGUgODYgYW5zIiwidGVtcGxhdGUiOiJoaWdod2F5IiwiYmxvZ19pZCI6MTExMDE2NDYxfQ.fgldNWWFAOUa7PA9rZeRFE2ZB3a95lNT5G_xu8KeaRwMQ"},"version":2},"_wpas_customize_per_network":false},"categories":[68],"tags":[],"class_list":["post-32662","post","type-post","status-publish","format-standard","has-post-thumbnail","hentry","category-actu-culturelle"],"jetpack_publicize_connections":[],"jetpack_featured_media_url":"https:\/\/i0.wp.com\/www.iceagetv.com\/radiosite\/wp-content\/uploads\/2025\/01\/jean_francoiskahn_0.jpg?fit=920%2C397&ssl=1","jetpack_sharing_enabled":true,"_links":{"self":[{"href":"https:\/\/www.iceagetv.com\/radiosite\/wp-json\/wp\/v2\/posts\/32662","targetHints":{"allow":["GET"]}}],"collection":[{"href":"https:\/\/www.iceagetv.com\/radiosite\/wp-json\/wp\/v2\/posts"}],"about":[{"href":"https:\/\/www.iceagetv.com\/radiosite\/wp-json\/wp\/v2\/types\/post"}],"author":[{"embeddable":true,"href":"https:\/\/www.iceagetv.com\/radiosite\/wp-json\/wp\/v2\/users\/2"}],"replies":[{"embeddable":true,"href":"https:\/\/www.iceagetv.com\/radiosite\/wp-json\/wp\/v2\/comments?post=32662"}],"version-history":[{"count":1,"href":"https:\/\/www.iceagetv.com\/radiosite\/wp-json\/wp\/v2\/posts\/32662\/revisions"}],"predecessor-version":[{"id":32664,"href":"https:\/\/www.iceagetv.com\/radiosite\/wp-json\/wp\/v2\/posts\/32662\/revisions\/32664"}],"wp:featuredmedia":[{"embeddable":true,"href":"https:\/\/www.iceagetv.com\/radiosite\/wp-json\/wp\/v2\/media\/32663"}],"wp:attachment":[{"href":"https:\/\/www.iceagetv.com\/radiosite\/wp-json\/wp\/v2\/media?parent=32662"}],"wp:term":[{"taxonomy":"category","embeddable":true,"href":"https:\/\/www.iceagetv.com\/radiosite\/wp-json\/wp\/v2\/categories?post=32662"},{"taxonomy":"post_tag","embeddable":true,"href":"https:\/\/www.iceagetv.com\/radiosite\/wp-json\/wp\/v2\/tags?post=32662"}],"curies":[{"name":"wp","href":"https:\/\/api.w.org\/{rel}","templated":true}]}}