{"id":32676,"date":"2025-01-24T13:11:03","date_gmt":"2025-01-24T12:11:03","guid":{"rendered":"https:\/\/www.iceagetv.com\/radiosite\/?p=32676"},"modified":"2025-01-24T13:11:07","modified_gmt":"2025-01-24T12:11:07","slug":"un-homme-enleve-et-battu-a-mort-dans-laisne-quatre-personnes-mises-en-examen","status":"publish","type":"post","link":"https:\/\/www.iceagetv.com\/radiosite\/un-homme-enleve-et-battu-a-mort-dans-laisne-quatre-personnes-mises-en-examen\/","title":{"rendered":"Un homme enlev\u00e9 et battu \u00e0 mort dans l\u2019Aisne, quatre personnes mises en examen"},"content":{"rendered":"\n<p class=\"\">Quatre hommes de 20 \u00e0 28\u00a0ans ont \u00e9t\u00e9 interpell\u00e9s et mis en examen, soup\u00e7onn\u00e9s d\u2019avoir enlev\u00e9, s\u00e9questr\u00e9 et battu \u00e0 mort un autre homme \u00e0 Villers-Cotter\u00eats (<a href=\"https:\/\/www.ouest-france.fr\/hauts-de-france\/aisne\/\" target=\"_blank\" rel=\"noreferrer noopener\">Aisne<\/a>), a d\u00e9clar\u00e9 \u00e0 l\u2019<em>AFP<\/em>\u00a0le procureur de Laon ce vendredi 24\u00a0janvier 2025Un \u00ab&nbsp;contexte de dette relative aux stup\u00e9fiants&nbsp;\u00bb<\/p>\n\n\n\n<p class=\"\">Les faits remontent au 7&nbsp;janvier, et la victime est d\u00e9c\u00e9d\u00e9e trois jours plus tard&nbsp;<strong>\u00ab&nbsp;des suites d\u2019un traumatisme&nbsp;\u00bb<\/strong>&nbsp;cranio-facial&nbsp;<strong>\u00ab&nbsp;cons\u00e9cutif \u00e0 des violences&nbsp;\u00bb<\/strong>, selon le procureur Guillaume Donnadieu,&nbsp;<a href=\"https:\/\/www.lunion.fr\/id682466\/article\/2025-01-23\/un-homme-meurt-apres-avoir-ete-enleve-frappe-et-abandonne-sur-la-voie-publique\" target=\"_blank\" rel=\"noreferrer noopener\">confirmant des informations du quotidien r\u00e9gional&nbsp;<\/a><em><a href=\"https:\/\/www.lunion.fr\/id682466\/article\/2025-01-23\/un-homme-meurt-apres-avoir-ete-enleve-frappe-et-abandonne-sur-la-voie-publique\" target=\"_blank\" rel=\"noreferrer noopener\">L\u2019Union<\/a>&nbsp;<\/em>.<\/p>\n\n\n\n<p class=\"\"><strong>\u00ab&nbsp;L\u2019hypoth\u00e8se privil\u00e9gi\u00e9e&nbsp;\u00bb<\/strong>&nbsp;du mobile des agresseurs est un&nbsp;<strong>\u00ab&nbsp;contexte de dette relative aux stup\u00e9fiants&nbsp;\u00bb<\/strong>, a-t-il ajout\u00e9, pr\u00e9cisant que cela restait \u00e0 confirmer par la suite des investigations.<\/p>\n\n\n\n<p class=\"\">Les quatre suspects ont \u00e9t\u00e9 mis en examen pour \u00ab&nbsp;enl\u00e8vement, arrestation, s\u00e9questration suivie de mort, et pour l\u2019un d\u2019entre eux violences volontaires aggrav\u00e9es par la pr\u00e9m\u00e9ditation et la r\u00e9union&nbsp;\u00bb, a ajout\u00e9 Guillaume Donnadieu<\/p>\n","protected":false},"excerpt":{"rendered":"<p>Quatre hommes de 20 \u00e0 28\u00a0ans ont \u00e9t\u00e9 interpell\u00e9s et mis en examen, soup\u00e7onn\u00e9s d\u2019avoir enlev\u00e9, s\u00e9questr\u00e9 et battu \u00e0 mort un autre homme \u00e0 Villers-Cotter\u00eats (Aisne), a d\u00e9clar\u00e9 \u00e0 l\u2019AFP\u00a0le procureur de Laon ce vendredi 24\u00a0janvier 2025Un \u00ab&nbsp;contexte de dette relative aux stup\u00e9fiants&nbsp;\u00bb Les faits remontent au 7&nbsp;janvier, et la victime est d\u00e9c\u00e9d\u00e9e trois [&hellip;]<\/p>\n","protected":false},"author":2,"featured_media":32677,"comment_status":"open","ping_status":"open","sticky":false,"template":"","format":"standard","meta":{"_jetpack_memberships_contains_paid_content":false,"footnotes":"","jetpack_publicize_message":"","jetpack_publicize_feature_enabled":true,"jetpack_social_post_already_shared":true,"jetpack_social_options":{"image_generator_settings":{"template":"highway","enabled":true,"token":"eyJpbWciOiJodHRwczpcL1wvd3d3LmljZWFnZXR2LmNvbVwvcmFkaW9zaXRlXC93cC1jb250ZW50XC91cGxvYWRzXC8yMDI1XC8wMVwvU2NyZWVuc2hvdF8yMDI1MDEyNF8xMzA5NTYtMTAyNHg1NzkuanBnIiwidHh0IjoiVW4gaG9tbWUgZW5sZXZcdTAwZTkgZXQgYmF0dHUgXHUwMGUwIG1vcnQgZGFucyBsXHUyMDE5QWlzbmUsIHF1YXRyZSBwZXJzb25uZXMgbWlzZXMgZW4gZXhhbWVuIiwidGVtcGxhdGUiOiJoaWdod2F5IiwiYmxvZ19pZCI6MTExMDE2NDYxfQ.pJfmUUwX70HxzsgierOir8NOjohbu-N_Yq_o1gFQXSwMQ"},"version":2},"_wpas_customize_per_network":false},"categories":[405],"tags":[],"class_list":["post-32676","post","type-post","status-publish","format-standard","has-post-thumbnail","hentry","category-actu-france-monde"],"jetpack_publicize_connections":[],"jetpack_featured_media_url":"https:\/\/i0.wp.com\/www.iceagetv.com\/radiosite\/wp-content\/uploads\/2025\/01\/Screenshot_20250124_130956.jpg?fit=1080%2C611&ssl=1","jetpack_sharing_enabled":true,"_links":{"self":[{"href":"https:\/\/www.iceagetv.com\/radiosite\/wp-json\/wp\/v2\/posts\/32676","targetHints":{"allow":["GET"]}}],"collection":[{"href":"https:\/\/www.iceagetv.com\/radiosite\/wp-json\/wp\/v2\/posts"}],"about":[{"href":"https:\/\/www.iceagetv.com\/radiosite\/wp-json\/wp\/v2\/types\/post"}],"author":[{"embeddable":true,"href":"https:\/\/www.iceagetv.com\/radiosite\/wp-json\/wp\/v2\/users\/2"}],"replies":[{"embeddable":true,"href":"https:\/\/www.iceagetv.com\/radiosite\/wp-json\/wp\/v2\/comments?post=32676"}],"version-history":[{"count":1,"href":"https:\/\/www.iceagetv.com\/radiosite\/wp-json\/wp\/v2\/posts\/32676\/revisions"}],"predecessor-version":[{"id":32678,"href":"https:\/\/www.iceagetv.com\/radiosite\/wp-json\/wp\/v2\/posts\/32676\/revisions\/32678"}],"wp:featuredmedia":[{"embeddable":true,"href":"https:\/\/www.iceagetv.com\/radiosite\/wp-json\/wp\/v2\/media\/32677"}],"wp:attachment":[{"href":"https:\/\/www.iceagetv.com\/radiosite\/wp-json\/wp\/v2\/media?parent=32676"}],"wp:term":[{"taxonomy":"category","embeddable":true,"href":"https:\/\/www.iceagetv.com\/radiosite\/wp-json\/wp\/v2\/categories?post=32676"},{"taxonomy":"post_tag","embeddable":true,"href":"https:\/\/www.iceagetv.com\/radiosite\/wp-json\/wp\/v2\/tags?post=32676"}],"curies":[{"name":"wp","href":"https:\/\/api.w.org\/{rel}","templated":true}]}}