{"id":32715,"date":"2025-01-25T17:47:10","date_gmt":"2025-01-25T16:47:10","guid":{"rendered":"https:\/\/www.iceagetv.com\/radiosite\/?p=32715"},"modified":"2025-01-25T17:47:15","modified_gmt":"2025-01-25T16:47:15","slug":"paris-un-adolescent-de-14-ans-est-mort-ce-midi-apres-avoir-ete-poignarde-hier-soir-par-deux-mineurs-qui-voulaient-lui-voler-son-telephone-portable-ils-etaient-deja-connus-de-la-justice-pour-vol","status":"publish","type":"post","link":"https:\/\/www.iceagetv.com\/radiosite\/paris-un-adolescent-de-14-ans-est-mort-ce-midi-apres-avoir-ete-poignarde-hier-soir-par-deux-mineurs-qui-voulaient-lui-voler-son-telephone-portable-ils-etaient-deja-connus-de-la-justice-pour-vol\/","title":{"rendered":"Paris : Un adolescent de 14 ans est mort ce midi apr\u00e8s avoir \u00e9t\u00e9 poignard\u00e9 hier soir par deux mineurs qui voulaient lui voler son t\u00e9l\u00e9phone portable &#8211; Ils \u00e9taient d\u00e9j\u00e0 connus de la justice pour \u00ab\u00a0vol avec violence\u00a0\u00bb"},"content":{"rendered":"\n<p class=\"\">C&rsquo;est un drame terrible qui s&rsquo;est d\u00e9roul\u00e9 en plein coeur de Paris.&nbsp;Un adolescent de 14 ans est&nbsp;mort ce midi&nbsp;apr\u00e8s avoir \u00e9t\u00e9 poignard\u00e9 hier soir par deux jeunes qui voulaient lui voler son t\u00e9l\u00e9phone portable,&nbsp;selon le site Actu.fr. Hier soir, peu avant 20 heures, il sortait de son entra\u00eenement de football lorsque deux personnes lui ont r\u00e9clam\u00e9 son t\u00e9l\u00e9phone. Devant son refus, un violent coup de couteau lui a \u00e9t\u00e9 port\u00e9.<\/p>\n\n\n\n<p class=\"\">Son ami qui \u00e9tait avec lui a effectu\u00e9 les gestes de premiers secours et permis d&rsquo;identifier les agresseurs. Rapidement interpell\u00e9s, ces derniers sont deux mineurs demeurant dans le 14e arrondissement de Paris, n\u00e9s en mai 2007 et ao\u00fbt 2008. Ils ont \u00e9t\u00e9 plac\u00e9s en garde \u00e0 vue.<\/p>\n\n\n\n<p class=\"\">D\u2019apr\u00e8s le minist\u00e8re public, son ami lui a port\u00e9 assistance en menant les premiers gestes de secours, avant que les \u00ab\u2009pompiers interviennent rapidement\u2009\u00bb, pr\u00e9cise la maire du 14e arrondissement.<\/p>\n\n\n\n<p class=\"\">La victime a \u00e9t\u00e9 transport\u00e9e \u00e0&nbsp;l\u2019h\u00f4pital Necker&nbsp;avec un pronostic vital engag\u00e9, o\u00f9 il a subi des soins intensifs toute la nuit, avec notamment une op\u00e9ration. \u00ab\u2009Malgr\u00e9 la prise en charge m\u00e9dicale, le d\u00e9c\u00e8s de la victime a \u00e9t\u00e9 constat\u00e9&nbsp;vers midi\u2009\u00bb, informe le parquet.<\/p>\n\n\n\n<p class=\"\">Les deux mineurs interpell\u00e9s \u00e9taient d\u00e9j\u00e0 connus de la justice.<\/p>\n\n\n\n<p class=\"\">L\u2019un avait fait l\u2019objet d\u2019une mesure \u00e9ducative judiciaire en d\u00e9cembre 2023 pour des faits de vols et extorsion.<\/p>\n\n\n\n<p class=\"\">Les deux avaient \u00e9t\u00e9 d\u00e9f\u00e9r\u00e9s le 30 octobre 2024 pour des faits de vol commis avec violence, et avaient interdiction de contact entre eux.<\/p>\n","protected":false},"excerpt":{"rendered":"<p>C&rsquo;est un drame terrible qui s&rsquo;est d\u00e9roul\u00e9 en plein coeur de Paris.&nbsp;Un adolescent de 14 ans est&nbsp;mort ce midi&nbsp;apr\u00e8s avoir \u00e9t\u00e9 poignard\u00e9 hier soir par deux jeunes qui voulaient lui voler son t\u00e9l\u00e9phone portable,&nbsp;selon le site Actu.fr. Hier soir, peu avant 20 heures, il sortait de son entra\u00eenement de football lorsque deux personnes lui ont [&hellip;]<\/p>\n","protected":false},"author":2,"featured_media":32716,"comment_status":"open","ping_status":"open","sticky":false,"template":"","format":"standard","meta":{"_jetpack_memberships_contains_paid_content":false,"footnotes":"","jetpack_publicize_message":"","jetpack_publicize_feature_enabled":true,"jetpack_social_post_already_shared":true,"jetpack_social_options":{"image_generator_settings":{"template":"highway","enabled":true,"token":"eyJpbWciOiJodHRwczpcL1wvd3d3LmljZWFnZXR2LmNvbVwvcmFkaW9zaXRlXC93cC1jb250ZW50XC91cGxvYWRzXC8yMDI1XC8wMVwvQ2FwdHVyZS1kZWNyYW4tMjAyNS0wMS0yNS0xNzQ2MTMtMTAyNHg0MTkucG5nIiwidHh0IjoiUGFyaXMgOiBVbiBhZG9sZXNjZW50IGRlIDE0IGFucyBlc3QgbW9ydCBjZSBtaWRpIGFwclx1MDBlOHMgYXZvaXIgXHUwMGU5dFx1MDBlOSBwb2lnbmFyZFx1MDBlOSBoaWVyIHNvaXIgcGFyIGRldXggbWluZXVycyBxdWkgdm91bGFpZW50IGx1aSB2b2xlciBzb24gdFx1MDBlOWxcdTAwZTlwaG9uZSBwb3J0YWJsZSAmIzgyMTE7IElscyBcdTAwZTl0YWllbnQgZFx1MDBlOWpcdTAwZTAgY29ubnVzIGRlIGxhIGp1c3RpY2UgcG91ciAmIzgyMjA7dm9sIGF2ZWMgdmlvbGVuY2UmIzgyMjE7IiwidGVtcGxhdGUiOiJoaWdod2F5IiwiYmxvZ19pZCI6MTExMDE2NDYxfQ.jBdxpo3A0Vpw568oGh3LzK26V4Pe7ZYSGzGDbu9GA9oMQ"},"version":2},"_wpas_customize_per_network":false},"categories":[405],"tags":[],"class_list":["post-32715","post","type-post","status-publish","format-standard","has-post-thumbnail","hentry","category-actu-france-monde"],"jetpack_publicize_connections":[],"jetpack_featured_media_url":"https:\/\/i0.wp.com\/www.iceagetv.com\/radiosite\/wp-content\/uploads\/2025\/01\/Capture-decran-2025-01-25-174613.png?fit=1102%2C451&ssl=1","jetpack_sharing_enabled":true,"_links":{"self":[{"href":"https:\/\/www.iceagetv.com\/radiosite\/wp-json\/wp\/v2\/posts\/32715","targetHints":{"allow":["GET"]}}],"collection":[{"href":"https:\/\/www.iceagetv.com\/radiosite\/wp-json\/wp\/v2\/posts"}],"about":[{"href":"https:\/\/www.iceagetv.com\/radiosite\/wp-json\/wp\/v2\/types\/post"}],"author":[{"embeddable":true,"href":"https:\/\/www.iceagetv.com\/radiosite\/wp-json\/wp\/v2\/users\/2"}],"replies":[{"embeddable":true,"href":"https:\/\/www.iceagetv.com\/radiosite\/wp-json\/wp\/v2\/comments?post=32715"}],"version-history":[{"count":1,"href":"https:\/\/www.iceagetv.com\/radiosite\/wp-json\/wp\/v2\/posts\/32715\/revisions"}],"predecessor-version":[{"id":32717,"href":"https:\/\/www.iceagetv.com\/radiosite\/wp-json\/wp\/v2\/posts\/32715\/revisions\/32717"}],"wp:featuredmedia":[{"embeddable":true,"href":"https:\/\/www.iceagetv.com\/radiosite\/wp-json\/wp\/v2\/media\/32716"}],"wp:attachment":[{"href":"https:\/\/www.iceagetv.com\/radiosite\/wp-json\/wp\/v2\/media?parent=32715"}],"wp:term":[{"taxonomy":"category","embeddable":true,"href":"https:\/\/www.iceagetv.com\/radiosite\/wp-json\/wp\/v2\/categories?post=32715"},{"taxonomy":"post_tag","embeddable":true,"href":"https:\/\/www.iceagetv.com\/radiosite\/wp-json\/wp\/v2\/tags?post=32715"}],"curies":[{"name":"wp","href":"https:\/\/api.w.org\/{rel}","templated":true}]}}