{"id":32730,"date":"2025-01-26T09:17:54","date_gmt":"2025-01-26T08:17:54","guid":{"rendered":"https:\/\/www.iceagetv.com\/radiosite\/?p=32730"},"modified":"2025-01-26T09:17:58","modified_gmt":"2025-01-26T08:17:58","slug":"tempete-herminia-quattendre-du-passage-de-la-perturbation-qui-touchera-la-france-dimanche","status":"publish","type":"post","link":"https:\/\/www.iceagetv.com\/radiosite\/tempete-herminia-quattendre-du-passage-de-la-perturbation-qui-touchera-la-france-dimanche\/","title":{"rendered":"Temp\u00eate Herminia : qu&rsquo;attendre du passage de la perturbation qui touchera la France dimanche ?"},"content":{"rendered":"\n<p class=\"\">M\u00e9t\u00e9o-France a plac\u00e9 quatre d\u00e9partements de l&rsquo;Ouest de la France en vigilance orange \u00ab\u00a0vent\u00a0\u00bb.Apr\u00e8s\u00a0Eowyn, une autre temp\u00eate va toucher la France. Venue de l&rsquo;oc\u00e9an Atlantique,<a href=\"https:\/\/www.francetvinfo.fr\/meteo\/tempete\/intemperies-la-tempete-herminia-va-frapper-la-cote-ouest-de-la-france_7036304.html\">\u00a0Herminia va souffler sur l&rsquo;ouest du pays<\/a>\u00a0dimanche 26 janvier et apporter son lot de pluie sur des sols d\u00e9j\u00e0 satur\u00e9s. La d\u00e9pression\u00a0<em>\u00ab\u00a0actuellement sur l&rsquo;Atlantique, au large de l&rsquo;Irlande, donnera des conditions \u00e0 nouveau tr\u00e8s perturb\u00e9es pour la journ\u00e9e de dimanche (vent et pluies, neige en altitude)\u00a0\u00bb<\/em>, pr\u00e9cise M\u00e9t\u00e9o-France dans un\u00a0<a href=\"https:\/\/vigilance.meteofrance.fr\/fr\/demain\" target=\"_blank\" rel=\"noreferrer noopener\">bulletin(Nouvelle fen\u00eatre)<\/a>\u00a0de vigilance.\u00a0Herminia, qui se trouvait samedi soir au sud de l&rsquo;Irlande, touchera principalement la fa\u00e7ade ouest du pays, notamment la Bretagne et le Sud-Ouest.&nbsp;Les C\u00f4tes-d&rsquo;Armor, le Finist\u00e8re, les Pyr\u00e9n\u00e9es-Atlantiques et les Hautes-Pyr\u00e9n\u00e9es&nbsp;<a href=\"https:\/\/www.francetvinfo.fr\/meteo\/la-mayenne-rejoint-le-calvados-et-l-ille-et-vilaine-en-vigilance-orange-en-raison-de-risques-de-crues_7036004.html\">seront plac\u00e9s en vigilance orange \u00ab\u00a0vent\u00a0\u00bb<\/a>&nbsp;d\u00e8s le matin. Le nord-ouest de l&rsquo;Espagne sera, lui aussi, soumis \u00e0 de forts vents.<\/p>\n\n\n\n<h2 class=\"wp-block-heading\">Des rafales jusqu&rsquo;\u00e0 130 km\/h en Bretagne<\/h2>\n\n\n\n<p class=\"\">En Bretagne, l&rsquo;institut m\u00e9t\u00e9orologique, s&rsquo;attend \u00e0 des rafales possibles d\u00e8s le matin \u00ab\u00a0<em>de l&rsquo;ordre de 130 km\/h sur les c\u00f4tes et voisines de 100 km\/h dans l&rsquo;int\u00e9rieur des terres\u00a0\u00bb<\/em>&nbsp;dans le Finist\u00e8re et les C\u00f4tes-d&rsquo;Armor.&nbsp;<em>\u00ab\u00a0Sur la pointe bretonne, les sols satur\u00e9s constituent un facteur aggravant\u00a0\u00bb<\/em>, poursuit le bulletin d&rsquo;alerte qui pr\u00e9cise que les&nbsp;<em>\u00ab\u00a0pr\u00e9cipitations se produisent \u00e0 nouveau sur des r\u00e9gions d\u00e9j\u00e0 impact\u00e9es ces derniers temps\u00a0\u00bb<\/em>.&nbsp;<\/p>\n\n\n\n<p class=\"\">Dans les Pyr\u00e9n\u00e9es, le vent pourra&nbsp;<em>\u00ab\u00a0atteindre \u00e0 la mi-journ\u00e9e des rafales temp\u00e9tueuses de 110 \u00e0 120 km\/h en moyenne montagne (au niveau des stations de ski) ainsi que localement en vall\u00e9es (&#8230;) Ces rafales peuvent d\u00e9passer les 150 km\/h sur certaines cr\u00eates ou cols expos\u00e9s\u00a0\u00bb<\/em>, pr\u00e9cise M\u00e9t\u00e9o-France.&nbsp;<\/p>\n\n\n\n<p class=\"\">Le vent se renforcera ensuite dans la soir\u00e9e. La temp\u00eate touchera \u00e9galement le centre-est de la France. M\u00e9t\u00e9o-France s&rsquo;attend \u00e0 de nouveaux vents forts sur les Pyr\u00e9n\u00e9es dans la nuit de dimanche \u00e0 lundi, selon son&nbsp;<a href=\"https:\/\/rpcache-aa.meteofrance.com\/internet2018client\/2.0\/report?domain=france&amp;report_type=vigilance&amp;report_subtype=jours%20suivants&amp;token=eyJ0eXAiOiJKV1QiLCJhbGciOiJIUzI1NiIsImV4cCI6MTczNzgyNDE3MH0.eyJqdGkiOiJkREdXdGhTTkoiLCJpYXQiOjE3Mzc4MjQxNzB9.CpvMIYdBefpHERKqUpfMoq-sIsB-kYLLAIrUHKc9TX0\" target=\"_blank\" rel=\"noreferrer noopener\">bulletin de pr\u00e9vision des ph\u00e9nom\u00e8nes dangereux(Nouvelle fen\u00eatre)<\/a>. L&rsquo;institut n&rsquo;exclut pas non plus de \u00ab\u00a0<em>fortes pr\u00e9cipitations du nord des Alpes-Maritimes aux Hautes-Alpes\u00a0\u00bb&nbsp;&nbsp;<\/em>lundi et appelle \u00e0 la surveillance&nbsp;<em>\u00ab\u00a0des fortes vagues sur la pointe bretonne malgr\u00e9 les coefficients de mar\u00e9e basse\u00a0\u00bb<\/em>.<\/p>\n","protected":false},"excerpt":{"rendered":"<p>M\u00e9t\u00e9o-France a plac\u00e9 quatre d\u00e9partements de l&rsquo;Ouest de la France en vigilance orange \u00ab\u00a0vent\u00a0\u00bb.Apr\u00e8s\u00a0Eowyn, une autre temp\u00eate va toucher la France. Venue de l&rsquo;oc\u00e9an Atlantique,\u00a0Herminia va souffler sur l&rsquo;ouest du pays\u00a0dimanche 26 janvier et apporter son lot de pluie sur des sols d\u00e9j\u00e0 satur\u00e9s. La d\u00e9pression\u00a0\u00ab\u00a0actuellement sur l&rsquo;Atlantique, au large de l&rsquo;Irlande, donnera des conditions [&hellip;]<\/p>\n","protected":false},"author":2,"featured_media":32731,"comment_status":"open","ping_status":"open","sticky":false,"template":"","format":"standard","meta":{"_jetpack_memberships_contains_paid_content":false,"footnotes":"","jetpack_publicize_message":"","jetpack_publicize_feature_enabled":true,"jetpack_social_post_already_shared":true,"jetpack_social_options":{"image_generator_settings":{"template":"highway","enabled":true,"token":"eyJpbWciOiJodHRwczpcL1wvd3d3LmljZWFnZXR2LmNvbVwvcmFkaW9zaXRlXC93cC1jb250ZW50XC91cGxvYWRzXC8yMDI1XC8wMVwvVGVtcGV0ZS1IZXJtaW5pYS0ucG5nIiwidHh0IjoiVGVtcFx1MDBlYXRlIEhlcm1pbmlhIDogcXUmIzgyMTc7YXR0ZW5kcmUgZHUgcGFzc2FnZSBkZSBsYSBwZXJ0dXJiYXRpb24gcXVpIHRvdWNoZXJhIGxhIEZyYW5jZSBkaW1hbmNoZSA_IiwidGVtcGxhdGUiOiJoaWdod2F5IiwiYmxvZ19pZCI6MTExMDE2NDYxfQ.Y2W5rtAY-gMd9rRJLAgwxwca2jLg6tu322frAcgsQbIMQ"},"version":2},"_wpas_customize_per_network":false},"categories":[14],"tags":[],"class_list":["post-32730","post","type-post","status-publish","format-standard","has-post-thumbnail","hentry","category-actu-meteo"],"jetpack_publicize_connections":[],"jetpack_featured_media_url":"https:\/\/i0.wp.com\/www.iceagetv.com\/radiosite\/wp-content\/uploads\/2025\/01\/Tempete-Herminia-.png?fit=1010%2C547&ssl=1","jetpack_sharing_enabled":true,"_links":{"self":[{"href":"https:\/\/www.iceagetv.com\/radiosite\/wp-json\/wp\/v2\/posts\/32730","targetHints":{"allow":["GET"]}}],"collection":[{"href":"https:\/\/www.iceagetv.com\/radiosite\/wp-json\/wp\/v2\/posts"}],"about":[{"href":"https:\/\/www.iceagetv.com\/radiosite\/wp-json\/wp\/v2\/types\/post"}],"author":[{"embeddable":true,"href":"https:\/\/www.iceagetv.com\/radiosite\/wp-json\/wp\/v2\/users\/2"}],"replies":[{"embeddable":true,"href":"https:\/\/www.iceagetv.com\/radiosite\/wp-json\/wp\/v2\/comments?post=32730"}],"version-history":[{"count":1,"href":"https:\/\/www.iceagetv.com\/radiosite\/wp-json\/wp\/v2\/posts\/32730\/revisions"}],"predecessor-version":[{"id":32732,"href":"https:\/\/www.iceagetv.com\/radiosite\/wp-json\/wp\/v2\/posts\/32730\/revisions\/32732"}],"wp:featuredmedia":[{"embeddable":true,"href":"https:\/\/www.iceagetv.com\/radiosite\/wp-json\/wp\/v2\/media\/32731"}],"wp:attachment":[{"href":"https:\/\/www.iceagetv.com\/radiosite\/wp-json\/wp\/v2\/media?parent=32730"}],"wp:term":[{"taxonomy":"category","embeddable":true,"href":"https:\/\/www.iceagetv.com\/radiosite\/wp-json\/wp\/v2\/categories?post=32730"},{"taxonomy":"post_tag","embeddable":true,"href":"https:\/\/www.iceagetv.com\/radiosite\/wp-json\/wp\/v2\/tags?post=32730"}],"curies":[{"name":"wp","href":"https:\/\/api.w.org\/{rel}","templated":true}]}}