{"id":32774,"date":"2025-01-28T11:24:43","date_gmt":"2025-01-28T10:24:43","guid":{"rendered":"https:\/\/www.iceagetv.com\/radiosite\/?p=32774"},"modified":"2025-01-28T11:24:47","modified_gmt":"2025-01-28T10:24:47","slug":"lancienne-presentatrice-meteo-de-tf1-catherine-laborde-est-decedee-a-lage-de-73-ans-annonce-sa-famille-elle-souffrait-dune-maladie-neurodegenerative-depuis-2014","status":"publish","type":"post","link":"https:\/\/www.iceagetv.com\/radiosite\/lancienne-presentatrice-meteo-de-tf1-catherine-laborde-est-decedee-a-lage-de-73-ans-annonce-sa-famille-elle-souffrait-dune-maladie-neurodegenerative-depuis-2014\/","title":{"rendered":"L&rsquo;ancienne pr\u00e9sentatrice m\u00e9t\u00e9o de TF1 Catherine Laborde est d\u00e9c\u00e9d\u00e9e \u00e0 l&rsquo;\u00e2ge de 73 ans, annonce sa famille &#8211; Elle souffrait d&rsquo;une maladie neurod\u00e9g\u00e9n\u00e9rative depuis 2014"},"content":{"rendered":"\n<p class=\"\">La pr\u00e9sentatrice m\u00e9t\u00e9o Catherine Laborde, figure populaire de TF1 entre 1988 et 2017 qui souffrait d&rsquo;une maladie neurod\u00e9g\u00e9n\u00e9rative depuis 2014, est d\u00e9c\u00e9d\u00e9e mardi \u00e0 73 ans, a annonc\u00e9 sa famille \u00e0 l&rsquo;AFP.<\/p>\n\n\n\n<p class=\"\">\u00ab\u00a0Tu es partie sereinement dans ta maison de l&rsquo;\u00eele d&rsquo;Yeu que tu aimais tant\u00a0\u00bb, a d\u00e9clar\u00e9 sa soeur, la journaliste Fran\u00e7oise Laborde, dans un message transmis \u00e0 l&rsquo;AFP. \u00ab\u00a0Genevi\u00e8ve et moi \u00e9tions avec toi la semaine derni\u00e8re, pour des rires entre soeurs\u00a0\u00bb, et \u00ab\u00a0tu nous as fait cet immense cadeau de nous offrir des derniers moments de conscience et de lucidit\u00e9\u00a0\u00bb, a-t-elle ajout\u00e9.<\/p>\n\n\n\n<p class=\"\">Voix \u00e0 la fois douce et gouailleuse, cheveux bruns coup\u00e9s courts, sourire solaire, Catherine Laborde a incarn\u00e9 la m\u00e9t\u00e9o sur la cha\u00eene priv\u00e9e la plus puissante d&rsquo;Europe pendant pr\u00e8s de 30 ans. Un r\u00f4le qu&rsquo;elle a partag\u00e9 avec d&rsquo;autres figures tr\u00e8s populaires comme Michel Cardoze, Alain Gillot-P\u00e9tr\u00e9 ou \u00c9velyne Dh\u00e9liat, jusqu&rsquo;\u00e0 son dernier bulletin, pr\u00e9sent\u00e9 le 1er janvier 2017, d&rsquo;un \u00ab\u00a0commun accord\u00a0\u00bb avec TF1, selon la cha\u00eene.<\/p>\n\n\n\n<p class=\"\">\u00ab\u00a0Je vous emporte avec moi. Vous m&rsquo;oublierez ? Moi non. Je vous aime\u00a0\u00bb, avait-elle lanc\u00e9, tr\u00e8s \u00e9mue, aux t\u00e9l\u00e9spectateurs ignorant tout de son \u00e9tat de sant\u00e9. L&rsquo;ann\u00e9e suivante, elle avait r\u00e9v\u00e9l\u00e9 souffrir d&rsquo;une maladie neurod\u00e9g\u00e9n\u00e9rative d\u00e9couverte d\u00e8s 2014, dans son livre \u00ab\u00a0Trembler\u00a0\u00bb. Alors qu&rsquo;on pensait d&rsquo;abord \u00e0 Parkinson, le diagnostic final a point\u00e9 une maladie proche, la d\u00e9mence \u00e0 corps de Lewy, qui a \u00e9galement des caract\u00e9ristiques communes avec Alzheimer.<\/p>\n\n\n\n<p class=\"\">N\u00e9e le 8 mai 1951 et form\u00e9e au Conservatoire d&rsquo;art dramatique de Bordeaux, apr\u00e8s une ma\u00eetrise d&rsquo;anglais, Catherine Laborde a d\u00e9but\u00e9 sur sc\u00e8ne au d\u00e9but des ann\u00e9es 1970 \u00e0 Paris en apparaissant dans une pi\u00e8ce de Louis-Ferdinand C\u00e9line, \u00ab\u00a0L&rsquo;\u00c9glise\u00a0\u00bb. Elle a ensuite encha\u00een\u00e9 de petits r\u00f4les au cin\u00e9ma, notamment sous la direction de Jean-Charles Tacchella, dans \u00ab\u00a0Cousin Cousine\u00a0\u00bb, \u00ab\u00a0Il y a longtemps que je t&rsquo;aime\u00a0\u00bb et \u00ab\u00a0Croque la vie\u00a0\u00bb.<\/p>\n\n\n\n<p class=\"\">Cette m\u00e8re de deux filles a \u00e9galement publi\u00e9 plusieurs ouvrages, dont deux abordant sans d\u00e9tour le libertinage et l&rsquo;infid\u00e9lit\u00e9, co-\u00e9crits avec son conjoint Thomas Stern. En 2020, les deux \u00e9poux avaient cosign\u00e9 le livre \u00ab\u00a0Amour malade\u00a0\u00bb, pour raconter leur combat.<\/p>\n","protected":false},"excerpt":{"rendered":"<p>La pr\u00e9sentatrice m\u00e9t\u00e9o Catherine Laborde, figure populaire de TF1 entre 1988 et 2017 qui souffrait d&rsquo;une maladie neurod\u00e9g\u00e9n\u00e9rative depuis 2014, est d\u00e9c\u00e9d\u00e9e mardi \u00e0 73 ans, a annonc\u00e9 sa famille \u00e0 l&rsquo;AFP. \u00ab\u00a0Tu es partie sereinement dans ta maison de l&rsquo;\u00eele d&rsquo;Yeu que tu aimais tant\u00a0\u00bb, a d\u00e9clar\u00e9 sa soeur, la journaliste Fran\u00e7oise Laborde, dans [&hellip;]<\/p>\n","protected":false},"author":2,"featured_media":32775,"comment_status":"open","ping_status":"open","sticky":false,"template":"","format":"standard","meta":{"_jetpack_memberships_contains_paid_content":false,"footnotes":"","jetpack_publicize_message":"","jetpack_publicize_feature_enabled":true,"jetpack_social_post_already_shared":true,"jetpack_social_options":{"image_generator_settings":{"template":"highway","enabled":true,"token":"eyJpbWciOiJodHRwczpcL1wvd3d3LmljZWFnZXR2LmNvbVwvcmFkaW9zaXRlXC93cC1jb250ZW50XC91cGxvYWRzXC8yMDI1XC8wMVwvQ2FwdHVyZS1kZWNyYW4tMjAyNS0wMS0yOC0xMTIzNDgucG5nIiwidHh0IjoiTCYjODIxNzthbmNpZW5uZSBwclx1MDBlOXNlbnRhdHJpY2UgbVx1MDBlOXRcdTAwZTlvIGRlIFRGMSBDYXRoZXJpbmUgTGFib3JkZSBlc3QgZFx1MDBlOWNcdTAwZTlkXHUwMGU5ZSBcdTAwZTAgbCYjODIxNztcdTAwZTJnZSBkZSA3MyBhbnMsIGFubm9uY2Ugc2EgZmFtaWxsZSAmIzgyMTE7IEVsbGUgc291ZmZyYWl0IGQmIzgyMTc7dW5lIG1hbGFkaWUgbmV1cm9kXHUwMGU5Z1x1MDBlOW5cdTAwZTlyYXRpdmUgZGVwdWlzIDIwMTQiLCJ0ZW1wbGF0ZSI6ImhpZ2h3YXkiLCJibG9nX2lkIjoxMTEwMTY0NjF9.xljhlCyU7qWyALM9FXpOqa1JH3pi66RKgfuD_8YPB7kMQ"},"version":2},"_wpas_customize_per_network":false},"categories":[68],"tags":[],"class_list":["post-32774","post","type-post","status-publish","format-standard","has-post-thumbnail","hentry","category-actu-culturelle"],"jetpack_publicize_connections":[],"jetpack_featured_media_url":"https:\/\/i0.wp.com\/www.iceagetv.com\/radiosite\/wp-content\/uploads\/2025\/01\/Capture-decran-2025-01-28-112348.png?fit=963%2C447&ssl=1","jetpack_sharing_enabled":true,"_links":{"self":[{"href":"https:\/\/www.iceagetv.com\/radiosite\/wp-json\/wp\/v2\/posts\/32774","targetHints":{"allow":["GET"]}}],"collection":[{"href":"https:\/\/www.iceagetv.com\/radiosite\/wp-json\/wp\/v2\/posts"}],"about":[{"href":"https:\/\/www.iceagetv.com\/radiosite\/wp-json\/wp\/v2\/types\/post"}],"author":[{"embeddable":true,"href":"https:\/\/www.iceagetv.com\/radiosite\/wp-json\/wp\/v2\/users\/2"}],"replies":[{"embeddable":true,"href":"https:\/\/www.iceagetv.com\/radiosite\/wp-json\/wp\/v2\/comments?post=32774"}],"version-history":[{"count":1,"href":"https:\/\/www.iceagetv.com\/radiosite\/wp-json\/wp\/v2\/posts\/32774\/revisions"}],"predecessor-version":[{"id":32776,"href":"https:\/\/www.iceagetv.com\/radiosite\/wp-json\/wp\/v2\/posts\/32774\/revisions\/32776"}],"wp:featuredmedia":[{"embeddable":true,"href":"https:\/\/www.iceagetv.com\/radiosite\/wp-json\/wp\/v2\/media\/32775"}],"wp:attachment":[{"href":"https:\/\/www.iceagetv.com\/radiosite\/wp-json\/wp\/v2\/media?parent=32774"}],"wp:term":[{"taxonomy":"category","embeddable":true,"href":"https:\/\/www.iceagetv.com\/radiosite\/wp-json\/wp\/v2\/categories?post=32774"},{"taxonomy":"post_tag","embeddable":true,"href":"https:\/\/www.iceagetv.com\/radiosite\/wp-json\/wp\/v2\/tags?post=32774"}],"curies":[{"name":"wp","href":"https:\/\/api.w.org\/{rel}","templated":true}]}}