{"id":32777,"date":"2025-01-28T13:11:44","date_gmt":"2025-01-28T12:11:44","guid":{"rendered":"https:\/\/www.iceagetv.com\/radiosite\/?p=32777"},"modified":"2025-01-28T13:11:48","modified_gmt":"2025-01-28T12:11:48","slug":"en-dominique-lepave-de-lavion-de-tourisme-a-ete-retrouvee","status":"publish","type":"post","link":"https:\/\/www.iceagetv.com\/radiosite\/en-dominique-lepave-de-lavion-de-tourisme-a-ete-retrouvee\/","title":{"rendered":"En Dominique, l&rsquo;\u00e9pave de l&rsquo;avion de tourisme a \u00e9t\u00e9 retrouv\u00e9e"},"content":{"rendered":"\n<p class=\"\"><strong>L&rsquo;avion de tourisme qui avait disparu ce dimanche apr\u00e8s midi, vient d&rsquo;etre retrouv\u00e9 dans la zone de la Plaine, au sud de la Dominique.\u00a0Le site a \u00e9t\u00e9 identifi\u00e9 sans signe de vie apparent aux abords de l&rsquo;\u00e9pave.<\/strong>L&rsquo;\u00e9pave de&nbsp;<a href=\"https:\/\/www.martinique.franceantilles.fr\/disparition-dun-avion-de-tourisme-entre-la-dominique-et-la-martinique-1021256.php\">l&rsquo;avion de tourisme disparu<\/a>&nbsp;avec quatre Martiniquais \u00e0 bord&nbsp;dans l&rsquo;apr\u00e8s-midi de dimanche, a&nbsp;\u00e9t\u00e9 retrouv\u00e9e. \u00ab\u00a0\u00c0 14 h 50, l&rsquo;h\u00e9licopt\u00e8re de la s\u00e9curit\u00e9 civile fran\u00e7aise, d\u00e9ploy\u00e9 par les autorit\u00e9s dominiquaises dans le cadre des recherches de l&rsquo;a\u00e9ronef disparu depuis dimanche, a localis\u00e9 l&rsquo;\u00e9pave de l&rsquo;avion\u00a0\u00bb selon la pr\u00e9fecture de Martinique.&nbsp;<\/p>\n\n\n\n<p class=\"\">\u00ab\u00a0Le site se trouve dans une zone particuli\u00e8rement escarp\u00e9e\u00a0\u00bb, pr\u00e9cise les autorit\u00e9s, \u00e0 \u00ab\u00a0environ 3 kilom\u00e8tres \u00e0 l&rsquo;ouest du village de La Plaine\u00a0\u00bb. Pour le moment, aucun signe de vie n&rsquo;a \u00e9t\u00e9 d\u00e9tect\u00e9 \u00e0 proximit\u00e9 de l&rsquo;\u00e9pave.<\/p>\n\n\n\n<p class=\"\">Des renforts envoy\u00e9s ?&nbsp;<\/p>\n\n\n\n<p class=\"\">Le commandant des op\u00e9rations de secours dominiquaises est actuellement en concertation avec les \u00e9quipes fran\u00e7aises sur place afin de d\u00e9terminer les prochaines \u00e9tapes de l&rsquo;intervention. De leur c\u00f4t\u00e9, les services de l\u2019\u00c9tat en Martinique sont pr\u00eats \u00e0 envoyer des renforts, en coordination avec les autorit\u00e9s de la Dominique.&nbsp;<\/p>\n\n\n\n<p class=\"\">Pour rappel, les quatre passagers \u00e0 bord de l&rsquo;a\u00e9ronef sont Martiniquais : le pilote, \u00e2g\u00e9 de 21 ans ; sa cousine et deux autres hommes : un quadrag\u00e9naire et un jeune d&rsquo;une vingtaine d&rsquo;ann\u00e9es. Pour l&rsquo;heure, les raisons de ce&nbsp;crash ne sont pas connues.&nbsp;<\/p>\n","protected":false},"excerpt":{"rendered":"<p>L&rsquo;avion de tourisme qui avait disparu ce dimanche apr\u00e8s midi, vient d&rsquo;etre retrouv\u00e9 dans la zone de la Plaine, au sud de la Dominique.\u00a0Le site a \u00e9t\u00e9 identifi\u00e9 sans signe de vie apparent aux abords de l&rsquo;\u00e9pave.L&rsquo;\u00e9pave de&nbsp;l&rsquo;avion de tourisme disparu&nbsp;avec quatre Martiniquais \u00e0 bord&nbsp;dans l&rsquo;apr\u00e8s-midi de dimanche, a&nbsp;\u00e9t\u00e9 retrouv\u00e9e. \u00ab\u00a0\u00c0 14 h 50, l&rsquo;h\u00e9licopt\u00e8re [&hellip;]<\/p>\n","protected":false},"author":2,"featured_media":32778,"comment_status":"open","ping_status":"open","sticky":false,"template":"","format":"standard","meta":{"_jetpack_memberships_contains_paid_content":false,"footnotes":"","jetpack_publicize_message":"","jetpack_publicize_feature_enabled":true,"jetpack_social_post_already_shared":true,"jetpack_social_options":{"image_generator_settings":{"template":"highway","enabled":true,"token":"eyJpbWciOiJodHRwczpcL1wvd3d3LmljZWFnZXR2LmNvbVwvcmFkaW9zaXRlXC93cC1jb250ZW50XC91cGxvYWRzXC8yMDI1XC8wMVwvaW1hZ2UtMi5qcGciLCJ0eHQiOiJFbiBEb21pbmlxdWUsIGwmIzgyMTc7XHUwMGU5cGF2ZSBkZSBsJiM4MjE3O2F2aW9uIGRlIHRvdXJpc21lIGEgXHUwMGU5dFx1MDBlOSByZXRyb3V2XHUwMGU5ZSIsInRlbXBsYXRlIjoiaGlnaHdheSIsImJsb2dfaWQiOjExMTAxNjQ2MX0._yfR3nNICs62LGJTUACPz_w5ikQY2Goux-Y6NRSuwXMMQ"},"version":2},"_wpas_customize_per_network":false},"categories":[2585],"tags":[],"class_list":["post-32777","post","type-post","status-publish","format-standard","has-post-thumbnail","hentry","category-actu-outre-mer"],"jetpack_publicize_connections":[],"jetpack_featured_media_url":"https:\/\/i0.wp.com\/www.iceagetv.com\/radiosite\/wp-content\/uploads\/2025\/01\/image-2.jpg?fit=1000%2C667&ssl=1","jetpack_sharing_enabled":true,"_links":{"self":[{"href":"https:\/\/www.iceagetv.com\/radiosite\/wp-json\/wp\/v2\/posts\/32777","targetHints":{"allow":["GET"]}}],"collection":[{"href":"https:\/\/www.iceagetv.com\/radiosite\/wp-json\/wp\/v2\/posts"}],"about":[{"href":"https:\/\/www.iceagetv.com\/radiosite\/wp-json\/wp\/v2\/types\/post"}],"author":[{"embeddable":true,"href":"https:\/\/www.iceagetv.com\/radiosite\/wp-json\/wp\/v2\/users\/2"}],"replies":[{"embeddable":true,"href":"https:\/\/www.iceagetv.com\/radiosite\/wp-json\/wp\/v2\/comments?post=32777"}],"version-history":[{"count":1,"href":"https:\/\/www.iceagetv.com\/radiosite\/wp-json\/wp\/v2\/posts\/32777\/revisions"}],"predecessor-version":[{"id":32779,"href":"https:\/\/www.iceagetv.com\/radiosite\/wp-json\/wp\/v2\/posts\/32777\/revisions\/32779"}],"wp:featuredmedia":[{"embeddable":true,"href":"https:\/\/www.iceagetv.com\/radiosite\/wp-json\/wp\/v2\/media\/32778"}],"wp:attachment":[{"href":"https:\/\/www.iceagetv.com\/radiosite\/wp-json\/wp\/v2\/media?parent=32777"}],"wp:term":[{"taxonomy":"category","embeddable":true,"href":"https:\/\/www.iceagetv.com\/radiosite\/wp-json\/wp\/v2\/categories?post=32777"},{"taxonomy":"post_tag","embeddable":true,"href":"https:\/\/www.iceagetv.com\/radiosite\/wp-json\/wp\/v2\/tags?post=32777"}],"curies":[{"name":"wp","href":"https:\/\/api.w.org\/{rel}","templated":true}]}}