{"id":32789,"date":"2025-01-29T08:39:57","date_gmt":"2025-01-29T07:39:57","guid":{"rendered":"https:\/\/www.iceagetv.com\/radiosite\/?p=32789"},"modified":"2025-01-29T08:40:01","modified_gmt":"2025-01-29T07:40:01","slug":"inflation-en-2024-les-francais-ont-continue-a-mettre-moins-darticles-dans-leur-panier-de-courses-selon-une-etude","status":"publish","type":"post","link":"https:\/\/www.iceagetv.com\/radiosite\/inflation-en-2024-les-francais-ont-continue-a-mettre-moins-darticles-dans-leur-panier-de-courses-selon-une-etude\/","title":{"rendered":"Inflation : en 2024, les Fran\u00e7ais ont continu\u00e9 \u00e0 \u00abmettre moins d&rsquo;articles\u00bb dans leur panier de courses selon une \u00e9tude"},"content":{"rendered":"\n<p class=\"\">Les habitudes prises lors de la flamb\u00e9e des prix de l&rsquo;alimentaire \u00ab\u00a0perdurent\u00a0\u00bb m\u00eame si l&rsquo;inflation s&rsquo;est calm\u00e9e depuis, note ce mercredi la soci\u00e9t\u00e9 de sondage Kantar. Le sp\u00e9cialiste indique que \u00ab\u00a0les d\u00e9penses des Fran\u00e7ais pour leurs achats du quotidien ont baiss\u00e9 de 0,9% entre 2023 et 2024\u00a0\u00bb, dans les supermarch\u00e9s de petite et grande taille, en drive ou dans les circuits sp\u00e9cialis\u00e9s.<\/p>\n\n\n\n<p class=\"\">Les habitudes prises lors de la flamb\u00e9e des prix de l&rsquo;alimentaire \u00ab\u00a0perdurent\u00a0\u00bb m\u00eame si l&rsquo;inflation s&rsquo;est calm\u00e9e depuis, et les consommateurs \u00ab\u00a0continuent \u00e0 mettre moins d&rsquo;articles dans leur panier\u00a0\u00bb de\u00a0courses, selon les donn\u00e9es de Kantar Worldpanel publi\u00e9es mercredi.Le sp\u00e9cialiste indique que \u00ab\u00a0les d\u00e9penses des Fran\u00e7ais pour leurs achats du quotidien ont baiss\u00e9 de 0,9% entre 2023 et 2024\u00a0\u00bb, dans les supermarch\u00e9s de petite et grande taille, en drive ou dans les circuits sp\u00e9cialis\u00e9s. Une variation significative dans un march\u00e9 des produits de grande consommation valoris\u00e9 \u00e0 120 milliards d&rsquo;euros de chiffre d&rsquo;affaires annuel.Pas d&rsquo;effondrement de la consommation, mais une reprise plus faible qu&rsquo;attendue<\/p>\n\n\n\n<p class=\"\">Dans le d\u00e9tail, les baisses de d\u00e9penses sont plus sensibles sur les produits d&rsquo;entretien (-1,8%), d&rsquo;hygi\u00e8ne beaut\u00e9 (-3,4%), les boissons (-3,4%) et les produits frais (-1,5%), selon ces m\u00eames donn\u00e9es. \u00ab\u00a0Les niveaux de prix restant sup\u00e9rieurs \u00e0 ceux de 2022, les consommateurs ne per\u00e7oivent pas la d\u00e9flation en cours depuis juin\u00a0\u00bb, analyse Kantar Worldpanel.\u00a0\u00bbIl n&rsquo;y a pas un effondrement mais pas non plus la reprise de consommation qui aurait pu \u00eatre attendue compte tenu de la d\u00e9flation des prix observ\u00e9e depuis cet \u00e9t\u00e9\u00a0\u00bb, a analys\u00e9 aupr\u00e8s de l&rsquo;AFP Ga\u00eblle Le Floch, Strategic Insight Director pour Kantar.<\/p>\n\n\n\n<h2 class=\"wp-block-heading\">20% des foyers ont du mal \u00e0 boucler les fins de mois<\/h2>\n\n\n\n<p class=\"\">Les habitudes prises pendant\u00a0<a href=\"https:\/\/www.europe1.fr\/dossiers\/coronavirus\" target=\"_blank\" rel=\"noreferrer noopener\">le Covid-19<\/a>\u00a0et l&rsquo;inflation, passages en caisse plus nombreux avec des paniers plus petits et plus garnis de produits \u00e0 marque distributeur (MDD), \u00ab\u00a0semblent se poursuivre\u00a0\u00bb, poursuit-elle. S&rsquo;y ajoutent des \u00ab\u00a0angoisses autour du pouvoir d&rsquo;achat et du pessimisme par rapport \u00e0 l&rsquo;avenir\u00a0\u00bb, a observ\u00e9 Mme Le Floch, \u00e9voquant une sorte de \u00ab\u00a0traumatisme des hausses de prix de l&rsquo;alimentation\u00a0\u00bb sup\u00e9rieur \u00e0 \u00ab\u00a0celui qui \u00e9tait connu depuis 30 ou 40 ans\u00a0\u00bb.T\u00e9moin d&rsquo;une fragmentation des achats &#8211; les consommateurs fr\u00e9quentent davantage d&rsquo;enseignes que par le pass\u00e9 -, la \u00ab\u00a0tr\u00e8s bonne ann\u00e9e\u00a0\u00bb des circuits sp\u00e9cialis\u00e9s qui concurrencent les supermarch\u00e9s g\u00e9n\u00e9ralistes, soit c\u00f4t\u00e9 tous petits prix comme Action, soit c\u00f4t\u00e9 offre premium de produits frais, comme par exemple Grand Frais.<\/p>\n\n\n\n<p class=\"\">Kantar observe aussi que \u00ab\u00a0la fracture se confirme en termes de classes sociales et de pouvoir d&rsquo;achat\u00a0\u00bb, et note que \u00ab\u00a020% des foyers ont du mal \u00e0 boucler les fins de mois\u00a0\u00bb. Parmi les consommateurs dont les achats ont le plus recul\u00e9, l&rsquo;entreprise cite \u00ab\u00a0les ouvriers, les agriculteurs, les professions interm\u00e9diaires et les familles avec enfants\u00a0\u00bb.<\/p>\n","protected":false},"excerpt":{"rendered":"<p>Les habitudes prises lors de la flamb\u00e9e des prix de l&rsquo;alimentaire \u00ab\u00a0perdurent\u00a0\u00bb m\u00eame si l&rsquo;inflation s&rsquo;est calm\u00e9e depuis, note ce mercredi la soci\u00e9t\u00e9 de sondage Kantar. Le sp\u00e9cialiste indique que \u00ab\u00a0les d\u00e9penses des Fran\u00e7ais pour leurs achats du quotidien ont baiss\u00e9 de 0,9% entre 2023 et 2024\u00a0\u00bb, dans les supermarch\u00e9s de petite et grande taille, [&hellip;]<\/p>\n","protected":false},"author":2,"featured_media":32790,"comment_status":"open","ping_status":"open","sticky":false,"template":"","format":"standard","meta":{"_jetpack_memberships_contains_paid_content":false,"footnotes":"","jetpack_publicize_message":"","jetpack_publicize_feature_enabled":true,"jetpack_social_post_already_shared":false,"jetpack_social_options":{"image_generator_settings":{"template":"highway","enabled":true,"token":"eyJpbWciOiJodHRwczpcL1wvd3d3LmljZWFnZXR2LmNvbVwvcmFkaW9zaXRlXC93cC1jb250ZW50XC91cGxvYWRzXC8yMDI1XC8wMVwvaW5mbGF0aW9uLnBuZyIsInR4dCI6IkluZmxhdGlvbiA6IGVuIDIwMjQsIGxlcyBGcmFuXHUwMGU3YWlzIG9udCBjb250aW51XHUwMGU5IFx1MDBlMCBcdTAwYWJtZXR0cmUgbW9pbnMgZCYjODIxNzthcnRpY2xlc1x1MDBiYiBkYW5zIGxldXIgcGFuaWVyIGRlIGNvdXJzZXMgc2Vsb24gdW5lIFx1MDBlOXR1ZGUiLCJ0ZW1wbGF0ZSI6ImhpZ2h3YXkiLCJibG9nX2lkIjoxMTEwMTY0NjF9.zfD9akuOzTdmMz6LWA4DGP6K_1zG51weHJe6JeR07kUMQ"},"version":2},"_wpas_customize_per_network":false},"categories":[405],"tags":[],"class_list":["post-32789","post","type-post","status-publish","format-standard","has-post-thumbnail","hentry","category-actu-france-monde"],"jetpack_publicize_connections":[],"jetpack_featured_media_url":"https:\/\/i0.wp.com\/www.iceagetv.com\/radiosite\/wp-content\/uploads\/2025\/01\/inflation.png?fit=848%2C445&ssl=1","jetpack_sharing_enabled":true,"_links":{"self":[{"href":"https:\/\/www.iceagetv.com\/radiosite\/wp-json\/wp\/v2\/posts\/32789","targetHints":{"allow":["GET"]}}],"collection":[{"href":"https:\/\/www.iceagetv.com\/radiosite\/wp-json\/wp\/v2\/posts"}],"about":[{"href":"https:\/\/www.iceagetv.com\/radiosite\/wp-json\/wp\/v2\/types\/post"}],"author":[{"embeddable":true,"href":"https:\/\/www.iceagetv.com\/radiosite\/wp-json\/wp\/v2\/users\/2"}],"replies":[{"embeddable":true,"href":"https:\/\/www.iceagetv.com\/radiosite\/wp-json\/wp\/v2\/comments?post=32789"}],"version-history":[{"count":1,"href":"https:\/\/www.iceagetv.com\/radiosite\/wp-json\/wp\/v2\/posts\/32789\/revisions"}],"predecessor-version":[{"id":32791,"href":"https:\/\/www.iceagetv.com\/radiosite\/wp-json\/wp\/v2\/posts\/32789\/revisions\/32791"}],"wp:featuredmedia":[{"embeddable":true,"href":"https:\/\/www.iceagetv.com\/radiosite\/wp-json\/wp\/v2\/media\/32790"}],"wp:attachment":[{"href":"https:\/\/www.iceagetv.com\/radiosite\/wp-json\/wp\/v2\/media?parent=32789"}],"wp:term":[{"taxonomy":"category","embeddable":true,"href":"https:\/\/www.iceagetv.com\/radiosite\/wp-json\/wp\/v2\/categories?post=32789"},{"taxonomy":"post_tag","embeddable":true,"href":"https:\/\/www.iceagetv.com\/radiosite\/wp-json\/wp\/v2\/tags?post=32789"}],"curies":[{"name":"wp","href":"https:\/\/api.w.org\/{rel}","templated":true}]}}