{"id":32796,"date":"2025-01-29T12:56:01","date_gmt":"2025-01-29T11:56:01","guid":{"rendered":"https:\/\/www.iceagetv.com\/radiosite\/?p=32796"},"modified":"2025-01-29T12:56:05","modified_gmt":"2025-01-29T11:56:05","slug":"le-comte-de-monte-cristo-avec-pierre-niney-fait-la-course-en-tete-pour-la-50e-ceremonie-des-cesar-avec-14-nominations-devant-lamour-ouf-puis-emilia-perez","status":"publish","type":"post","link":"https:\/\/www.iceagetv.com\/radiosite\/le-comte-de-monte-cristo-avec-pierre-niney-fait-la-course-en-tete-pour-la-50e-ceremonie-des-cesar-avec-14-nominations-devant-lamour-ouf-puis-emilia-perez\/","title":{"rendered":"\u00ab\u00a0Le comte de Monte-Cristo\u00a0\u00bb avec Pierre Niney fait la course en t\u00eate pour la 50e c\u00e9r\u00e9monie des C\u00e9sar, avec 14 nominations, devant \u00ab\u00a0L&rsquo;Amour ouf\u00a0\u00bb puis \u00ab\u00a0Emilia Perez\u00a0\u00bb"},"content":{"rendered":"\n<p class=\"\">Le comte de Monte-Cristo\u00a0\u00bb avec Pierre Niney fait la course en t\u00eate pour la 50e c\u00e9r\u00e9monie des C\u00e9sar, avec 14 nominations, devant \u00ab\u00a0L&rsquo;Amour ouf\u00a0\u00bb puis \u00ab\u00a0Emilia Perez\u00a0\u00bb, a annonc\u00e9 l&rsquo;Acad\u00e9mie mercredi.<\/p>\n\n\n\n<p class=\"\">Le film de Gilles Lellouche r\u00e9colte 13 nominations et la com\u00e9die musicale de Jacques Audiard en d\u00e9croche 12.<\/p>\n\n\n\n<p class=\"\">.<\/p>\n\n\n\n<p class=\"\"><strong>&#8211; Meilleure actrice<\/strong><\/p>\n\n\n\n<p class=\"\">Ad\u00e8le Exarchopoulos dans L&rsquo;Amour ouf<\/p>\n\n\n\n<p class=\"\">Karla Sof\u00eda Gasc\u00f3n dans Emilia P\u00e9rez<\/p>\n\n\n\n<p class=\"\">Hafsia Herzi dans Borgo<\/p>\n\n\n\n<p class=\"\">Zo\u00e9 Saldana dans Emilia P\u00e9rez<\/p>\n\n\n\n<p class=\"\">H\u00e9l\u00e8ne Vincent dans Quand vient l&rsquo;automne<\/p>\n\n\n\n<p class=\"\"><strong>&#8211; Meilleur acteur<\/strong><\/p>\n\n\n\n<p class=\"\">Fran\u00e7ois Civil dans L&rsquo;Amour ouf<\/p>\n\n\n\n<p class=\"\">Benjamin Lavernhe dans En Fanfare<\/p>\n\n\n\n<p class=\"\">Karim Leklou dans Le roman de Jim<\/p>\n\n\n\n<p class=\"\">Pierre Niney dans Le Comte de Monte-Cristo<\/p>\n\n\n\n<p class=\"\"><strong>&#8211; Meilleur film<\/strong><\/p>\n\n\n\n<p class=\"\">Le Comte de Monte-Cristo<\/p>\n\n\n\n<p class=\"\">Emilia P\u00e9rez<\/p>\n\n\n\n<p class=\"\">En Fanfare<\/p>\n\n\n\n<p class=\"\">L&rsquo;histoire de Souleymane<\/p>\n\n\n\n<p class=\"\">Mis\u00e9ricorde<\/p>\n\n\n\n<p class=\"\"><strong>&#8211; Meilleure r\u00e9alisation<\/strong><\/p>\n\n\n\n<p class=\"\">Gilles Lelouche pour L&rsquo;amour ouf<\/p>\n\n\n\n<p class=\"\">Matthieu Delaporte, Alexandre de la Patelli\u00e8re pour Le Comte de Monte-Cristo<\/p>\n\n\n\n<p class=\"\">Jacques Audiard pour Emilia P\u00e9rez<\/p>\n\n\n\n<p class=\"\">Boris Lojkine pour L&rsquo;histoire de Souleymane<\/p>\n\n\n\n<p class=\"\">Alain Guiraudie pour Mis\u00e9ricorde<\/p>\n\n\n\n<p class=\"\"><strong>&#8211; Meilleure actrice dans un second r\u00f4le<\/strong><\/p>\n\n\n\n<p class=\"\">Elodie Bouchez dans L&rsquo;amour ouf<\/p>\n\n\n\n<p class=\"\">Anais Demoustier dans Le Compte de Monte-Cristo<\/p>\n\n\n\n<p class=\"\">Catherine Frot dans Mis\u00e9ricorde<\/p>\n\n\n\n<p class=\"\">Nina Meurisse dans L&rsquo;histoire de Souleymane<\/p>\n\n\n\n<p class=\"\">Sarah Suco dans En Fanfare<\/p>\n\n\n\n<p class=\"\"><strong>&#8211; Meilleur acteur dans un second r\u00f4le<\/strong><\/p>\n\n\n\n<p class=\"\">David Alaya dans Mis\u00e9ricorde<\/p>\n\n\n\n<p class=\"\">Bastien Bouillon dans Le Comte de Monte-Cristo<\/p>\n\n\n\n<p class=\"\">Alain Chabat dans L&rsquo;amour ouf<\/p>\n\n\n\n<p class=\"\">Jacques Develay dans Mis\u00e9ricorde<\/p>\n\n\n\n<p class=\"\">Laurent Lafitte dans Le Comte de Monte-Cristo<\/p>\n\n\n\n<p class=\"\"><strong>&#8211; Meilleure r\u00e9v\u00e9lation f\u00e9minine<\/strong><\/p>\n\n\n\n<p class=\"\">Ma\u00efwenn Barthelemy dans Vingt Dieux<\/p>\n\n\n\n<p class=\"\">Malou Khebizi dans Diamant Brut<\/p>\n\n\n\n<p class=\"\">Megan Northam dans Rabia<\/p>\n\n\n\n<p class=\"\">Mallory Wanecque dans L&rsquo;amour ouf<\/p>\n\n\n\n<p class=\"\">Souheila Yacoub dans Plan\u00e8te B<\/p>\n\n\n\n<p class=\"\"><strong>&#8211; Meilleure r\u00e9v\u00e9lation masculine<\/strong><\/p>\n\n\n\n<p class=\"\">Abou Sangar\u00e9 dans L&rsquo;histoire de Souleymane<\/p>\n\n\n\n<p class=\"\">Adam Bessa dans Les Fant\u00f4mes<\/p>\n\n\n\n<p class=\"\">Malik Frikah dans L&rsquo;amour ouf<\/p>\n\n\n\n<p class=\"\">F\u00e9lix Kysyl dans Mis\u00e9ricorde<\/p>\n\n\n\n<p class=\"\">Pierre Lottin dans En Fanfare<\/p>\n\n\n\n<p class=\"\"><strong>&#8211;&nbsp;Meilleur sc\u00e9nario original<\/strong><\/p>\n\n\n\n<p class=\"\">St\u00e9phane Demoustier pour Borgo<\/p>\n\n\n\n<p class=\"\">Emmanuel Courcol, Ir\u00e8ne Muscari pour En Fanfare<\/p>\n\n\n\n<p class=\"\">Boris Lojkine, Delphine Agut pour L&rsquo;histoire de Souleymane<\/p>\n\n\n\n<p class=\"\">Alain Guiraudie pour Mis\u00e9ricorde<\/p>\n\n\n\n<p class=\"\">Louise Courvoisier, Th\u00e9o Abadie pour Vingt Dieux<\/p>\n","protected":false},"excerpt":{"rendered":"<p>Le comte de Monte-Cristo\u00a0\u00bb avec Pierre Niney fait la course en t\u00eate pour la 50e c\u00e9r\u00e9monie des C\u00e9sar, avec 14 nominations, devant \u00ab\u00a0L&rsquo;Amour ouf\u00a0\u00bb puis \u00ab\u00a0Emilia Perez\u00a0\u00bb, a annonc\u00e9 l&rsquo;Acad\u00e9mie mercredi. Le film de Gilles Lellouche r\u00e9colte 13 nominations et la com\u00e9die musicale de Jacques Audiard en d\u00e9croche 12. . &#8211; Meilleure actrice Ad\u00e8le Exarchopoulos [&hellip;]<\/p>\n","protected":false},"author":2,"featured_media":32797,"comment_status":"open","ping_status":"open","sticky":false,"template":"","format":"standard","meta":{"_jetpack_memberships_contains_paid_content":false,"footnotes":"","jetpack_publicize_message":"","jetpack_publicize_feature_enabled":true,"jetpack_social_post_already_shared":true,"jetpack_social_options":{"image_generator_settings":{"template":"highway","enabled":true,"token":"eyJpbWciOiJodHRwczpcL1wvd3d3LmljZWFnZXR2LmNvbVwvcmFkaW9zaXRlXC93cC1jb250ZW50XC91cGxvYWRzXC8yMDI1XC8wMVwvMTI1NDIzLnBuZyIsInR4dCI6IiYjODIyMDtMZSBjb210ZSBkZSBNb250ZS1DcmlzdG8mIzgyMjE7IGF2ZWMgUGllcnJlIE5pbmV5IGZhaXQgbGEgY291cnNlIGVuIHRcdTAwZWF0ZSBwb3VyIGxhIDUwZSBjXHUwMGU5clx1MDBlOW1vbmllIGRlcyBDXHUwMGU5c2FyLCBhdmVjIDE0IG5vbWluYXRpb25zLCBkZXZhbnQgJiM4MjIwO0wmIzgyMTc7QW1vdXIgb3VmJiM4MjIxOyBwdWlzICYjODIyMDtFbWlsaWEgUGVyZXomIzgyMjE7IiwidGVtcGxhdGUiOiJoaWdod2F5IiwiYmxvZ19pZCI6MTExMDE2NDYxfQ.dRznMxmiQ6o1Gpz4AGjzEGG-4qUjnNKMK12lVgoOfXMMQ"},"version":2},"_wpas_customize_per_network":false},"categories":[68],"tags":[],"class_list":["post-32796","post","type-post","status-publish","format-standard","has-post-thumbnail","hentry","category-actu-culturelle"],"jetpack_publicize_connections":[],"jetpack_featured_media_url":"https:\/\/i0.wp.com\/www.iceagetv.com\/radiosite\/wp-content\/uploads\/2025\/01\/125423.png?fit=757%2C318&ssl=1","jetpack_sharing_enabled":true,"_links":{"self":[{"href":"https:\/\/www.iceagetv.com\/radiosite\/wp-json\/wp\/v2\/posts\/32796","targetHints":{"allow":["GET"]}}],"collection":[{"href":"https:\/\/www.iceagetv.com\/radiosite\/wp-json\/wp\/v2\/posts"}],"about":[{"href":"https:\/\/www.iceagetv.com\/radiosite\/wp-json\/wp\/v2\/types\/post"}],"author":[{"embeddable":true,"href":"https:\/\/www.iceagetv.com\/radiosite\/wp-json\/wp\/v2\/users\/2"}],"replies":[{"embeddable":true,"href":"https:\/\/www.iceagetv.com\/radiosite\/wp-json\/wp\/v2\/comments?post=32796"}],"version-history":[{"count":1,"href":"https:\/\/www.iceagetv.com\/radiosite\/wp-json\/wp\/v2\/posts\/32796\/revisions"}],"predecessor-version":[{"id":32798,"href":"https:\/\/www.iceagetv.com\/radiosite\/wp-json\/wp\/v2\/posts\/32796\/revisions\/32798"}],"wp:featuredmedia":[{"embeddable":true,"href":"https:\/\/www.iceagetv.com\/radiosite\/wp-json\/wp\/v2\/media\/32797"}],"wp:attachment":[{"href":"https:\/\/www.iceagetv.com\/radiosite\/wp-json\/wp\/v2\/media?parent=32796"}],"wp:term":[{"taxonomy":"category","embeddable":true,"href":"https:\/\/www.iceagetv.com\/radiosite\/wp-json\/wp\/v2\/categories?post=32796"},{"taxonomy":"post_tag","embeddable":true,"href":"https:\/\/www.iceagetv.com\/radiosite\/wp-json\/wp\/v2\/tags?post=32796"}],"curies":[{"name":"wp","href":"https:\/\/api.w.org\/{rel}","templated":true}]}}