{"id":32806,"date":"2025-01-29T18:58:19","date_gmt":"2025-01-29T17:58:19","guid":{"rendered":"https:\/\/www.iceagetv.com\/radiosite\/?p=32806"},"modified":"2025-01-29T18:58:23","modified_gmt":"2025-01-29T17:58:23","slug":"la-justice-francaise-suspend-ce-soir-lexpulsion-de-linfluenceur-algerien-doualemn-vers-lalgerie-il-avait-ete-interpelle-apres-avoir-appele-au-meurtre-dun-militant-contre-le-regime-algeri","status":"publish","type":"post","link":"https:\/\/www.iceagetv.com\/radiosite\/la-justice-francaise-suspend-ce-soir-lexpulsion-de-linfluenceur-algerien-doualemn-vers-lalgerie-il-avait-ete-interpelle-apres-avoir-appele-au-meurtre-dun-militant-contre-le-regime-algeri\/","title":{"rendered":"La justice fran\u00e7aise suspend ce soir l&rsquo;expulsion de l&rsquo;influenceur alg\u00e9rien \u00ab\u00a0Doualemn\u00a0\u00bb vers l&rsquo;Alg\u00e9rie &#8211; Il avait \u00e9t\u00e9 interpell\u00e9 apr\u00e8s avoir appel\u00e9 au meurtre d&rsquo;un militant contre le r\u00e9gime alg\u00e9rien"},"content":{"rendered":"\n<p class=\"\">La justice fran\u00e7aise a suspendu ce soir&nbsp; l\u2019expulsion de l\u2019influenceur Doualemn vers l\u2019Alg\u00e9rie. Connu sous le nom d\u2019Ami Boualem, ainsi que celui de \u00ab Doualemn \u00bb, l\u2019Alg\u00e9rien de 59 ans, qui compte 168 000 abonn\u00e9s sur TikTok, a \u00e9t\u00e9 interpell\u00e9 le 5 janvier \u00e0 Montpellier (H\u00e9rault), et plac\u00e9 en centre de r\u00e9tention administrative (CRA) \u00e0 N\u00eemes (Fard).<\/p>\n\n\n\n<p class=\"\">Il avait \u00e9t\u00e9 interpell\u00e9 apr\u00e8s avoir appel\u00e9 au meurtre d&rsquo;un militant ayant manifest\u00e9 contre le r\u00e9gime alg\u00e9rien.&nbsp;Il faisait l&rsquo;objet d&rsquo;un signalement aupr\u00e8s de la justice par Micha\u00ebl Delafosse, le maire de la ville.&nbsp;Le commissariat de Montpellier avait ouvert&nbsp;une enqu\u00eate du chef de provocation publique et directe&nbsp;et non suivie d&rsquo;effet \u00e0 commettre un crime.&nbsp;<\/p>\n\n\n\n<p class=\"\">Le 9 janvier, arr\u00eat\u00e9 d\u2019expulsion en poche, Boualem N. \u00e9tait escort\u00e9 \u00e0 Paris et mis dans un avion \u00e0 destination de son pays d\u2019origine. Mais l\u2019Alg\u00e9rie l\u2019a refus\u00e9, et m\u00eame \u00ab interdit de territoire \u00bb, selon le minist\u00e8re de l\u2019Int\u00e9rieur. \u00c0 peine rentr\u00e9 en France, il a \u00e9t\u00e9 plac\u00e9 au CRA du Mesnil-Amelot (Seine-et-Marne).<\/p>\n\n\n\n<p class=\"\">Dans une vid\u00e9o s\u2019adressant \u00e0 des personnes qui avaient voulu manifester contre le r\u00e9gime alg\u00e9rien le 1er janvier, il appelait \u00e0 \u00ab donner une s\u00e9v\u00e8re correction \u00e0 un homme semblant r\u00e9sider en Alg\u00e9rie&nbsp;<\/p>\n","protected":false},"excerpt":{"rendered":"<p>La justice fran\u00e7aise a suspendu ce soir&nbsp; l\u2019expulsion de l\u2019influenceur Doualemn vers l\u2019Alg\u00e9rie. Connu sous le nom d\u2019Ami Boualem, ainsi que celui de \u00ab Doualemn \u00bb, l\u2019Alg\u00e9rien de 59 ans, qui compte 168 000 abonn\u00e9s sur TikTok, a \u00e9t\u00e9 interpell\u00e9 le 5 janvier \u00e0 Montpellier (H\u00e9rault), et plac\u00e9 en centre de r\u00e9tention administrative (CRA) \u00e0 [&hellip;]<\/p>\n","protected":false},"author":2,"featured_media":32807,"comment_status":"open","ping_status":"open","sticky":false,"template":"","format":"standard","meta":{"_jetpack_memberships_contains_paid_content":false,"footnotes":"","jetpack_publicize_message":"","jetpack_publicize_feature_enabled":true,"jetpack_social_post_already_shared":false,"jetpack_social_options":{"image_generator_settings":{"template":"highway","enabled":true,"token":"eyJpbWciOiJodHRwczpcL1wvd3d3LmljZWFnZXR2LmNvbVwvcmFkaW9zaXRlXC93cC1jb250ZW50XC91cGxvYWRzXC8yMDI1XC8wMVwvMTg1NjA1LTEwMjR4NDM2LnBuZyIsInR4dCI6IkxhIGp1c3RpY2UgZnJhblx1MDBlN2Fpc2Ugc3VzcGVuZCBjZSBzb2lyIGwmIzgyMTc7ZXhwdWxzaW9uIGRlIGwmIzgyMTc7aW5mbHVlbmNldXIgYWxnXHUwMGU5cmllbiAmIzgyMjA7RG91YWxlbW4mIzgyMjE7IHZlcnMgbCYjODIxNztBbGdcdTAwZTlyaWUgJiM4MjExOyBJbCBhdmFpdCBcdTAwZTl0XHUwMGU5IGludGVycGVsbFx1MDBlOSBhcHJcdTAwZThzIGF2b2lyIGFwcGVsXHUwMGU5IGF1IG1ldXJ0cmUgZCYjODIxNzt1biBtaWxpdGFudCBjb250cmUgbGUgclx1MDBlOWdpbWUgYWxnXHUwMGU5cmllbiIsInRlbXBsYXRlIjoiaGlnaHdheSIsImJsb2dfaWQiOjExMTAxNjQ2MX0.pkeyJuoiUNYFo8RZMhKVzu6sfS1EUAzfbV2H38wbffcMQ"},"version":2},"_wpas_customize_per_network":false},"categories":[405],"tags":[],"class_list":["post-32806","post","type-post","status-publish","format-standard","has-post-thumbnail","hentry","category-actu-france-monde"],"jetpack_publicize_connections":[],"jetpack_featured_media_url":"https:\/\/i0.wp.com\/www.iceagetv.com\/radiosite\/wp-content\/uploads\/2025\/01\/185605.png?fit=1060%2C451&ssl=1","jetpack_sharing_enabled":true,"_links":{"self":[{"href":"https:\/\/www.iceagetv.com\/radiosite\/wp-json\/wp\/v2\/posts\/32806","targetHints":{"allow":["GET"]}}],"collection":[{"href":"https:\/\/www.iceagetv.com\/radiosite\/wp-json\/wp\/v2\/posts"}],"about":[{"href":"https:\/\/www.iceagetv.com\/radiosite\/wp-json\/wp\/v2\/types\/post"}],"author":[{"embeddable":true,"href":"https:\/\/www.iceagetv.com\/radiosite\/wp-json\/wp\/v2\/users\/2"}],"replies":[{"embeddable":true,"href":"https:\/\/www.iceagetv.com\/radiosite\/wp-json\/wp\/v2\/comments?post=32806"}],"version-history":[{"count":1,"href":"https:\/\/www.iceagetv.com\/radiosite\/wp-json\/wp\/v2\/posts\/32806\/revisions"}],"predecessor-version":[{"id":32808,"href":"https:\/\/www.iceagetv.com\/radiosite\/wp-json\/wp\/v2\/posts\/32806\/revisions\/32808"}],"wp:featuredmedia":[{"embeddable":true,"href":"https:\/\/www.iceagetv.com\/radiosite\/wp-json\/wp\/v2\/media\/32807"}],"wp:attachment":[{"href":"https:\/\/www.iceagetv.com\/radiosite\/wp-json\/wp\/v2\/media?parent=32806"}],"wp:term":[{"taxonomy":"category","embeddable":true,"href":"https:\/\/www.iceagetv.com\/radiosite\/wp-json\/wp\/v2\/categories?post=32806"},{"taxonomy":"post_tag","embeddable":true,"href":"https:\/\/www.iceagetv.com\/radiosite\/wp-json\/wp\/v2\/tags?post=32806"}],"curies":[{"name":"wp","href":"https:\/\/api.w.org\/{rel}","templated":true}]}}