{"id":32815,"date":"2025-01-30T11:29:47","date_gmt":"2025-01-30T10:29:47","guid":{"rendered":"https:\/\/www.iceagetv.com\/radiosite\/?p=32815"},"modified":"2025-01-30T11:29:51","modified_gmt":"2025-01-30T10:29:51","slug":"eure-et-loir-un-eleve-tue-et-une-quarantaine-de-blesses-dans-un-accident-de-car-scolaire-a-chateaudun-selon-un-bilan-provisoire-de-la-prefecture","status":"publish","type":"post","link":"https:\/\/www.iceagetv.com\/radiosite\/eure-et-loir-un-eleve-tue-et-une-quarantaine-de-blesses-dans-un-accident-de-car-scolaire-a-chateaudun-selon-un-bilan-provisoire-de-la-prefecture\/","title":{"rendered":"Eure-et-Loir: Un \u00e9l\u00e8ve tu\u00e9 et une quarantaine de bless\u00e9s dans un accident de car scolaire \u00e0 Ch\u00e2teaudun, selon un bilan provisoire de la pr\u00e9fecture"},"content":{"rendered":"\n<p class=\"\">La ministre de l&rsquo;Education Elisabeth Borne vient de poster un message sur son compte X. \u00ab\u00a0C\u2019est avec une vive \u00e9motion et une immense tristesse que j\u2019ai appris, depuis Mayotte, le d\u00e9c\u00e8s d\u2019une lyc\u00e9enne de Ch\u00e2teaudun dans un accident de bus scolaire survenu ce matin, qui a \u00e9galement fait plusieurs bless\u00e9s parmi les \u00e9l\u00e8ves transport\u00e9s\u00a0\u00bb, \u00e9crit-elle sur le r\u00e9seau social.&nbsp;<\/p>\n\n\n\n<p class=\"\">Et d&rsquo;ajouter : \u00ab\u00a0J\u2019adresse mes plus sinc\u00e8res condol\u00e9ances \u00e0 sa famille et \u00e0 ses proches. J&rsquo;exprime tout mon soutien aux \u00e9l\u00e8ves et \u00e0 la communaut\u00e9 \u00e9ducative. Je suis avec attention l&rsquo;\u00e9volution de l&rsquo;\u00e9tat de sant\u00e9 des bless\u00e9s. Je me rendrai aupr\u00e8s de la communaut\u00e9 scolaire du lyc\u00e9e \u00c9mile Zola lundi matin\u00a0\u00bb.Les causes de l\u2019accident sont inconnues. Car couch\u00e9 sur la voie, il s\u2019agit du seul v\u00e9hicule impliqu\u00e9\u00a0\u00bb, a indiqu\u00e9 la pr\u00e9fecture d\u2019Eure-et-Loir, dans un communiqu\u00e9.<strong>Le point sur ce que l&rsquo;on sait<\/strong><\/p>\n\n\n\n<p class=\"\">Un \u00e9l\u00e8ve a \u00e9t\u00e9 tu\u00e9 et une quarantaine de personnes bless\u00e9es, dont 31 \u00e9l\u00e8ves, dans un accident de car scolaire jeudi matin \u00e0 proximit\u00e9 de Ch\u00e2teaudun (Eure-et-Loir), a annonc\u00e9 la pr\u00e9fecture dans un communiqu\u00e9.<\/p>\n\n\n\n<p class=\"\">\u00ab&nbsp;Ce matin, un peu avant 8H00, un car scolaire des transports R\u00e9mi a eu un accident de la route sur la D927, \u00e0 proximit\u00e9 de Ch\u00e2teaudun. Les causes de l\u2019accident sont inconnues. Car couch\u00e9 sur la voie, il s\u2019agit du seul v\u00e9hicule impliqu\u00e9&nbsp;\u00bb, a indiqu\u00e9 la pr\u00e9fecture d\u2019Eure-et-Loir.<\/p>\n\n\n\n<p class=\"\">Le bilan, qui reste provisoire, est d\u2019une quarantaine de bless\u00e9s l\u00e9gers, dont 31 \u00e9l\u00e8ves et d\u2019un \u00e9l\u00e8ve d\u00e9c\u00e9d\u00e9. Six v\u00e9hicules et une quarantaine de sapeurs-pompiers sont sur place, a ajout\u00e9 la pr\u00e9fecture. Un poste m\u00e9dical avanc\u00e9 a \u00e9t\u00e9 d\u00e9ploy\u00e9 \u00e0 proximit\u00e9 de l\u2019accident, dans un centre de secours, \u00ab&nbsp;pour prendre en charge les victimes, avec le Samu&nbsp;\u00bb.<\/p>\n\n\n\n<p class=\"\">Une cellule d\u2019urgence m\u00e9dico-psychologique a aussi \u00e9t\u00e9 activ\u00e9e \u00ab\u00a0en soutien des victimes et de leurs proches\u00a0\u00bb. L\u2019enqu\u00eate devra d\u00e9terminer les causes de l\u2019accident.Six v\u00e9hicules et une quarantaine de sapeurs-pompiers sont sur place, a ajout\u00e9 la pr\u00e9fecture. Un poste m\u00e9dical avanc\u00e9 a \u00e9t\u00e9 d\u00e9ploy\u00e9 \u00e0 proximit\u00e9 de l\u2019accident, dans un centre de secours, \u00ab pour prendre en charge les victimes, avec le Samu \u00bb.\u00a0Ce matin, un peu avant 8H00, un car scolaire des transports R\u00e9mi a eu un accident de la route sur la D927, \u00e0 proximit\u00e9 de Ch\u00e2teaudun. Les causes de l\u2019accident sont inconnues. Car couch\u00e9 sur la voie, il s\u2019agit du seul v\u00e9hicule impliqu\u00e9 \u00bb, a indiqu\u00e9 la pr\u00e9fecture d\u2019Eure-et-Loir.<\/p>\n","protected":false},"excerpt":{"rendered":"<p>La ministre de l&rsquo;Education Elisabeth Borne vient de poster un message sur son compte X. \u00ab\u00a0C\u2019est avec une vive \u00e9motion et une immense tristesse que j\u2019ai appris, depuis Mayotte, le d\u00e9c\u00e8s d\u2019une lyc\u00e9enne de Ch\u00e2teaudun dans un accident de bus scolaire survenu ce matin, qui a \u00e9galement fait plusieurs bless\u00e9s parmi les \u00e9l\u00e8ves transport\u00e9s\u00a0\u00bb, \u00e9crit-elle [&hellip;]<\/p>\n","protected":false},"author":2,"featured_media":32816,"comment_status":"open","ping_status":"open","sticky":false,"template":"","format":"standard","meta":{"_jetpack_memberships_contains_paid_content":false,"footnotes":"","jetpack_publicize_message":"","jetpack_publicize_feature_enabled":true,"jetpack_social_post_already_shared":true,"jetpack_social_options":{"image_generator_settings":{"template":"highway","enabled":true,"token":"eyJpbWciOiJodHRwczpcL1wvd3d3LmljZWFnZXR2LmNvbVwvcmFkaW9zaXRlXC93cC1jb250ZW50XC91cGxvYWRzXC8yMDI1XC8wMVwvMjgyNi5wbmciLCJ0eHQiOiJFdXJlLWV0LUxvaXI6IFVuIFx1MDBlOWxcdTAwZTh2ZSB0dVx1MDBlOSBldCB1bmUgcXVhcmFudGFpbmUgZGUgYmxlc3NcdTAwZTlzIGRhbnMgdW4gYWNjaWRlbnQgZGUgY2FyIHNjb2xhaXJlIFx1MDBlMCBDaFx1MDBlMnRlYXVkdW4sIHNlbG9uIHVuIGJpbGFuIHByb3Zpc29pcmUgZGUgbGEgcHJcdTAwZTlmZWN0dXJlIiwidGVtcGxhdGUiOiJoaWdod2F5IiwiYmxvZ19pZCI6MTExMDE2NDYxfQ.xk37HnQtILuCjze26d7PIn5hcAzDGnysUfiMkpxViEEMQ"},"version":2},"_wpas_customize_per_network":false},"categories":[405],"tags":[],"class_list":["post-32815","post","type-post","status-publish","format-standard","has-post-thumbnail","hentry","category-actu-france-monde"],"jetpack_publicize_connections":[],"jetpack_featured_media_url":"https:\/\/i0.wp.com\/www.iceagetv.com\/radiosite\/wp-content\/uploads\/2025\/01\/2826.png?fit=767%2C318&ssl=1","jetpack_sharing_enabled":true,"_links":{"self":[{"href":"https:\/\/www.iceagetv.com\/radiosite\/wp-json\/wp\/v2\/posts\/32815","targetHints":{"allow":["GET"]}}],"collection":[{"href":"https:\/\/www.iceagetv.com\/radiosite\/wp-json\/wp\/v2\/posts"}],"about":[{"href":"https:\/\/www.iceagetv.com\/radiosite\/wp-json\/wp\/v2\/types\/post"}],"author":[{"embeddable":true,"href":"https:\/\/www.iceagetv.com\/radiosite\/wp-json\/wp\/v2\/users\/2"}],"replies":[{"embeddable":true,"href":"https:\/\/www.iceagetv.com\/radiosite\/wp-json\/wp\/v2\/comments?post=32815"}],"version-history":[{"count":1,"href":"https:\/\/www.iceagetv.com\/radiosite\/wp-json\/wp\/v2\/posts\/32815\/revisions"}],"predecessor-version":[{"id":32817,"href":"https:\/\/www.iceagetv.com\/radiosite\/wp-json\/wp\/v2\/posts\/32815\/revisions\/32817"}],"wp:featuredmedia":[{"embeddable":true,"href":"https:\/\/www.iceagetv.com\/radiosite\/wp-json\/wp\/v2\/media\/32816"}],"wp:attachment":[{"href":"https:\/\/www.iceagetv.com\/radiosite\/wp-json\/wp\/v2\/media?parent=32815"}],"wp:term":[{"taxonomy":"category","embeddable":true,"href":"https:\/\/www.iceagetv.com\/radiosite\/wp-json\/wp\/v2\/categories?post=32815"},{"taxonomy":"post_tag","embeddable":true,"href":"https:\/\/www.iceagetv.com\/radiosite\/wp-json\/wp\/v2\/tags?post=32815"}],"curies":[{"name":"wp","href":"https:\/\/api.w.org\/{rel}","templated":true}]}}