{"id":32821,"date":"2025-01-30T15:11:35","date_gmt":"2025-01-30T14:11:35","guid":{"rendered":"https:\/\/www.iceagetv.com\/radiosite\/?p=32821"},"modified":"2025-01-30T15:11:39","modified_gmt":"2025-01-30T14:11:39","slug":"accusations-de-viol-la-cour-dappel-de-paris-a-confirme-aujourdhui-le-non-lieu-pour-le-comedien-et-humoriste-ary-abittan","status":"publish","type":"post","link":"https:\/\/www.iceagetv.com\/radiosite\/accusations-de-viol-la-cour-dappel-de-paris-a-confirme-aujourdhui-le-non-lieu-pour-le-comedien-et-humoriste-ary-abittan\/","title":{"rendered":"Accusations de viol: La cour d&rsquo;appel de Paris a confirm\u00e9 aujourd&rsquo;hui le non-lieu pour le com\u00e9dien et humoriste Ary Abittan"},"content":{"rendered":"\n<p class=\"\">La cour d&rsquo;appel de Paris a confirm\u00e9 jeudi le non-lieu dont a b\u00e9n\u00e9fici\u00e9 le com\u00e9dien et humoriste Ary Abittan, vis\u00e9 par la plainte d&rsquo;une femme pour viol en 2021, a appris l&rsquo;AFP de sources proches du dossier.<\/p>\n\n\n\n<p class=\"\">Depuis le d\u00e9but de l&rsquo;\u00e9claircie judiciaire le concernant, l&rsquo;acteur a repris ses spectacles, qui ont encore r\u00e9cemment \u00e9t\u00e9 \u00e9maill\u00e9s de manifestations f\u00e9ministes, notamment \u00e0 l&rsquo;appel du collectif #NousToutes demandant l&rsquo;annulation de certaines dates. L&rsquo;acteur de \u00ab\u00a0Qu&rsquo;est-ce qu&rsquo;on a fait au bon Dieu ?\u00a0\u00bb doit par exemple se produire fin f\u00e9vrier \u00e0 Paris.<\/p>\n\n\n\n<p class=\"\">\u00ab\u00a0La justice a consid\u00e9r\u00e9 qu&rsquo;Ary Abittan est innocent, apr\u00e8s une instruction de plus de trois ans. Les sept magistrats qui ont eu \u00e0 statuer sur ce dossier sont unanimes. D\u00e9sormais, il n&rsquo;y \u00e0 aucune place au doute sur l&rsquo;innocence de mon client\u00a0\u00bb, s&rsquo;est f\u00e9licit\u00e9e Me Caroline Toby. Sollicit\u00e9es, les avocates de la plaignante n&rsquo;ont pas r\u00e9agi dans l&rsquo;imm\u00e9diat sur cette d\u00e9cision de la cour d&rsquo;appel conforme aux r\u00e9quisitions du parquet g\u00e9n\u00e9ral, formul\u00e9es lors d&rsquo;une audience le 19 d\u00e9cembre.<\/p>\n\n\n\n<p class=\"\">La jeune femme, qui fr\u00e9quentait le com\u00e9dien depuis quelques semaines au moment des faits reproch\u00e9s, l&rsquo;accuse de lui avoir impos\u00e9 une sodomie lors d&rsquo;une soir\u00e9e chez lui, le 30 octobre 2021. Ag\u00e9e de 23 ans \u00e0 l&rsquo;\u00e9poque, elle avait port\u00e9 plainte peu apr\u00e8s, et des l\u00e9sions ont \u00e9t\u00e9 constat\u00e9es m\u00e9dicalement, compatibles avec un rapport sexuel anal.<\/p>\n\n\n\n<p class=\"\">Plac\u00e9 en garde \u00e0 vue le lendemain matin, Ary Abittan avait \u00e9t\u00e9 mis en examen pour viol. Au cours de la proc\u00e9dure, la jeune femme avait d\u00e9crit l&rsquo;acteur comme \u00ab\u00a0obs\u00e9d\u00e9\u00a0\u00bb par la pratique de la sodomie mais pr\u00e9cis\u00e9 qu&rsquo;il avait, jusqu&rsquo;alors, toujours accept\u00e9 son refus. En juillet 2023, les deux juges d&rsquo;instruction avaient lev\u00e9 les charges visant Ary Abittan, faute \u00ab\u00a0d&rsquo;indices graves ou concordants\u00a0\u00bb.<\/p>\n\n\n\n<p class=\"\">Elles soulignaient notamment les t\u00e9moignages d&rsquo;anciennes petites amies de M. Abittan d\u00e9crivant \u00ab\u00a0un partenaire respectueux\u00a0\u00bb ainsi que des expertises psychiatriques et psychologique \u00e9cartant \u00ab\u00a0une sexualit\u00e9 d\u00e9viante ou de pulsions sexuelles agressives\u00a0\u00bb. Le parquet de Paris et les juges avaient aussi estim\u00e9 que les d\u00e9clarations de la plaignante sur le soir des faits avaient \u00ab\u00a0\u00e9volu\u00e9\u00a0\u00bb et qu&rsquo;une partie de celles-ci \u00e9taient \u00ab\u00a0contredites\u00a0\u00bb par l&rsquo;enqu\u00eate. Au final, \u00ab\u00a0une certaine \u00e9quivocit\u00e9\u00a0\u00bb de la plaignante avait \u00e9t\u00e9 retenue \u00ab\u00a0dans la conduite et les signaux\u00a0\u00bb envoy\u00e9s \u00e0 l&rsquo;acteu<\/p>\n","protected":false},"excerpt":{"rendered":"<p>La cour d&rsquo;appel de Paris a confirm\u00e9 jeudi le non-lieu dont a b\u00e9n\u00e9fici\u00e9 le com\u00e9dien et humoriste Ary Abittan, vis\u00e9 par la plainte d&rsquo;une femme pour viol en 2021, a appris l&rsquo;AFP de sources proches du dossier. Depuis le d\u00e9but de l&rsquo;\u00e9claircie judiciaire le concernant, l&rsquo;acteur a repris ses spectacles, qui ont encore r\u00e9cemment \u00e9t\u00e9 [&hellip;]<\/p>\n","protected":false},"author":2,"featured_media":32822,"comment_status":"open","ping_status":"open","sticky":false,"template":"","format":"standard","meta":{"_jetpack_memberships_contains_paid_content":false,"footnotes":"","jetpack_publicize_message":"","jetpack_publicize_feature_enabled":true,"jetpack_social_post_already_shared":true,"jetpack_social_options":{"image_generator_settings":{"template":"highway","enabled":true,"token":"eyJpbWciOiJodHRwczpcL1wvd3d3LmljZWFnZXR2LmNvbVwvcmFkaW9zaXRlXC93cC1jb250ZW50XC91cGxvYWRzXC8yMDI1XC8wMVwvYXJ5LWFiaXR0YW4tLnBuZyIsInR4dCI6IkFjY3VzYXRpb25zIGRlIHZpb2w6IExhIGNvdXIgZCYjODIxNzthcHBlbCBkZSBQYXJpcyBhIGNvbmZpcm1cdTAwZTkgYXVqb3VyZCYjODIxNztodWkgbGUgbm9uLWxpZXUgcG91ciBsZSBjb21cdTAwZTlkaWVuIGV0IGh1bW9yaXN0ZSBBcnkgQWJpdHRhbiIsInRlbXBsYXRlIjoiaGlnaHdheSIsImJsb2dfaWQiOjExMTAxNjQ2MX0.EZVQ6bzzBDEcjgMGoqA15ihLUG2muhq4oe388f_u_RwMQ"},"version":2},"_wpas_customize_per_network":false},"categories":[68],"tags":[],"class_list":["post-32821","post","type-post","status-publish","format-standard","has-post-thumbnail","hentry","category-actu-culturelle"],"jetpack_publicize_connections":[],"jetpack_featured_media_url":"https:\/\/i0.wp.com\/www.iceagetv.com\/radiosite\/wp-content\/uploads\/2025\/01\/ary-abittan-.png?fit=752%2C310&ssl=1","jetpack_sharing_enabled":true,"_links":{"self":[{"href":"https:\/\/www.iceagetv.com\/radiosite\/wp-json\/wp\/v2\/posts\/32821","targetHints":{"allow":["GET"]}}],"collection":[{"href":"https:\/\/www.iceagetv.com\/radiosite\/wp-json\/wp\/v2\/posts"}],"about":[{"href":"https:\/\/www.iceagetv.com\/radiosite\/wp-json\/wp\/v2\/types\/post"}],"author":[{"embeddable":true,"href":"https:\/\/www.iceagetv.com\/radiosite\/wp-json\/wp\/v2\/users\/2"}],"replies":[{"embeddable":true,"href":"https:\/\/www.iceagetv.com\/radiosite\/wp-json\/wp\/v2\/comments?post=32821"}],"version-history":[{"count":1,"href":"https:\/\/www.iceagetv.com\/radiosite\/wp-json\/wp\/v2\/posts\/32821\/revisions"}],"predecessor-version":[{"id":32823,"href":"https:\/\/www.iceagetv.com\/radiosite\/wp-json\/wp\/v2\/posts\/32821\/revisions\/32823"}],"wp:featuredmedia":[{"embeddable":true,"href":"https:\/\/www.iceagetv.com\/radiosite\/wp-json\/wp\/v2\/media\/32822"}],"wp:attachment":[{"href":"https:\/\/www.iceagetv.com\/radiosite\/wp-json\/wp\/v2\/media?parent=32821"}],"wp:term":[{"taxonomy":"category","embeddable":true,"href":"https:\/\/www.iceagetv.com\/radiosite\/wp-json\/wp\/v2\/categories?post=32821"},{"taxonomy":"post_tag","embeddable":true,"href":"https:\/\/www.iceagetv.com\/radiosite\/wp-json\/wp\/v2\/tags?post=32821"}],"curies":[{"name":"wp","href":"https:\/\/api.w.org\/{rel}","templated":true}]}}