{"id":32829,"date":"2025-01-31T10:05:43","date_gmt":"2025-01-31T09:05:43","guid":{"rendered":"https:\/\/www.iceagetv.com\/radiosite\/?p=32829"},"modified":"2025-01-31T10:05:47","modified_gmt":"2025-01-31T09:05:47","slug":"grippe-comment-expliquer-que-lepidemie-touche-autant-denfants-cette-annee","status":"publish","type":"post","link":"https:\/\/www.iceagetv.com\/radiosite\/grippe-comment-expliquer-que-lepidemie-touche-autant-denfants-cette-annee\/","title":{"rendered":"Grippe: comment expliquer que l&rsquo;\u00e9pid\u00e9mie touche autant d&rsquo;enfants cette ann\u00e9e?"},"content":{"rendered":"\n<p class=\"\">L&rsquo;agence Sant\u00e9 publique France souligne une \u00ab\u00a0activit\u00e9 exceptionnellement \u00e9lev\u00e9e chez les enfants\u00a0\u00bb de la grippe saisonni\u00e8re. Un nombre inhabituel d&rsquo;hospitalisations pour cette maladie concernent les moins de 15 ans.Pour certains parents, c&rsquo;est un tr\u00e8s long hiver ponctu\u00e9 de toux, de grises mines et d&rsquo;une bonne dose de sirop au parac\u00e9tamol. La&nbsp;<a href=\"https:\/\/www.bfmtv.com\/sante\/symptomes-vaccin-transmission-toutes-les-questions-que-vous-vous-posez-sur-la-grippe_AN-202501110046.html\">grippe<\/a>&nbsp;frappe fort cette ann\u00e9e, y compris chez les enfants. C&rsquo;est ce que rel\u00e8ve l&rsquo;agence Sant\u00e9 publique France (SPF) dans&nbsp;<a href=\"https:\/\/www.santepubliquefrance.fr\/maladies-et-traumatismes\/maladies-et-infections-respiratoires\/grippe\" target=\"_blank\" rel=\"noreferrer noopener\">un bulletin \u00e9pid\u00e9miologique<\/a>&nbsp;dat\u00e9 de ce mercredi 29 janvier.<\/p>\n\n\n\n<p class=\"\">Dans cette note renseignant sur la circulation des virus saisonniers, l&rsquo;autorit\u00e9 de sant\u00e9 zoom sur\u00a0<a href=\"https:\/\/www.bfmtv.com\/sante\/grippe-l-epidemie-demeure-intense-et-continue-de-progresser-chez-les-enfants-le-pic-pas-encore-atteint_AN-202501220973.html\">l&rsquo;activit\u00e9 particuli\u00e8rement forte de la grippe chez les plus jeunes<\/a>. Le taux d&rsquo;incidence, soit le nombre de cas rapport\u00e9 \u00e0 la population globale, est \u00ab\u00a0exceptionnellement \u00e9lev\u00e9 chez les moins de cinq ans\u00a0\u00bb, avec plus de 1.500 cas pour 100.000 habitants.Une adolescente tu\u00e9e par \u00ab\u00a0une pneumonie cons\u00e9cutive \u00e0 un \u00e9tat grippal\u00a0\u00bb<\/p>\n\n\n\n<p class=\"\">Certains de ces cas sont tout sauf anodins. Anne-Laure, une m\u00e8re de deux filles, raconte \u00e0 BFMTV que l&rsquo;une d&rsquo;entre-elles \u00e0 v\u00e9cu une infection particuli\u00e8rement douloureuse. \u00ab\u00a0Elle n&rsquo;a vraiment pas pu se lever de son lit pendant au moins deux semaines. Il y a eu des pics de fi\u00e8vre \u00e0 40\u00b0C, des douleurs \u00e0 la gorge, \u00e0 l&rsquo;oreille&#8230; On \u00e9tait inquiets\u00a0\u00bb, t\u00e9moigne-t-elle.<\/p>\n\n\n\n<p class=\"\">Dans le Maine-et-Loire,&nbsp;<a href=\"https:\/\/www.bfmtv.com\/sante\/maine-et-loire-une-adolescente-de-12-ans-meurt-d-une-grippe-suivie-d-une-pneumonie_AN-202501280243.html\">le virus a m\u00eame men\u00e9 \u00e0 un drame<\/a>. \u00c0 Saumur, dimanche 26 janvier, une adolescente de 12 ans est \u00ab\u00a0d\u00e9c\u00e9d\u00e9e des suites d\u2019une pneumonie cons\u00e9cutive \u00e0 un \u00e9tat grippal\u00a0\u00bb, comme l&rsquo;a expliqu\u00e9 la procureure Alexandra Verron apr\u00e8s l&rsquo;autopsie de la victime.<\/p>\n\n\n\n<p class=\"\">Un cas parmi d&rsquo;autres? Sur la base de donn\u00e9es pr\u00e9liminaires, Sant\u00e9 publique France pr\u00e9cise seulement que deux cents d\u00e9c\u00e8s ont \u00e9t\u00e9 signal\u00e9s depuis le d\u00e9but de l&rsquo;\u00e9pid\u00e9mie, \u00ab\u00a0dont 62 chez les 65 ans ou plus\u00a0\u00bb. Au cours de la semaine derni\u00e8re, 40 enfants \u00e2g\u00e9s de moins de deux ans ont \u00e9t\u00e9 admis en r\u00e9animation pour une grippe, auxquels s&rsquo;ajoutent 54 \u00e2g\u00e9 de 2 \u00e0 17 ans.Une notion de souche du virus et d&rsquo;anticorps<\/p>\n\n\n\n<p class=\"\">Le constat est donc sans appel: les plus jeunes prennent la vague de plein fouet. Mais pourquoi? Une partie de la r\u00e9ponse se trouve dans les sp\u00e9cificit\u00e9s de l&rsquo;\u00e9pid\u00e9mie 2024-2025.<\/p>\n\n\n\n<p class=\"\">Le terme \u00ab\u00a0la grippe\u00a0\u00bb est un abus de langage qui regroupe sous une m\u00eame \u00e9tiquette plusieurs souches du virus. Ces temps-ci, on observe la co-circulation de trois souches de virus, A(H1N1), A(H3N2) et B\/Victoria. Une situation qualifi\u00e9e d'\u00a0\u00bbinhabituelle\u00a0\u00bb par les autorit\u00e9s.<\/p>\n\n\n\n<p class=\"\">Puisque toutes les souches ne circulent pas en m\u00eame temps, certains enfants d\u00e9veloppement une \u00ab\u00a0m\u00e9moire immunitaire\u00a0\u00bb \u00e0 certaines d&rsquo;entre elles, mais pas \u00e0 d&rsquo;autres, comme l&rsquo;explique \u00e0&nbsp;<a href=\"https:\/\/www.francetvinfo.fr\/sante\/maladie\/grippe\/epidemie-de-grippe-pourquoi-les-enfants-sont-ils-particulierement-touches-cet-hiver_7032011.html\" target=\"_blank\" rel=\"noreferrer noopener\">France info<\/a>&nbsp;Brigitte Virey, la pr\u00e9sidente du Syndicat national des p\u00e9diatres fran\u00e7ais (SNPF).<\/p>\n","protected":false},"excerpt":{"rendered":"<p>L&rsquo;agence Sant\u00e9 publique France souligne une \u00ab\u00a0activit\u00e9 exceptionnellement \u00e9lev\u00e9e chez les enfants\u00a0\u00bb de la grippe saisonni\u00e8re. Un nombre inhabituel d&rsquo;hospitalisations pour cette maladie concernent les moins de 15 ans.Pour certains parents, c&rsquo;est un tr\u00e8s long hiver ponctu\u00e9 de toux, de grises mines et d&rsquo;une bonne dose de sirop au parac\u00e9tamol. La&nbsp;grippe&nbsp;frappe fort cette ann\u00e9e, y [&hellip;]<\/p>\n","protected":false},"author":2,"featured_media":32830,"comment_status":"open","ping_status":"open","sticky":false,"template":"","format":"standard","meta":{"_jetpack_memberships_contains_paid_content":false,"footnotes":"","jetpack_publicize_message":"","jetpack_publicize_feature_enabled":true,"jetpack_social_post_already_shared":true,"jetpack_social_options":{"image_generator_settings":{"template":"highway","enabled":true,"token":"eyJpbWciOiJodHRwczpcL1wvd3d3LmljZWFnZXR2LmNvbVwvcmFkaW9zaXRlXC93cC1jb250ZW50XC91cGxvYWRzXC8yMDI1XC8wMVwvRXhhbWVuLWQtdW4tdG91dC1qZXVuZS1wYXRpZW50LWF1eC11cmdlbmNlcy1wZWRpYXRyaXF1ZXMtZHUtQ0FTRUQtZGUtUmVubmVzLWxlLTctanVpbi0yMDIxLTEwNTQ4NzIuanBnIiwidHh0IjoiR3JpcHBlOiBjb21tZW50IGV4cGxpcXVlciBxdWUgbCYjODIxNztcdTAwZTlwaWRcdTAwZTltaWUgdG91Y2hlIGF1dGFudCBkJiM4MjE3O2VuZmFudHMgY2V0dGUgYW5uXHUwMGU5ZT8iLCJ0ZW1wbGF0ZSI6ImhpZ2h3YXkiLCJibG9nX2lkIjoxMTEwMTY0NjF9.pP0eUfjo6mXoalhnY_J6ExWeLMMQKU3rTCKJZ60oHVsMQ"},"version":2},"_wpas_customize_per_network":false},"categories":[405],"tags":[],"class_list":["post-32829","post","type-post","status-publish","format-standard","has-post-thumbnail","hentry","category-actu-france-monde"],"jetpack_publicize_connections":[],"jetpack_featured_media_url":"https:\/\/i0.wp.com\/www.iceagetv.com\/radiosite\/wp-content\/uploads\/2025\/01\/Examen-d-un-tout-jeune-patient-aux-urgences-pediatriques-du-CASED-de-Rennes-le-7-juin-2021-1054872.jpg?fit=736%2C414&ssl=1","jetpack_sharing_enabled":true,"_links":{"self":[{"href":"https:\/\/www.iceagetv.com\/radiosite\/wp-json\/wp\/v2\/posts\/32829","targetHints":{"allow":["GET"]}}],"collection":[{"href":"https:\/\/www.iceagetv.com\/radiosite\/wp-json\/wp\/v2\/posts"}],"about":[{"href":"https:\/\/www.iceagetv.com\/radiosite\/wp-json\/wp\/v2\/types\/post"}],"author":[{"embeddable":true,"href":"https:\/\/www.iceagetv.com\/radiosite\/wp-json\/wp\/v2\/users\/2"}],"replies":[{"embeddable":true,"href":"https:\/\/www.iceagetv.com\/radiosite\/wp-json\/wp\/v2\/comments?post=32829"}],"version-history":[{"count":1,"href":"https:\/\/www.iceagetv.com\/radiosite\/wp-json\/wp\/v2\/posts\/32829\/revisions"}],"predecessor-version":[{"id":32831,"href":"https:\/\/www.iceagetv.com\/radiosite\/wp-json\/wp\/v2\/posts\/32829\/revisions\/32831"}],"wp:featuredmedia":[{"embeddable":true,"href":"https:\/\/www.iceagetv.com\/radiosite\/wp-json\/wp\/v2\/media\/32830"}],"wp:attachment":[{"href":"https:\/\/www.iceagetv.com\/radiosite\/wp-json\/wp\/v2\/media?parent=32829"}],"wp:term":[{"taxonomy":"category","embeddable":true,"href":"https:\/\/www.iceagetv.com\/radiosite\/wp-json\/wp\/v2\/categories?post=32829"},{"taxonomy":"post_tag","embeddable":true,"href":"https:\/\/www.iceagetv.com\/radiosite\/wp-json\/wp\/v2\/tags?post=32829"}],"curies":[{"name":"wp","href":"https:\/\/api.w.org\/{rel}","templated":true}]}}