{"id":32834,"date":"2025-01-31T11:16:54","date_gmt":"2025-01-31T10:16:54","guid":{"rendered":"https:\/\/www.iceagetv.com\/radiosite\/?p=32834"},"modified":"2025-01-31T11:16:58","modified_gmt":"2025-01-31T10:16:58","slug":"nouvelle-hausse-du-prix-du-tabac-des-augmentations-trop-faibles-pour-etre-efficaces","status":"publish","type":"post","link":"https:\/\/www.iceagetv.com\/radiosite\/nouvelle-hausse-du-prix-du-tabac-des-augmentations-trop-faibles-pour-etre-efficaces\/","title":{"rendered":"Nouvelle hausse du prix du tabac: des augmentations trop faibles pour \u00eatre efficaces?"},"content":{"rendered":"\n<p class=\"\">Le prix des paquets de cigarettes va subir une hausse de 20 \u00e0 50 centimes selon les marques \u00e0 partir du 1er f\u00e9vrier. Mais cette hausse n&rsquo;est pas assez significative pour forcer les consommateurs \u00e0 arr\u00eater de fumer selon les associations de lutte contre le tabagisme.<\/p>\n\n\n\n<p class=\"\">Apr\u00e8s une augmentation de 50 centimes en moyenne il y a un mois sur les plus grosses marques,&nbsp;<a href=\"https:\/\/rmc.bfmtv.com\/conso\/jusqu-a-13-60-euros-le-paquet-de-cigarettes-ces-marques-de-tabac-qui-vont-augmenter-le-1er-fevrier_AN-202501230386.html#:~:text=Une%20nouvelle%20hausse%20pr%C3%A9vue%20en,sera%20le%20cas%20de%20toutes.\" target=\"_blank\" rel=\"noreferrer noopener\">le prix des paquets de tabac va subir une seconde hausse cons\u00e9cutive<\/a>&nbsp;\u00e0 partir de ce samedi 1er f\u00e9vrier. Cette fois, elle concerne que certaines marques, qui n&rsquo;avaient pas \u00e9t\u00e9 touch\u00e9es par la hausse de janvier, et devrait rajouter 20 \u00e0 50 centimes de plus.<\/p>\n\n\n\n<p class=\"\">\u00ab\u00a0\u00c7a commence \u00e0 faire beaucoup, mais bon, pour l&rsquo;instant on n&rsquo;arrive pas \u00e0 arr\u00eater\u00a0\u00bb, se d\u00e9sole Robin, un consommateur r\u00e9sign\u00e9. Tout comme Catherine, qui n&rsquo;a pas pr\u00e9vu de stopper sa consommation:Ce sont des hausses que je peux encore amortir \u00e0 mon niveau. \u00c7a fait partie des raisons pour lesquelles un jour je vais peut-\u00eatre finir par arr\u00eater.\u00a0\u00bb<\/p>\n\n\n\n<p class=\"\">Pour de nombreux fumeurs, ces hausses de prix ne sont pas assez dissuasives. \u00ab\u00a0Moi je fume depuis l&rsquo;\u00e2ge de 13 ans. En vrai, je ne vois de mesure sanitaire. Si c&rsquo;est pour me faire arr\u00eater de fumer, c&rsquo;est juste quelques centimes \u00e0 chaque fois. Ce n&rsquo;est pas incitatif du tout\u00a0\u00bb, explique David, interrog\u00e9 dans\u00a0<em>Apolline Matin<\/em>, sur RMC et RMC Story vendredi.Ce sont des petites marches, donc finalement vous allez monter l&rsquo;escalier sans vous en rendre compte\u00a0\u00bb<\/p>\n\n\n\n<p class=\"\">Ce commer\u00e7ant d&rsquo;Ille-et-Vilaine fume depuis 35 ans et aimerait une hausse plus significative: \u00ab\u00a0\u00c7a m&rsquo;aurait oblig\u00e9 d&rsquo;arr\u00eater de fumer. 25 balles, bien s\u00fbr que j&rsquo;arr\u00eaterais\u00a0\u00bb. Ce serait \u00ab\u00a0la seule fa\u00e7on d&rsquo;avoir un effet sur la consommation de tabac\u00a0\u00bb, selon Lo\u00efc Josseran, pr\u00e9sident de l\u2019Alliance contre le tabac, qui soutient une augmentation \u00ab\u00a0massive et r\u00e9guli\u00e8re\u00a0\u00bb. Un avis partag\u00e9 par Emmanuelle B\u00e9guinot, directrice du Comit\u00e9 national de lutte contre le tabagisme:<\/p>\n\n\n\n<blockquote class=\"wp-block-quote is-layout-flow wp-block-quote-is-layout-flow\">\n<p class=\"\">\u00ab\u00a0Les hausses significatives sont beaucoup plus efficaces. Le probl\u00e8me, quand on a des petites hausses, c&rsquo;est un peu comme quand on monte un escalier. C&rsquo;est des petites marches, donc finalement vous allez monter l&rsquo;escalier sans vous en rendre compte.\u00a0\u00bb<\/p>\n<\/blockquote>\n\n\n\n<p class=\"\">Malgr\u00e9 tout, cette hausse, m\u00eame de 20 \u00e0 50 centimes, est redout\u00e9e par les g\u00e9rants de bureaux de tabac. \u00ab\u00a0Les gens vont beaucoup plus vers l&rsquo;Espagne, l&rsquo;Italie, c&rsquo;est facilement moins cher l\u00e0-bas\u00a0\u00bb, regrette Zahir, qui tient un tabac depuis deux ans. Mais c&rsquo;est une id\u00e9e re\u00e7ue selon certaines associations. \u00ab\u00a0Le march\u00e9 parall\u00e8le repr\u00e9sente moins de 5% de la consommation\u00a0\u00bb, fait remarquer Lo\u00efc Josseran, pr\u00e9sident de l\u2019Alliance contre le tabac.C&rsquo;est \u00ab\u00a0un discours qu&rsquo;on entend beaucoup\u00a0\u00bb, selon Emmanuelle B\u00e9guinot, directrice du Comit\u00e9 national de lutte contre le tabagisme, \u00ab\u00a0en particulier entretenu par des repr\u00e9sentants du secteur du tabac, s&rsquo;appuyant souvent sur des \u00e9tudes qui sont compl\u00e8tement pipeau.\u00a0\u00bb Pourtant, elle n&rsquo;observe \u00ab\u00a0pas v\u00e9ritablement de changement quand on interroge les fumeurs et qu&rsquo;on suit leur \u00e9volution de comportement.\u00a0\u00bb<\/p>\n","protected":false},"excerpt":{"rendered":"<p>Le prix des paquets de cigarettes va subir une hausse de 20 \u00e0 50 centimes selon les marques \u00e0 partir du 1er f\u00e9vrier. Mais cette hausse n&rsquo;est pas assez significative pour forcer les consommateurs \u00e0 arr\u00eater de fumer selon les associations de lutte contre le tabagisme. Apr\u00e8s une augmentation de 50 centimes en moyenne il [&hellip;]<\/p>\n","protected":false},"author":2,"featured_media":32835,"comment_status":"open","ping_status":"open","sticky":false,"template":"","format":"standard","meta":{"_jetpack_memberships_contains_paid_content":false,"footnotes":"","jetpack_publicize_message":"","jetpack_publicize_feature_enabled":true,"jetpack_social_post_already_shared":true,"jetpack_social_options":{"image_generator_settings":{"template":"highway","enabled":true,"token":"eyJpbWciOiJodHRwczpcL1wvd3d3LmljZWFnZXR2LmNvbVwvcmFkaW9zaXRlXC93cC1jb250ZW50XC91cGxvYWRzXC8yMDI1XC8wMVwvcHJpeC1kdS10YWJhYy1lbi1oYXVzc2UtLnBuZyIsInR4dCI6Ik5vdXZlbGxlIGhhdXNzZSBkdSBwcml4IGR1IHRhYmFjOiBkZXMgYXVnbWVudGF0aW9ucyB0cm9wIGZhaWJsZXMgcG91ciBcdTAwZWF0cmUgZWZmaWNhY2VzPyIsInRlbXBsYXRlIjoiaGlnaHdheSIsImJsb2dfaWQiOjExMTAxNjQ2MX0.B-tW9kZMzfznVBJOLHJ7OujynPqw5ynDHHdyOKhsdKwMQ"},"version":2},"_wpas_customize_per_network":false},"categories":[405],"tags":[],"class_list":["post-32834","post","type-post","status-publish","format-standard","has-post-thumbnail","hentry","category-actu-france-monde"],"jetpack_publicize_connections":[],"jetpack_featured_media_url":"https:\/\/i0.wp.com\/www.iceagetv.com\/radiosite\/wp-content\/uploads\/2025\/01\/prix-du-tabac-en-hausse-.png?fit=751%2C413&ssl=1","jetpack_sharing_enabled":true,"_links":{"self":[{"href":"https:\/\/www.iceagetv.com\/radiosite\/wp-json\/wp\/v2\/posts\/32834","targetHints":{"allow":["GET"]}}],"collection":[{"href":"https:\/\/www.iceagetv.com\/radiosite\/wp-json\/wp\/v2\/posts"}],"about":[{"href":"https:\/\/www.iceagetv.com\/radiosite\/wp-json\/wp\/v2\/types\/post"}],"author":[{"embeddable":true,"href":"https:\/\/www.iceagetv.com\/radiosite\/wp-json\/wp\/v2\/users\/2"}],"replies":[{"embeddable":true,"href":"https:\/\/www.iceagetv.com\/radiosite\/wp-json\/wp\/v2\/comments?post=32834"}],"version-history":[{"count":1,"href":"https:\/\/www.iceagetv.com\/radiosite\/wp-json\/wp\/v2\/posts\/32834\/revisions"}],"predecessor-version":[{"id":32836,"href":"https:\/\/www.iceagetv.com\/radiosite\/wp-json\/wp\/v2\/posts\/32834\/revisions\/32836"}],"wp:featuredmedia":[{"embeddable":true,"href":"https:\/\/www.iceagetv.com\/radiosite\/wp-json\/wp\/v2\/media\/32835"}],"wp:attachment":[{"href":"https:\/\/www.iceagetv.com\/radiosite\/wp-json\/wp\/v2\/media?parent=32834"}],"wp:term":[{"taxonomy":"category","embeddable":true,"href":"https:\/\/www.iceagetv.com\/radiosite\/wp-json\/wp\/v2\/categories?post=32834"},{"taxonomy":"post_tag","embeddable":true,"href":"https:\/\/www.iceagetv.com\/radiosite\/wp-json\/wp\/v2\/tags?post=32834"}],"curies":[{"name":"wp","href":"https:\/\/api.w.org\/{rel}","templated":true}]}}