{"id":32851,"date":"2025-01-31T15:12:03","date_gmt":"2025-01-31T14:12:03","guid":{"rendered":"https:\/\/www.iceagetv.com\/radiosite\/?p=32851"},"modified":"2025-01-31T15:12:07","modified_gmt":"2025-01-31T14:12:07","slug":"accident-de-car-scolaire-en-eure-et-loir-le-conducteur-avait-consomme-de-la-resine-de-cannabis-selon-les-resultats-des-analyses-sanguines-devoiles-par-le-parquet","status":"publish","type":"post","link":"https:\/\/www.iceagetv.com\/radiosite\/accident-de-car-scolaire-en-eure-et-loir-le-conducteur-avait-consomme-de-la-resine-de-cannabis-selon-les-resultats-des-analyses-sanguines-devoiles-par-le-parquet\/","title":{"rendered":"Accident de car scolaire en Eure-et-Loir: Le conducteur avait consomm\u00e9 de la r\u00e9sine de cannabis, selon les r\u00e9sultats des analyses sanguines d\u00e9voil\u00e9s par le parquet"},"content":{"rendered":"\n<p class=\"\">Le chauffeur du car scolaire avait consomm\u00e9 de la r\u00e9sine de cannabis avant l\u2019accident qui a tu\u00e9 une lyc\u00e9enne de 15 ans, jeudi \u00e0 Ch\u00e2teaudun (Eure-et-Loir), selon les r\u00e9sultats des analyses sanguines, a annonc\u00e9 vendredi le parquet de Chartres.<\/p>\n\n\n\n<p class=\"\">La pr\u00e9sence de ce produit, avec un seuil sup\u00e9rieur \u00e0 0,5 nanogramme, ne peut correspondre \u00e0 une consommation dite passive comme l\u2019affirme le chauffeur, a pr\u00e9cis\u00e9 dans un communiqu\u00e9 le procureur de la R\u00e9publique de Chartres Fr\u00e9d\u00e9ric Chevallier, ajoutant que la garde \u00e0 vue du chauffeur a \u00e9t\u00e9 prolong\u00e9e vendredi matin.<\/p>\n\n\n\n<p class=\"\">Le gard\u00e9 \u00e0 vue affirme pour sa part&nbsp;\u00ab qu\u2019il s\u2019agit non pas d\u2019une consommation de produits stup\u00e9fiants mais d\u2019une contamination passive qui expliquerait la pr\u00e9sence ainsi d\u00e9tect\u00e9e, n\u2019ayant pas consomm\u00e9 de produits stup\u00e9fiants depuis le mois de d\u00e9cembre dernier \u00bb. Il a indiqu\u00e9 que c\u2019\u00e9tait sa compagne, qui consomme r\u00e9guli\u00e8rement,&nbsp;\u00ab qui pourrait \u00eatre \u00e0 l\u2019origine de ce r\u00e9sultat.<\/p>\n\n\n\n<p class=\"\">Il pr\u00e9cise qu\u2019il lui arrive d\u2019allumer les +joints+ qu\u2019elle fume \u00bb. Il s\u2019est r\u00e9serv\u00e9 le droit de solliciter une contre-expertise, selon M. Chevallier. Le chauffeur de bus maintient par ailleurs sa version des faits,&nbsp;\u00ab celle de la pr\u00e9sence d\u2019un v\u00e9hicule tiers dont la manoeuvre l\u2019aurait oblig\u00e9 \u00e0 d\u00e9vier sa trajectoire, lui faisant perdre le contr\u00f4le de son bus \u00bb. Les auditions de l\u2019ensemble des t\u00e9moins se poursuivent vendredi, selon le parquet.<\/p>\n\n\n\n<p class=\"\">\u00ab Parmi eux, le conducteur d\u2019un v\u00e9hicule qui circulait derri\u00e8re le bus disposait d\u2019une cam\u00e9ra dans son v\u00e9hicule qui permettra peut-\u00eatre d\u2019appr\u00e9cier les conditions de l\u2019accident \u00bb, a-t-il pr\u00e9cis\u00e9. Selon les premi\u00e8res investigations et exploitations,&nbsp;\u00ab le croisement du bus avec un v\u00e9hicule tiers, au moment de l\u2019accident, ne serait pas confirm\u00e9 par l\u2019analyse de cette cam\u00e9ra \u00bb.<\/p>\n\n\n\n<p class=\"\">L\u2019enqu\u00eate va se poursuivre sous la direction et le contr\u00f4le d\u2019un magistrat instructeur que le parquet de Chartres va saisir vendredi apr\u00e8s-midi. Le conducteur sera pr\u00e9sent\u00e9 \u00e0 un juge et le parquet demandera son placement en d\u00e9tention provisoire, indique le magistrat. Les faits seront notamment qualifi\u00e9s d\u2019\u00ab homicide involontaire aggrav\u00e9 par le fait que le conducteur conduisait apr\u00e8s usage de produit stup\u00e9fiant, blessures involontaires aggrav\u00e9es par la m\u00eame circonstance avec des ITT inf\u00e9rieures \u00e0 trois mois \u00bb.<\/p>\n\n\n\n<p class=\"\">L\u2019autopsie du corps de Joanna, adolescente de 15 ans scolaris\u00e9e au lyc\u00e9e Emile-Zola de la commune et d\u00e9c\u00e9d\u00e9e lors de l\u2019accident, est en cours \u00e0 l\u2019IML de Garches et les r\u00e9sultats de cet acte m\u00e9dico-l\u00e9gal ne seront connus que vendredi dans l\u2019apr\u00e8s-midi. Aucun des autres enfants bless\u00e9s n\u2019est plus hospitalis\u00e9, l\u2019interruption totale de travail la plus \u00e9lev\u00e9e a \u00e9t\u00e9 fix\u00e9e \u00e0 21 jours pour un d\u2019entre eux.<\/p>\n","protected":false},"excerpt":{"rendered":"<p>Le chauffeur du car scolaire avait consomm\u00e9 de la r\u00e9sine de cannabis avant l\u2019accident qui a tu\u00e9 une lyc\u00e9enne de 15 ans, jeudi \u00e0 Ch\u00e2teaudun (Eure-et-Loir), selon les r\u00e9sultats des analyses sanguines, a annonc\u00e9 vendredi le parquet de Chartres. La pr\u00e9sence de ce produit, avec un seuil sup\u00e9rieur \u00e0 0,5 nanogramme, ne peut correspondre \u00e0 [&hellip;]<\/p>\n","protected":false},"author":2,"featured_media":32852,"comment_status":"open","ping_status":"open","sticky":false,"template":"","format":"standard","meta":{"_jetpack_memberships_contains_paid_content":false,"footnotes":"","jetpack_publicize_message":"","jetpack_publicize_feature_enabled":true,"jetpack_social_post_already_shared":true,"jetpack_social_options":{"image_generator_settings":{"template":"highway","enabled":true,"token":"eyJpbWciOiJodHRwczpcL1wvd3d3LmljZWFnZXR2LmNvbVwvcmFkaW9zaXRlXC93cC1jb250ZW50XC91cGxvYWRzXC8yMDI1XC8wMVwvMTUxMTE4LnBuZyIsInR4dCI6IkFjY2lkZW50IGRlIGNhciBzY29sYWlyZSBlbiBFdXJlLWV0LUxvaXI6IExlIGNvbmR1Y3RldXIgYXZhaXQgY29uc29tbVx1MDBlOSBkZSBsYSByXHUwMGU5c2luZSBkZSBjYW5uYWJpcywgc2Vsb24gbGVzIHJcdTAwZTlzdWx0YXRzIGRlcyBhbmFseXNlcyBzYW5ndWluZXMgZFx1MDBlOXZvaWxcdTAwZTlzIHBhciBsZSBwYXJxdWV0IiwidGVtcGxhdGUiOiJoaWdod2F5IiwiYmxvZ19pZCI6MTExMDE2NDYxfQ.QtLWb222GuZ0Iyyws9uH-6HX_-7cdTUGM5SR-GO64kwMQ"},"version":2},"_wpas_customize_per_network":false},"categories":[405],"tags":[],"class_list":["post-32851","post","type-post","status-publish","format-standard","has-post-thumbnail","hentry","category-actu-france-monde"],"jetpack_publicize_connections":[],"jetpack_featured_media_url":"https:\/\/i0.wp.com\/www.iceagetv.com\/radiosite\/wp-content\/uploads\/2025\/01\/151118.png?fit=780%2C322&ssl=1","jetpack_sharing_enabled":true,"_links":{"self":[{"href":"https:\/\/www.iceagetv.com\/radiosite\/wp-json\/wp\/v2\/posts\/32851","targetHints":{"allow":["GET"]}}],"collection":[{"href":"https:\/\/www.iceagetv.com\/radiosite\/wp-json\/wp\/v2\/posts"}],"about":[{"href":"https:\/\/www.iceagetv.com\/radiosite\/wp-json\/wp\/v2\/types\/post"}],"author":[{"embeddable":true,"href":"https:\/\/www.iceagetv.com\/radiosite\/wp-json\/wp\/v2\/users\/2"}],"replies":[{"embeddable":true,"href":"https:\/\/www.iceagetv.com\/radiosite\/wp-json\/wp\/v2\/comments?post=32851"}],"version-history":[{"count":1,"href":"https:\/\/www.iceagetv.com\/radiosite\/wp-json\/wp\/v2\/posts\/32851\/revisions"}],"predecessor-version":[{"id":32853,"href":"https:\/\/www.iceagetv.com\/radiosite\/wp-json\/wp\/v2\/posts\/32851\/revisions\/32853"}],"wp:featuredmedia":[{"embeddable":true,"href":"https:\/\/www.iceagetv.com\/radiosite\/wp-json\/wp\/v2\/media\/32852"}],"wp:attachment":[{"href":"https:\/\/www.iceagetv.com\/radiosite\/wp-json\/wp\/v2\/media?parent=32851"}],"wp:term":[{"taxonomy":"category","embeddable":true,"href":"https:\/\/www.iceagetv.com\/radiosite\/wp-json\/wp\/v2\/categories?post=32851"},{"taxonomy":"post_tag","embeddable":true,"href":"https:\/\/www.iceagetv.com\/radiosite\/wp-json\/wp\/v2\/tags?post=32851"}],"curies":[{"name":"wp","href":"https:\/\/api.w.org\/{rel}","templated":true}]}}