{"id":32856,"date":"2025-01-31T16:45:08","date_gmt":"2025-01-31T15:45:08","guid":{"rendered":"https:\/\/www.iceagetv.com\/radiosite\/?p=32856"},"modified":"2025-01-31T16:45:13","modified_gmt":"2025-01-31T15:45:13","slug":"bernard-arnault-pdg-de-lvmh-se-paye-michel-edouard-leclerc-qui-la-critique-ce-matin-je-lui-conseille-de-vendre-davantage-de-produits-francais-et-darreter-de-pressurer-les-fournisseur","status":"publish","type":"post","link":"https:\/\/www.iceagetv.com\/radiosite\/bernard-arnault-pdg-de-lvmh-se-paye-michel-edouard-leclerc-qui-la-critique-ce-matin-je-lui-conseille-de-vendre-davantage-de-produits-francais-et-darreter-de-pressurer-les-fournisseur\/","title":{"rendered":"Bernard Arnault, PDG de LVMH, se paye Michel-\u00c9douard Leclerc qui l&rsquo;a critiqu\u00e9 ce matin : \u00ab\u00a0Je lui conseille de vendre davantage de produits fran\u00e7ais, et d\u2019arr\u00eater de pressurer les fournisseurs\u00a0\u00bb"},"content":{"rendered":"\n<p class=\"\">Michel-\u00c9douard Leclerc, a critiqu\u00e9 ce matin sur LCI, le PDG de LVMH Bernard Arnault, qui n&rsquo;a pas tard\u00e9 \u00e0 lui r\u00e9pondre. Pour le patron des supermarch\u00e9s du m\u00eame nom : \u00ab\u00a0<strong>&nbsp;Vous ne m\u2019entendrez jamais dire \u00e7a.<\/strong>&nbsp;Je parle \u00e0 titre personnel mais je pense que tous les chefs d\u2019entreprise des Leclerc, Intermarch\u00e9,&nbsp;(Coop\u00e9rative)&nbsp;U, Intersport. O&nbsp;n est des gens de terroir, on sait d\u2019o\u00f9 on vient et ce qu\u2019on doit \u00e0 notre pays,&nbsp;i<strong>l n\u2019y a aucun d\u2019entre nous qui ferions un chantage comme \u00e7a&nbsp;<\/strong>\u00bb,&nbsp;a-t-il poursuivi.<\/p>\n\n\n\n<p class=\"\">Une critique que n&rsquo;a pas vraiment appr\u00e9ci\u00e9 Bernard Arnault, puisque cet apr\u00e8s-midi, le compte X de LVMH destin\u00e9 aux journalistes un publi\u00e9 un communiqu\u00e9 acerbe de l&rsquo;homme d&rsquo;affaire qui r\u00e8gle son compte \u00e0&nbsp;Michel-\u00c9douard Leclerc :<\/p>\n\n\n\n<p class=\"\">\u00ab\u00a0Je n\u2019ai bien entendu jamais dit que nous allions d\u00e9localiser le groupe LVMH. Cette affirmation est fausse. Le groupe LVMH est fier d\u2019employer directement et indirectement pr\u00e8s de 200.000 personnes en France, et d\u2019\u00eatre ann\u00e9e apr\u00e8s ann\u00e9e le premier recruteur priv\u00e9 de France.<\/p>\n\n\n\n<p class=\"\">C\u2019est pr\u00e9cis\u00e9ment parce que j\u2019aime la France et que je souhaite que notre pays continue \u00e0 rester comp\u00e9titif que j\u2019ai tenu \u00e0 alerter sur des mesures qui me paraissent en tous points contre-productives.<\/p>\n\n\n\n<p class=\"\">Ce que j\u2019ai dit, c\u2019est que les mesures fiscales envisag\u00e9es sont une incitation \u00e0 la d\u00e9localisation, puisqu\u2019elles taxent le Made in France, mais pas les entreprises fran\u00e7aises d\u00e9localis\u00e9es.<\/p>\n\n\n\n<p class=\"\"><strong>Quant \u00e0 Monsieur Leclerc, puisqu\u2019il semble vouloir d\u00e9fendre les PME fran\u00e7aises, je lui conseille de vendre dans ses supermarch\u00e9s davantage de produits fran\u00e7ais, et d\u2019arr\u00eater de pressurer les fournisseurs fran\u00e7ais<\/strong>, au risque de les mettre en difficult\u00e9, en cherchant \u00e0 obtenir d\u2019eux des prix toujours plus bas.<\/p>\n\n\n\n<p class=\"\">Qu\u2019il montre de cette fa\u00e7on son patriotisme, plut\u00f4t qu\u2019en critiquant un groupe qui fait rayonner la France dans le monde avec ses artisans et ses fournisseurs, en les aidant \u00e0 se d\u00e9velopper dans notre pays. \u00bb<\/p>\n\n\n\n<p class=\"\">Mardi, en marge de la pr\u00e9sentation des r\u00e9sultats 2024 de LVMH, Bernard Arnault avait compar\u00e9 la situation en France avec celle aux \u00c9tats-Unis, o\u00f9 \u00ab les imp\u00f4ts vont descendre \u00e0 15 %, les ateliers sont subventionn\u00e9s dans une s\u00e9rie d\u2019\u00c9tats et le pr\u00e9sident (Trump) encourage \u00e7a \u00bb.<\/p>\n\n\n\n<p class=\"\">\u00ab Quand on revient en France et qu\u2019on voit qu\u2019on s\u2019appr\u00eate \u00e0 augmenter de 40 % les imp\u00f4ts des entreprises qui fabriquent en France, c\u2019est incroyable. Pour pousser \u00e0 la d\u00e9localisation, c\u2019est id\u00e9al ! \u00bb, a-t-il d\u00e9nonc\u00e9, ajoutant : \u00ab C\u2019est la taxation du made in France. \u00bb<\/p>\n","protected":false},"excerpt":{"rendered":"<p>Michel-\u00c9douard Leclerc, a critiqu\u00e9 ce matin sur LCI, le PDG de LVMH Bernard Arnault, qui n&rsquo;a pas tard\u00e9 \u00e0 lui r\u00e9pondre. Pour le patron des supermarch\u00e9s du m\u00eame nom : \u00ab\u00a0&nbsp;Vous ne m\u2019entendrez jamais dire \u00e7a.&nbsp;Je parle \u00e0 titre personnel mais je pense que tous les chefs d\u2019entreprise des Leclerc, Intermarch\u00e9,&nbsp;(Coop\u00e9rative)&nbsp;U, Intersport. O&nbsp;n est des [&hellip;]<\/p>\n","protected":false},"author":2,"featured_media":32857,"comment_status":"open","ping_status":"open","sticky":false,"template":"","format":"standard","meta":{"_jetpack_memberships_contains_paid_content":false,"footnotes":"","jetpack_publicize_message":"","jetpack_publicize_feature_enabled":true,"jetpack_social_post_already_shared":true,"jetpack_social_options":{"image_generator_settings":{"template":"highway","enabled":true,"token":"eyJpbWciOiJodHRwczpcL1wvd3d3LmljZWFnZXR2LmNvbVwvcmFkaW9zaXRlXC93cC1jb250ZW50XC91cGxvYWRzXC8yMDI1XC8wMVwvcGRnLWx2bWgtLTEwMjR4NDI3LnBuZyIsInR4dCI6IkJlcm5hcmQgQXJuYXVsdCwgUERHIGRlIExWTUgsIHNlIHBheWUgTWljaGVsLVx1MDBjOWRvdWFyZCBMZWNsZXJjIHF1aSBsJiM4MjE3O2EgY3JpdGlxdVx1MDBlOSBjZSBtYXRpbiA6ICYjODIyMDtKZSBsdWkgY29uc2VpbGxlIGRlIHZlbmRyZSBkYXZhbnRhZ2UgZGUgcHJvZHVpdHMgZnJhblx1MDBlN2FpcywgZXQgZFx1MjAxOWFyclx1MDBlYXRlciBkZSBwcmVzc3VyZXIgbGVzIGZvdXJuaXNzZXVycyYjODIyMTsiLCJ0ZW1wbGF0ZSI6ImhpZ2h3YXkiLCJibG9nX2lkIjoxMTEwMTY0NjF9.Ped1eRPvZrlbOh6ZX2dK1qtSnx0qfAV0fgKy4GK58WsMQ"},"version":2},"_wpas_customize_per_network":false},"categories":[405],"tags":[],"class_list":["post-32856","post","type-post","status-publish","format-standard","has-post-thumbnail","hentry","category-actu-france-monde"],"jetpack_publicize_connections":[],"jetpack_featured_media_url":"https:\/\/i0.wp.com\/www.iceagetv.com\/radiosite\/wp-content\/uploads\/2025\/01\/pdg-lvmh-.png?fit=1083%2C452&ssl=1","jetpack_sharing_enabled":true,"_links":{"self":[{"href":"https:\/\/www.iceagetv.com\/radiosite\/wp-json\/wp\/v2\/posts\/32856","targetHints":{"allow":["GET"]}}],"collection":[{"href":"https:\/\/www.iceagetv.com\/radiosite\/wp-json\/wp\/v2\/posts"}],"about":[{"href":"https:\/\/www.iceagetv.com\/radiosite\/wp-json\/wp\/v2\/types\/post"}],"author":[{"embeddable":true,"href":"https:\/\/www.iceagetv.com\/radiosite\/wp-json\/wp\/v2\/users\/2"}],"replies":[{"embeddable":true,"href":"https:\/\/www.iceagetv.com\/radiosite\/wp-json\/wp\/v2\/comments?post=32856"}],"version-history":[{"count":1,"href":"https:\/\/www.iceagetv.com\/radiosite\/wp-json\/wp\/v2\/posts\/32856\/revisions"}],"predecessor-version":[{"id":32858,"href":"https:\/\/www.iceagetv.com\/radiosite\/wp-json\/wp\/v2\/posts\/32856\/revisions\/32858"}],"wp:featuredmedia":[{"embeddable":true,"href":"https:\/\/www.iceagetv.com\/radiosite\/wp-json\/wp\/v2\/media\/32857"}],"wp:attachment":[{"href":"https:\/\/www.iceagetv.com\/radiosite\/wp-json\/wp\/v2\/media?parent=32856"}],"wp:term":[{"taxonomy":"category","embeddable":true,"href":"https:\/\/www.iceagetv.com\/radiosite\/wp-json\/wp\/v2\/categories?post=32856"},{"taxonomy":"post_tag","embeddable":true,"href":"https:\/\/www.iceagetv.com\/radiosite\/wp-json\/wp\/v2\/tags?post=32856"}],"curies":[{"name":"wp","href":"https:\/\/api.w.org\/{rel}","templated":true}]}}