{"id":32869,"date":"2025-02-01T13:10:17","date_gmt":"2025-02-01T12:10:17","guid":{"rendered":"https:\/\/www.iceagetv.com\/radiosite\/?p=32869"},"modified":"2025-02-01T13:10:21","modified_gmt":"2025-02-01T12:10:21","slug":"trois-personnes-sont-decedees-ce-matin-dans-lincendie-dun-ehpad-situe-a-bouffemont-dans-le-val-doise-le-feu-aurait-pris-vers-7-heures-du-matin-dans-des-circonstances-enco","status":"publish","type":"post","link":"https:\/\/www.iceagetv.com\/radiosite\/trois-personnes-sont-decedees-ce-matin-dans-lincendie-dun-ehpad-situe-a-bouffemont-dans-le-val-doise-le-feu-aurait-pris-vers-7-heures-du-matin-dans-des-circonstances-enco\/","title":{"rendered":"Trois personnes sont d\u00e9c\u00e9d\u00e9es ce matin dans l\u2019incendie d\u2019un Ehpad situ\u00e9 \u00e0 Bouff\u00e9mont, dans le Val-d\u2019Oise &#8211; Le feu aurait pris vers 7 heures du matin dans des circonstances encore \u00e0 d\u00e9terminer"},"content":{"rendered":"\n<p class=\"\"><strong>Le feu s&rsquo;est d\u00e9clar\u00e9 vers 7h30, alors que 75 r\u00e9sidents \u00e9taient pr\u00e9sents dans l&rsquo;\u00e9tablissement. Il aurait pris dans la buanderie de l&rsquo;\u00e9tablissement, selon le parquet de Pontoise.<\/strong>Pour l&rsquo;heure, le maire de la commune indique que la \u00ab\u00a0situation est stabilis\u00e9e\u00a0\u00bb. Il revient sur les faits. \u00ab\u00a0J&rsquo;ai \u00e9t\u00e9 pr\u00e9venu par les sapeurs-pompiers et je me suis rendu sur les lieux, d\u00e8s que j&rsquo;ai eu l&rsquo;information. Il y avait d\u00e9j\u00e0 un d\u00e9ploiement tr\u00e8s cons\u00e9quent de mat\u00e9riel, une grande \u00e9chelle.<\/p>\n\n\n\n<p class=\"\">L&rsquo;incendie s&rsquo;est d\u00e9clar\u00e9 au 3e \u00e9tage du b\u00e2timent, \u00e0 priori \u00e0 partir d&rsquo;une buanderie et malheureusement le feu s&rsquo;est propag\u00e9 \u00e0 une partie de ce troisi\u00e8me \u00e9tage o\u00f9 trois personnes sont mortes\u00a0\u00bb, raconte-t-il. Le premier et le deuxi\u00e8me \u00e9tage de l&rsquo;Ehpad n&rsquo;ont pas \u00e9t\u00e9 affect\u00e9s.<\/p>\n\n\n\n<p class=\"\">Les autres r\u00e9sidents de l&rsquo;\u00e9tage sinistr\u00e9 ont \u00e9t\u00e9 bascul\u00e9s sur plusieurs autres \u00e9tablissements. Selon l&rsquo;\u00e9dile, l&rsquo;incendie serait \u00ab\u00a0\u00e0 priori d&rsquo;origine accidentelle pour les causes\u00a0\u00bb.<strong>Trois personnes sont d\u00e9c\u00e9d\u00e9es ce matin dans l\u2019incendie d\u2019un Ehpad situ\u00e9 \u00e0 Bouff\u00e9mont, dans le Val-d\u2019Oise<\/strong>, a appris l\u2019AFP de source proche du dossier. Le feu aurait pris vers 7 heures du matin dans des circonstances encore \u00e0 d\u00e9terminer, a pr\u00e9cis\u00e9 cette m\u00eame source<\/p>\n\n\n\n<p class=\"\">Le plan Novi, pour g\u00e9rer de nombreuses victimes en urgence, a \u00e9t\u00e9 activ\u00e9. Au moins 20 r\u00e9sidents ont \u00e9t\u00e9 touch\u00e9s, le degr\u00e9 de leurs blessures n&rsquo;est pas encore connu.<\/p>\n\n\n\n<p class=\"\">La brigade de recherches de Montmorency et le parquet de Pontoise sont en charge de l&rsquo;enqu\u00eate. Cette derni\u00e8re a pour but de d\u00e9terminer l&rsquo;origine et les circonstances de l&rsquo;incendie.<\/p>\n","protected":false},"excerpt":{"rendered":"<p>Le feu s&rsquo;est d\u00e9clar\u00e9 vers 7h30, alors que 75 r\u00e9sidents \u00e9taient pr\u00e9sents dans l&rsquo;\u00e9tablissement. Il aurait pris dans la buanderie de l&rsquo;\u00e9tablissement, selon le parquet de Pontoise.Pour l&rsquo;heure, le maire de la commune indique que la \u00ab\u00a0situation est stabilis\u00e9e\u00a0\u00bb. Il revient sur les faits. \u00ab\u00a0J&rsquo;ai \u00e9t\u00e9 pr\u00e9venu par les sapeurs-pompiers et je me suis rendu [&hellip;]<\/p>\n","protected":false},"author":2,"featured_media":32871,"comment_status":"open","ping_status":"open","sticky":false,"template":"","format":"standard","meta":{"_jetpack_memberships_contains_paid_content":false,"footnotes":"","jetpack_publicize_message":"","jetpack_publicize_feature_enabled":true,"jetpack_social_post_already_shared":true,"jetpack_social_options":{"image_generator_settings":{"template":"highway","enabled":true,"token":"eyJpbWciOiJodHRwczpcL1wvd3d3LmljZWFnZXR2LmNvbVwvcmFkaW9zaXRlXC93cC1jb250ZW50XC91cGxvYWRzXC8yMDI1XC8wMlwvMTMwOTE2LTEwMjR4NDAwLnBuZyIsInR4dCI6IlRyb2lzIHBlcnNvbm5lcyBzb250IGRcdTAwZTljXHUwMGU5ZFx1MDBlOWVzIGNlIG1hdGluIGRhbnMgbFx1MjAxOWluY2VuZGllIGRcdTIwMTl1biBFaHBhZCBzaXR1XHUwMGU5IFx1MDBlMCBCb3VmZlx1MDBlOW1vbnQsIGRhbnMgbGUgVmFsLWRcdTIwMTlPaXNlICYjODIxMTsgTGUgZmV1IGF1cmFpdCBwcmlzIHZlcnMgNyBoZXVyZXMgZHUgbWF0aW4gZGFucyBkZXMgY2lyY29uc3RhbmNlcyBlbmNvcmUgXHUwMGUwIGRcdTAwZTl0ZXJtaW5lciIsInRlbXBsYXRlIjoiaGlnaHdheSIsImJsb2dfaWQiOjExMTAxNjQ2MX0.vXID1jKY_J9m65v6FFYxiah51w4mcfVAznGOUG7i1RIMQ"},"version":2},"_wpas_customize_per_network":false},"categories":[405],"tags":[],"class_list":["post-32869","post","type-post","status-publish","format-standard","has-post-thumbnail","hentry","category-actu-france-monde"],"jetpack_publicize_connections":[],"jetpack_featured_media_url":"https:\/\/i0.wp.com\/www.iceagetv.com\/radiosite\/wp-content\/uploads\/2025\/02\/130916.png?fit=1106%2C432&ssl=1","jetpack_sharing_enabled":true,"_links":{"self":[{"href":"https:\/\/www.iceagetv.com\/radiosite\/wp-json\/wp\/v2\/posts\/32869","targetHints":{"allow":["GET"]}}],"collection":[{"href":"https:\/\/www.iceagetv.com\/radiosite\/wp-json\/wp\/v2\/posts"}],"about":[{"href":"https:\/\/www.iceagetv.com\/radiosite\/wp-json\/wp\/v2\/types\/post"}],"author":[{"embeddable":true,"href":"https:\/\/www.iceagetv.com\/radiosite\/wp-json\/wp\/v2\/users\/2"}],"replies":[{"embeddable":true,"href":"https:\/\/www.iceagetv.com\/radiosite\/wp-json\/wp\/v2\/comments?post=32869"}],"version-history":[{"count":1,"href":"https:\/\/www.iceagetv.com\/radiosite\/wp-json\/wp\/v2\/posts\/32869\/revisions"}],"predecessor-version":[{"id":32872,"href":"https:\/\/www.iceagetv.com\/radiosite\/wp-json\/wp\/v2\/posts\/32869\/revisions\/32872"}],"wp:featuredmedia":[{"embeddable":true,"href":"https:\/\/www.iceagetv.com\/radiosite\/wp-json\/wp\/v2\/media\/32871"}],"wp:attachment":[{"href":"https:\/\/www.iceagetv.com\/radiosite\/wp-json\/wp\/v2\/media?parent=32869"}],"wp:term":[{"taxonomy":"category","embeddable":true,"href":"https:\/\/www.iceagetv.com\/radiosite\/wp-json\/wp\/v2\/categories?post=32869"},{"taxonomy":"post_tag","embeddable":true,"href":"https:\/\/www.iceagetv.com\/radiosite\/wp-json\/wp\/v2\/tags?post=32869"}],"curies":[{"name":"wp","href":"https:\/\/api.w.org\/{rel}","templated":true}]}}