{"id":32874,"date":"2025-02-01T13:17:09","date_gmt":"2025-02-01T12:17:09","guid":{"rendered":"https:\/\/www.iceagetv.com\/radiosite\/?p=32874"},"modified":"2025-02-01T13:17:12","modified_gmt":"2025-02-01T12:17:12","slug":"otages-du-hamas-a-gaza-le-franco-israelien-ofer-kalderon-lisraelien-yarden-bibas-et-lisraelo-americain-keith-siegel-liberes","status":"publish","type":"post","link":"https:\/\/www.iceagetv.com\/radiosite\/otages-du-hamas-a-gaza-le-franco-israelien-ofer-kalderon-lisraelien-yarden-bibas-et-lisraelo-americain-keith-siegel-liberes\/","title":{"rendered":"Otages du Hamas \u00e0 Gaza : le Franco-Isra\u00e9lien Ofer Kalderon, l\u2019Isra\u00e9lien Yarden Bibas et l\u2019Isra\u00e9lo-Am\u00e9ricain Keith Siegel lib\u00e9r\u00e9s"},"content":{"rendered":"\n<p class=\"\">Le Franco-isra\u00e9lien Ofer Kalderon et Yarden Bibas, un otage isra\u00e9lien dont l\u2019\u00e9pouse et les deux enfants ne sont pas revenus de Gaza, ont \u00e9t\u00e9 remis au Comit\u00e9 international de la Croix Rouge (CICR) ce samedi 1er f\u00e9vrier matin dans la bande de Gaza. Les deux hommes ont \u00e9t\u00e9 lib\u00e9r\u00e9s \u00e0 Khan Youn\u00e8s par le Hamas dans le cadre du quatri\u00e8me&nbsp;<a href=\"https:\/\/www.liberation.fr\/international\/moyen-orient\/treve-a-gaza-sur-les-33-otages-dont-la-liberation-a-ete-reclamee-par-israel-seuls-25-sont-toujours-en-vie-annonce-le-hamas-20250127_SGQ3SR3EMRDY5CPJRYUJPEJFG4\/\" target=\"_blank\" rel=\"noreferrer noopener\">\u00e9change entre otages isra\u00e9liens et prisonniers palestiniens,<\/a>&nbsp;au cours d\u2019une proc\u00e9dure rapide, organis\u00e9e devant un public tr\u00e8s r\u00e9duit. Un troisi\u00e8me otage, l\u2019Isra\u00e9lo-Am\u00e9ricain Keith Siegel, a \u00e9t\u00e9 lib\u00e9r\u00e9 une heure plus tard, au port de Gaza-ville, dans le nord de la bande de Gaza, et remis lui aussi au CICR. Un bus transportant des d\u00e9tenus palestiniens a quitt\u00e9 samedi en fin de matin\u00e9e la prison d\u2019Ofer, en Cisjordanie occup\u00e9e.<\/p>\n\n\n\n<p class=\"\">Le pr\u00e9sident de la R\u00e9publique, Emmanuel Macron, a dit partager sur X\u00a0<em>\u00able soulagement et la joie immenses\u00bb<\/em>\u00a0des proches d\u2019Ofer Kalderon, lib\u00e9r\u00e9\u00a0<em>\u00abapr\u00e8s 483 jours d\u2019un enfer inimaginable\u00bb<\/em>. Il a fait part de ses pens\u00e9es pour le dernier otage franco-isra\u00e9lien encore aux mains du mouvement islamiste,\u00a0<a href=\"https:\/\/www.liberation.fr\/international\/moyen-orient\/treve-a-gaza-qui-sont-ofer-kalderon-et-ohad-yahalomi-les-otages-franco-israeliens-liberables-20250117_YNWX3ZXZS5ARFGFOYZVWP3BW4Y\/\" target=\"_blank\" rel=\"noreferrer noopener\">Ohad Yahalomi,<\/a>\u00a0et assur\u00e9 que la France mettait\u00a0<em>\u00abtout en \u0153uvre pour parvenir \u00e0 sa lib\u00e9ration sans d\u00e9lai\u00bb<\/em>.Le Hamas avait rendu publics vendredi les noms des trois otages isra\u00e9liens lib\u00e9rables ce samedi en \u00e9change de 183 prisonniers palestiniens, dans le cadre de\u00a0<a href=\"https:\/\/www.liberation.fr\/international\/moyen-orient\/guerre-a-gaza-que-contient-laccord-de-treve-entre-israel-et-le-hamas-20250115_2EIYVGASWVCDRMGYQMDR33HMXQ\/\" target=\"_blank\" rel=\"noreferrer noopener\">l\u2019accord de tr\u00eave avec Isra\u00ebl dans la bande de Gaza.<\/a>\u00a0La liste a \u00e9t\u00e9 diffus\u00e9e par le porte-parole des brigades al-Qassam, la branche arm\u00e9e du Hamas, Abou Obeida.\u00a0<em>\u00abIsra\u00ebl a re\u00e7u la liste des otages qui doivent \u00eatre lib\u00e9r\u00e9s [\u2026] demain\u00bb,\u00a0<\/em>avait indiqu\u00e9 un communiqu\u00e9 des services de Benyamin N\u00e9tanyahou.<em>\u00a0\u00abToutes les familles d\u2019otages ont \u00e9t\u00e9 inform\u00e9es par les officiers de liaison de l\u2019arm\u00e9e\u00bb,\u00a0<\/em>a-t-il ajout\u00e9, sans d\u00e9voiler leurs identit\u00e9s.Il \u00e9tait l\u2019un des deux otages franco-isra\u00e9liens encore d\u00e9tenus par le Hamas \u00e0 Gaza. Ofer Kalderon a \u00e9t\u00e9 enlev\u00e9 au kibboutz Nir Oz en compagnie d\u2019Erez et de Sahar, son fils et sa fille \u00e2g\u00e9s respectivement de 12 et 16 ans \u00e0 l\u2019\u00e9poque.\u00a0<a href=\"https:\/\/www.liberation.fr\/international\/moyen-orient\/otages-du-hamas-qui-sont-les-trois-enfants-franco-israeliens-liberes-20231127_DF2LAK2UIJGETD5DDSHEDRNCSI\/\" target=\"_blank\" rel=\"noreferrer noopener\">Les deux adolescents ont \u00e9t\u00e9 lib\u00e9r\u00e9s le 27 novembre 2023<\/a>\u00a0lors de la premi\u00e8re tr\u00eave. Le p\u00e8re de famille est menuisier et fait du VTT \u00e0 un niveau professionnel, selon le Forum des familles des otages. Sa cousine,\u00a0<a href=\"https:\/\/www.liberation.fr\/international\/moyen-orient\/tous-sans-exception-doivent-rentrer-la-cousine-dofer-kalderon-otage-franco-israelien-liberable-dans-le-cadre-de-laccord-de-treve-temoigne-20250118_YIA5C5RXYBFSBH4BB5RMZFTN5M\/\" target=\"_blank\" rel=\"noreferrer noopener\">Ifat Kalderon avait t\u00e9moign\u00e9 aupr\u00e8s de\u00a0<em>Lib\u00e9ration<\/em><\/a>de ses espoirs mais aussi de ses inqui\u00e9tudes sur l\u2019\u00e9tat de sant\u00e9 de l\u2019otage.Lundi 20 janvier 2025, le ministre fran\u00e7ais des Affaires \u00e9trang\u00e8res, Jean-No\u00ebl Barrot, a indiqu\u00e9 que Paris avait pes\u00e9 pour que\u00a0<a href=\"https:\/\/www.liberation.fr\/international\/moyen-orient\/treve-a-gaza-qui-sont-ofer-kalderon-et-ohad-yahalomi-les-otages-franco-israeliens-liberables-20250117_YNWX3ZXZS5ARFGFOYZVWP3BW4Y\/\" target=\"_blank\" rel=\"noreferrer noopener\">les deux otages franco-isra\u00e9liens, Ofer Kalderon et Ohad Yahalomi<\/a>\u00a0fassent partie des 33 otages lib\u00e9rables dans les quarante jours qui viennent. En revanche,\u00a0<em>\u00abaucune nouvelle concernant leur \u00e9tat de sant\u00e9 et leurs conditions de d\u00e9tention\u00bb,\u00a0<\/em>faisait-il \u00e9tat. Emmanuel Macron s\u2019\u00e9tait entretenu, samedi 18 janvier 2025, avec les familles des deux otages. Ohad Yahalomi, 50 ans, \u00e9galement enlev\u00e9 au kibboutz Nir Oz, ne sera pas lib\u00e9r\u00e9 en m\u00eame temps que son compatriote ce samedi.Yarden Bibas, 34 ans, p\u00e8re du b\u00e9b\u00e9 Kfir et de son fr\u00e8re Ariell va retrouver la libert\u00e9 sans sa femme et ses deux petits gar\u00e7ons. La famille Bibas est devenue le symbole de la bataille pour le retour des otages en terres isra\u00e9liennes. Cette famille isra\u00e9lo-argentine avait \u00e9t\u00e9 kidnapp\u00e9e le 7 Octobre au kibboutz Nir Oz. Shiri Bibas, m\u00e8re d\u2019<a href=\"https:\/\/www.liberation.fr\/checknews\/negociations-hamas-israel-qui-sont-les-derniers-otages-mineurs-encore-detenus-a-gaza-20231129_CAASSW4I4ZGTNHSHG5K5SO5DPY\/\" target=\"_blank\" rel=\"noreferrer noopener\">Ariel, 4 ans, et Kfir, 9 mois<\/a>, avait \u00e9t\u00e9 enlev\u00e9e avec ses enfants dans les bras. Yarden Bibas, leur p\u00e8re, avait \u00e9t\u00e9 s\u00e9par\u00e9 du reste de la famille lors de leur enl\u00e8vement. Leurs grands-parents maternels ont \u00e9t\u00e9 assassin\u00e9s ce jour-l\u00e0, et leurs corps identifi\u00e9s le 21 octobre 2023. Si le Hamas avait affirm\u00e9 dans un premier temps que\u00a0<a href=\"https:\/\/www.liberation.fr\/international\/la-possible-mort-dun-bebe-otage-une-claque-pour-benyamin-netanyahou-20231129_QQOKQZTDKVHMRF6EQ7J7WD6FUY\/?redirected=1\" target=\"_blank\" rel=\"noreferrer noopener\">Shiri et ses deux enfants \u00e9taient morts<\/a>, tu\u00e9s dans une frappe isra\u00e9lienne, Tsahal a toujours r\u00e9fut\u00e9 cette affirmation. Bien qu\u2019ils figurent tous sur la liste des 33 otages lib\u00e9rables, Shiri et ses deux enfants n\u2019ont toujours pas \u00e9t\u00e9 lib\u00e9r\u00e9s, alors qu\u2019ils auraient d\u00fb \u00eatre, logiquement, parmi les premiers \u2013 le Hamas a d\u2019abord rel\u00e2ch\u00e9 les femmes avant les hommes. La lib\u00e9ration de Yarden Bibas permettra, peut-\u00eatre, d\u2019en savoir plus sur ce qu\u2019il est arriv\u00e9 \u00e0 sa femme et ses enfants.<\/p>\n","protected":false},"excerpt":{"rendered":"<p>Le Franco-isra\u00e9lien Ofer Kalderon et Yarden Bibas, un otage isra\u00e9lien dont l\u2019\u00e9pouse et les deux enfants ne sont pas revenus de Gaza, ont \u00e9t\u00e9 remis au Comit\u00e9 international de la Croix Rouge (CICR) ce samedi 1er f\u00e9vrier matin dans la bande de Gaza. Les deux hommes ont \u00e9t\u00e9 lib\u00e9r\u00e9s \u00e0 Khan Youn\u00e8s par le Hamas [&hellip;]<\/p>\n","protected":false},"author":2,"featured_media":32875,"comment_status":"open","ping_status":"open","sticky":false,"template":"","format":"standard","meta":{"_jetpack_memberships_contains_paid_content":false,"footnotes":"","jetpack_publicize_message":"","jetpack_publicize_feature_enabled":true,"jetpack_social_post_already_shared":true,"jetpack_social_options":{"image_generator_settings":{"template":"highway","enabled":true,"token":"eyJpbWciOiJodHRwczpcL1wvd3d3LmljZWFnZXR2LmNvbVwvcmFkaW9zaXRlXC93cC1jb250ZW50XC91cGxvYWRzXC8yMDI1XC8wMlwvMTMxNTU5LnBuZyIsInR4dCI6Ik90YWdlcyBkdSBIYW1hcyBcdTAwZTAgR2F6YSA6IGxlIEZyYW5jby1Jc3JhXHUwMGU5bGllbiBPZmVyIEthbGRlcm9uLCBsXHUyMDE5SXNyYVx1MDBlOWxpZW4gWWFyZGVuIEJpYmFzIGV0IGxcdTIwMTlJc3JhXHUwMGU5bG8tQW1cdTAwZTlyaWNhaW4gS2VpdGggU2llZ2VsIGxpYlx1MDBlOXJcdTAwZTlzIiwidGVtcGxhdGUiOiJoaWdod2F5IiwiYmxvZ19pZCI6MTExMDE2NDYxfQ.UNdQjzKKyH4L6UF-Sxnjz1giWocNhV-cLNguUOk_T2wMQ"},"version":2},"_wpas_customize_per_network":false},"categories":[405],"tags":[],"class_list":["post-32874","post","type-post","status-publish","format-standard","has-post-thumbnail","hentry","category-actu-france-monde"],"jetpack_publicize_connections":[],"jetpack_featured_media_url":"https:\/\/i0.wp.com\/www.iceagetv.com\/radiosite\/wp-content\/uploads\/2025\/02\/131559.png?fit=967%2C533&ssl=1","jetpack_sharing_enabled":true,"_links":{"self":[{"href":"https:\/\/www.iceagetv.com\/radiosite\/wp-json\/wp\/v2\/posts\/32874","targetHints":{"allow":["GET"]}}],"collection":[{"href":"https:\/\/www.iceagetv.com\/radiosite\/wp-json\/wp\/v2\/posts"}],"about":[{"href":"https:\/\/www.iceagetv.com\/radiosite\/wp-json\/wp\/v2\/types\/post"}],"author":[{"embeddable":true,"href":"https:\/\/www.iceagetv.com\/radiosite\/wp-json\/wp\/v2\/users\/2"}],"replies":[{"embeddable":true,"href":"https:\/\/www.iceagetv.com\/radiosite\/wp-json\/wp\/v2\/comments?post=32874"}],"version-history":[{"count":1,"href":"https:\/\/www.iceagetv.com\/radiosite\/wp-json\/wp\/v2\/posts\/32874\/revisions"}],"predecessor-version":[{"id":32876,"href":"https:\/\/www.iceagetv.com\/radiosite\/wp-json\/wp\/v2\/posts\/32874\/revisions\/32876"}],"wp:featuredmedia":[{"embeddable":true,"href":"https:\/\/www.iceagetv.com\/radiosite\/wp-json\/wp\/v2\/media\/32875"}],"wp:attachment":[{"href":"https:\/\/www.iceagetv.com\/radiosite\/wp-json\/wp\/v2\/media?parent=32874"}],"wp:term":[{"taxonomy":"category","embeddable":true,"href":"https:\/\/www.iceagetv.com\/radiosite\/wp-json\/wp\/v2\/categories?post=32874"},{"taxonomy":"post_tag","embeddable":true,"href":"https:\/\/www.iceagetv.com\/radiosite\/wp-json\/wp\/v2\/tags?post=32874"}],"curies":[{"name":"wp","href":"https:\/\/api.w.org\/{rel}","templated":true}]}}