{"id":32889,"date":"2025-02-02T08:28:09","date_gmt":"2025-02-02T07:28:09","guid":{"rendered":"https:\/\/www.iceagetv.com\/radiosite\/?p=32889"},"modified":"2025-02-02T08:28:13","modified_gmt":"2025-02-02T07:28:13","slug":"francois-bayrou-annonce-quil-utilisera-larticle-49-3-pour-faire-adopter-les-budgets-de-letat-et-de-la-securite-sociale","status":"publish","type":"post","link":"https:\/\/www.iceagetv.com\/radiosite\/francois-bayrou-annonce-quil-utilisera-larticle-49-3-pour-faire-adopter-les-budgets-de-letat-et-de-la-securite-sociale\/","title":{"rendered":"Fran\u00e7ois Bayrou annonce qu&rsquo;il utilisera l&rsquo;article 49-3 pour faire adopter les budgets de l&rsquo;Etat et de la S\u00e9curit\u00e9 sociale"},"content":{"rendered":"\n<p class=\"\">Un pays comme le n\u00f4tre ne peut pas rester sans budget. Le seul moyen, c&rsquo;est d&rsquo;engager la responsabilit\u00e9 du gouvernement. Ce sera fait ce lundi\u00a0\u00bb, explique le Premier ministre dans un entretien accord\u00e9 \u00e0 \u00ab\u00a0La Tribune Dimanche\u00a0\u00bb.Le Premier ministre,&nbsp;<a href=\"https:\/\/www.francetvinfo.fr\/economie\/budget\/budget-francois-bayrou-cree-les-conditions-de-sa-censure-denoncent-des-cadres-du-parti-socialiste-avant-la-commission-mixte-paritaire_7043909.html\" target=\"_blank\" rel=\"noreferrer noopener\">Fran\u00e7ois Bayrou(Nouvelle fen\u00eatre)<\/a>, a annonc\u00e9 samedi \u00e0&nbsp;<a href=\"https:\/\/www.latribune.fr\/la-tribune-dimanche\/politique\/francois-bayrou-lundi-j-engagerai-la-responsabilite-du-gouvernement-sur-le-budget-1017339.html\" target=\"_blank\" rel=\"noreferrer noopener\"><em>La Tribune Dimanche<\/em>(Nouvelle fen\u00eatre)<\/a>&nbsp;sa d\u00e9cision de faire usage de l&rsquo;article 49 alin\u00e9a 3 de la Constitution pour faire adopter par l&rsquo;Assembl\u00e9e les budgets de l&rsquo;\u00c9tat et de la S\u00e9curit\u00e9 sociale.<\/p>\n\n\n\n<p class=\"\">Les d\u00e9put\u00e9s doivent examiner lundi apr\u00e8s-midi les conclusions de la Commission mixte paritaire sur le budget de l&rsquo;\u00c9tat, qui sera l&rsquo;occasion d&rsquo;un premier 49.3. Ils passeront ensuite \u00e0 l&rsquo;examen en nouvelle lecture du budget de la S\u00e9curit\u00e9 sociale, th\u00e9oriquement jusqu&rsquo;\u00e0 vendredi, occasion d&rsquo;un deuxi\u00e8me recours \u00e0 cet article de la Constitution.&nbsp;<em>\u00ab\u00a0Un pays comme le n\u00f4tre ne peut pas rester sans budget. Le seul moyen, c&rsquo;est d&rsquo;engager la responsabilit\u00e9 du gouvernement. Ce sera fait ce lundi\u00a0\u00bb<\/em>, explique le locataire de Matignon, esp\u00e9rant que&nbsp;<em>\u00ab\u00a0dans dix jours\u00a0\u00bb<\/em>&nbsp;les deux budgets soient d\u00e9finitivement adopt\u00e9s.<\/p>\n\n\n\n<h2 class=\"wp-block-heading\">Timide soutien des R\u00e9publicains&nbsp;<\/h2>\n\n\n\n<p class=\"\">Fran\u00e7ois Bayrou a re\u00e7u un soutien sans enthousiasme de la droite, d\u00fbment repr\u00e9sent\u00e9e au gouvernement mais dont le soutien \u00e0 l&rsquo;Assembl\u00e9e&nbsp;<em>\u00ab\u00a0se d\u00e9cide texte par texte\u00a0\u00bb<\/em>, a insist\u00e9 dans le&nbsp;<em><a href=\"https:\/\/www.lejdd.fr\/politique\/exclusif-laurent-wauquiez-au-jdd-marine-le-pen-est-la-candidate-de-lassistanat-154496\" target=\"_blank\" rel=\"noreferrer noopener\">JDD(Nouvelle fen\u00eatre)<\/a><\/em>&nbsp;le patron des d\u00e9put\u00e9s LR Laurent Wauquiez. L&rsquo;\u00e9lu de Haute-Loire a rappel\u00e9 \u00eatre<em>&nbsp;\u00ab\u00a0fermement oppos\u00e9 \u00e0 de nouvelles hausses d&rsquo;imp\u00f4ts\u00a0\u00bb<\/em>&nbsp;et se dit impatient de voir l&rsquo;ex\u00e9cutif<em>&nbsp;\u00ab\u00a0passer des paroles aux actes\u00a0\u00bb&nbsp;<\/em>en mati\u00e8re de s\u00e9curit\u00e9 et d&rsquo;immigration.<\/p>\n\n\n\n<p class=\"\">D\u00e9j\u00e0 en campagne pour une nouvelle dissolution que le RN juge in\u00e9luctable, Jordan Bardella a de son c\u00f4t\u00e9 pouss\u00e9e l&rsquo;id\u00e9e d&rsquo;un r\u00e9f\u00e9rendum sur l&rsquo;immigration. Prenant au bond, lors d&rsquo;un meeting devant quelque 3&nbsp;000 personnes \u00e0 Mont\u00e9limar (Dr\u00f4me),&nbsp;<a href=\"https:\/\/www.francetvinfo.fr\/politique\/francois-bayrou\/sentiment-de-submersion-migratoire-pourquoi-francois-bayrou-est-il-accuse-de-faire-le-jeu-de-l-extreme-droite-en-reprenant-ce-terme_7043396.html\">l&rsquo;expression de<\/a><em><a href=\"https:\/\/www.francetvinfo.fr\/politique\/francois-bayrou\/sentiment-de-submersion-migratoire-pourquoi-francois-bayrou-est-il-accuse-de-faire-le-jeu-de-l-extreme-droite-en-reprenant-ce-terme_7043396.html\">&nbsp;\u00ab\u00a0submersion\u00a0\u00bb&nbsp;<\/a><\/em><a href=\"https:\/\/www.francetvinfo.fr\/politique\/francois-bayrou\/sentiment-de-submersion-migratoire-pourquoi-francois-bayrou-est-il-accuse-de-faire-le-jeu-de-l-extreme-droite-en-reprenant-ce-terme_7043396.html\">migratoire<\/a><em><a href=\"https:\/\/www.francetvinfo.fr\/politique\/francois-bayrou\/sentiment-de-submersion-migratoire-pourquoi-francois-bayrou-est-il-accuse-de-faire-le-jeu-de-l-extreme-droite-en-reprenant-ce-terme_7043396.html\"><\/a><\/em>&nbsp;<a href=\"https:\/\/www.francetvinfo.fr\/societe\/immigration\/sans-renier-le-terme-de-submersion-migratoire-francois-bayrou-invite-a-reconstruire-un-modele-d-integration_7043510.html\">employ\u00e9e<\/a>&nbsp;<a href=\"https:\/\/www.francetvinfo.fr\/replay-radio\/le-vrai-du-faux\/submersion-migratoire-quelle-est-la-realite-des-chiffres-de-l-immigration-en-france_7014878.html\">cette semaine<\/a>&nbsp;par le Premier ministre.<\/p>\n","protected":false},"excerpt":{"rendered":"<p>Un pays comme le n\u00f4tre ne peut pas rester sans budget. Le seul moyen, c&rsquo;est d&rsquo;engager la responsabilit\u00e9 du gouvernement. Ce sera fait ce lundi\u00a0\u00bb, explique le Premier ministre dans un entretien accord\u00e9 \u00e0 \u00ab\u00a0La Tribune Dimanche\u00a0\u00bb.Le Premier ministre,&nbsp;Fran\u00e7ois Bayrou(Nouvelle fen\u00eatre), a annonc\u00e9 samedi \u00e0&nbsp;La Tribune Dimanche(Nouvelle fen\u00eatre)&nbsp;sa d\u00e9cision de faire usage de l&rsquo;article 49 [&hellip;]<\/p>\n","protected":false},"author":2,"featured_media":32890,"comment_status":"open","ping_status":"open","sticky":false,"template":"","format":"standard","meta":{"_jetpack_memberships_contains_paid_content":false,"footnotes":"","jetpack_publicize_message":"","jetpack_publicize_feature_enabled":true,"jetpack_social_post_already_shared":true,"jetpack_social_options":{"image_generator_settings":{"template":"highway","enabled":true,"token":"eyJpbWciOiJodHRwczpcL1wvd3d3LmljZWFnZXR2LmNvbVwvcmFkaW9zaXRlXC93cC1jb250ZW50XC91cGxvYWRzXC8yMDI1XC8wMlwvMDgyNjQ3LnBuZyIsInR4dCI6IkZyYW5cdTAwZTdvaXMgQmF5cm91IGFubm9uY2UgcXUmIzgyMTc7aWwgdXRpbGlzZXJhIGwmIzgyMTc7YXJ0aWNsZSA0OS0zIHBvdXIgZmFpcmUgYWRvcHRlciBsZXMgYnVkZ2V0cyBkZSBsJiM4MjE3O0V0YXQgZXQgZGUgbGEgU1x1MDBlOWN1cml0XHUwMGU5IHNvY2lhbGUiLCJ0ZW1wbGF0ZSI6ImhpZ2h3YXkiLCJibG9nX2lkIjoxMTEwMTY0NjF9.OLOpnOQlJXYFPO2cooihF0bjolFfcWWKPQwcPoYEvG8MQ"},"version":2},"_wpas_customize_per_network":false},"categories":[405],"tags":[],"class_list":["post-32889","post","type-post","status-publish","format-standard","has-post-thumbnail","hentry","category-actu-france-monde"],"jetpack_publicize_connections":[],"jetpack_featured_media_url":"https:\/\/i0.wp.com\/www.iceagetv.com\/radiosite\/wp-content\/uploads\/2025\/02\/082647.png?fit=967%2C533&ssl=1","jetpack_sharing_enabled":true,"_links":{"self":[{"href":"https:\/\/www.iceagetv.com\/radiosite\/wp-json\/wp\/v2\/posts\/32889","targetHints":{"allow":["GET"]}}],"collection":[{"href":"https:\/\/www.iceagetv.com\/radiosite\/wp-json\/wp\/v2\/posts"}],"about":[{"href":"https:\/\/www.iceagetv.com\/radiosite\/wp-json\/wp\/v2\/types\/post"}],"author":[{"embeddable":true,"href":"https:\/\/www.iceagetv.com\/radiosite\/wp-json\/wp\/v2\/users\/2"}],"replies":[{"embeddable":true,"href":"https:\/\/www.iceagetv.com\/radiosite\/wp-json\/wp\/v2\/comments?post=32889"}],"version-history":[{"count":1,"href":"https:\/\/www.iceagetv.com\/radiosite\/wp-json\/wp\/v2\/posts\/32889\/revisions"}],"predecessor-version":[{"id":32891,"href":"https:\/\/www.iceagetv.com\/radiosite\/wp-json\/wp\/v2\/posts\/32889\/revisions\/32891"}],"wp:featuredmedia":[{"embeddable":true,"href":"https:\/\/www.iceagetv.com\/radiosite\/wp-json\/wp\/v2\/media\/32890"}],"wp:attachment":[{"href":"https:\/\/www.iceagetv.com\/radiosite\/wp-json\/wp\/v2\/media?parent=32889"}],"wp:term":[{"taxonomy":"category","embeddable":true,"href":"https:\/\/www.iceagetv.com\/radiosite\/wp-json\/wp\/v2\/categories?post=32889"},{"taxonomy":"post_tag","embeddable":true,"href":"https:\/\/www.iceagetv.com\/radiosite\/wp-json\/wp\/v2\/tags?post=32889"}],"curies":[{"name":"wp","href":"https:\/\/api.w.org\/{rel}","templated":true}]}}